{"id":16317,"date":"2022-01-19T11:43:56","date_gmt":"2022-01-19T08:43:56","guid":{"rendered":"https:\/\/dia.edu.az\/?p=16317"},"modified":"2022-01-19T11:57:39","modified_gmt":"2022-01-19T08:57:39","slug":"20-yanvarda-az%c9%99rbaycan-xalqina-qarsi-h%c9%99yata-keciril%c9%99n-terror-akti-insanliga-qarsi-tor%c9%99dilmis-%c9%99n-agir-cinay%c9%99tdir","status":"publish","type":"post","link":"https:\/\/legacy.dia.edu.az\/ru\/arxivl\u0259r\/16317","title":{"rendered":"20 Yanvarda Az\u0259rbaycan xalq\u0131na qar\u015f\u0131 h\u0259yata ke\u00e7iril\u0259n terror akt\u0131 insanl\u0131\u011fa qar\u015f\u0131 t\u00f6r\u0259dilmi\u015f \u0259n a\u011f\u0131r cinay\u0259tdir"},"content":{"rendered":"<div data-elementor-type=\"wp-post\" data-elementor-id=\"16317\" class=\"elementor elementor-16317\" data-elementor-settings=\"[]\">\n\t\t\t\t\t\t<div class=\"elementor-inner\">\n\t\t\t\t\t\t\t<div class=\"elementor-section-wrap\">\n\t\t\t\t\t\t\t<section class=\"elementor-section elementor-top-section elementor-element elementor-element-3c72c20 elementor-section-boxed elementor-section-height-default elementor-section-height-default\" data-id=\"3c72c20\" data-element_type=\"section\">\n\t\t\t\t\t\t<div class=\"elementor-container elementor-column-gap-default\">\n\t\t\t\t\t\t\t<div class=\"elementor-row\">\n\t\t\t\t\t<div class=\"elementor-column elementor-col-100 elementor-top-column elementor-element elementor-element-7c6ca04\" data-id=\"7c6ca04\" data-element_type=\"column\">\n\t\t\t<div class=\"elementor-column-wrap elementor-element-populated\">\n\t\t\t\t\t\t\t<div class=\"elementor-widget-wrap\">\n\t\t\t\t\t\t<div class=\"elementor-element elementor-element-9cde8d0 elementor-widget elementor-widget-text-editor\" data-id=\"9cde8d0\" data-element_type=\"widget\" data-widget_type=\"text-editor.default\">\n\t\t\t\t<div class=\"elementor-widget-container\">\n\t\t\t\t\t\t\t\t<div class=\"elementor-text-editor elementor-clearfix\">\n\t\t\t\t\t20 Yanvarda Az\u0259rbaycan xalq\u0131na qar\u015f\u0131 h\u0259yata ke\u00e7iril\u0259n terror akt\u0131 insanl\u0131\u011fa qar\u015f\u0131 t\u00f6r\u0259dilmi\u015f \u0259n a\u011f\u0131r cinay\u0259tdir\t\t\t\t\t<\/div>\n\t\t\t\t\t\t<\/div>\n\t\t\t\t<\/div>\n\t\t\t\t\t\t<\/div>\n\t\t\t\t\t<\/div>\n\t\t<\/div>\n\t\t\t\t\t\t\t\t<\/div>\n\t\t\t\t\t<\/div>\n\t\t<\/section>\n\t\t\t\t<section class=\"elementor-section elementor-top-section elementor-element elementor-element-69f59b8 elementor-section-boxed elementor-section-height-default elementor-section-height-default\" data-id=\"69f59b8\" data-element_type=\"section\">\n\t\t\t\t\t\t<div class=\"elementor-container elementor-column-gap-default\">\n\t\t\t\t\t\t\t<div class=\"elementor-row\">\n\t\t\t\t\t<div class=\"elementor-column elementor-col-100 elementor-top-column elementor-element elementor-element-0d0d379\" data-id=\"0d0d379\" data-element_type=\"column\">\n\t\t\t<div class=\"elementor-column-wrap elementor-element-populated\">\n\t\t\t\t\t\t\t<div class=\"elementor-widget-wrap\">\n\t\t\t\t\t\t<div class=\"elementor-element elementor-element-9f71de7 elementor-widget elementor-widget-text-editor\" data-id=\"9f71de7\" data-element_type=\"widget\" data-widget_type=\"text-editor.default\">\n\t\t\t\t<div class=\"elementor-widget-container\">\n\t\t\t\t\t\t\t\t<div class=\"elementor-text-editor elementor-clearfix\">\n\t\t\t\t\t<p style=\"text-align: justify;\">Az\u0259rbaycan Respublikas\u0131n\u0131n Prezidenti yan\u0131nda D&ouml;vl\u0259t \u0130dar\u0259&ccedil;ilik Akademiyas\u0131nda&nbsp; 20 Yanvar faci\u0259sin\u0259 h\u0259sr edilmi\u015f elmi konfrans ke&ccedil;irilib.<\/p>\n<p style=\"text-align: justify;\">T\u0259dbird\u0259 D\u0130A-n\u0131n rektoru akademik Urxan \u018fl\u0259kb\u0259rov 20 Yanvar faci\u0259sinin tariximizin h\u0259m qanl\u0131, h\u0259m d\u0259 q\u0259hr\u0259manl\u0131q s\u0259hif\u0259si oldu\u011funu deyib. Rektor qeyd edib ki, ke&ccedil;mi\u015f sovet imperiyas\u0131 ordusunun 1990-c\u0131 il yanvar\u0131n 19-dan 20-n\u0259 ke&ccedil;\u0259n gec\u0259 Az\u0259rbaycan xalq\u0131na qar\u015f\u0131 h\u0259yata ke&ccedil;irdiyi terror akt\u0131 insanl\u0131\u011fa qar\u015f\u0131 t&ouml;r\u0259dilmi\u015f \u0259n a\u011f\u0131r cinay\u0259tdir.<\/p>\n<p style=\"text-align: justify;\">Akademik U.\u018fl\u0259kb\u0259rov faci\u0259nin xalq\u0131m\u0131z\u0131n qan yadda\u015f\u0131ndan he&ccedil; vaxt silinm\u0259y\u0259c\u0259yini s&ouml;yl\u0259yib.<\/p>\n<p style=\"text-align: justify;\">Rektor faci\u0259d\u0259n d\u0259rhal sonra &ndash; 1990-c\u0131 il yanvar\u0131n 21-d\u0259 &uuml;mummilli lider Heyd\u0259r \u018fliyevin ail\u0259 &uuml;zvl\u0259ri il\u0259 birlikd\u0259 Az\u0259rbaycan\u0131n Moskvadak\u0131 daimi n&uuml;may\u0259nd\u0259liyin\u0259 ged\u0259r\u0259k ke&ccedil;irdiyi m\u0259tbuat konfrans\u0131nda k\u0259skin b\u0259yanatla &ccedil;\u0131x\u0131\u015f etdiyini, Bak\u0131da t&ouml;r\u0259dil\u0259n q\u0131r\u011f\u0131nlar\u0131n t\u0259\u015fkilat&ccedil;\u0131lar\u0131n\u0131 cinay\u0259tkar adland\u0131rd\u0131\u011f\u0131n\u0131, g&uuml;nahkarlar\u0131n c\u0259zaland\u0131r\u0131lmas\u0131n\u0131 q\u0259tiyy\u0259tl\u0259 t\u0259l\u0259b etdiyini xat\u0131rlad\u0131b.<\/p>\n<p style=\"text-align: justify;\">Vur\u011fulan\u0131b ki, Ulu &Ouml;nd\u0259rin Az\u0259rbaycanda hakimiyy\u0259t\u0259 qay\u0131d\u0131\u015f\u0131ndan sonra 20 Yanvar faci\u0259sin\u0259 siyasi v\u0259 h&uuml;quqi qiym\u0259t verilib.<\/p>\n<p style=\"text-align: justify;\">U.\u018fl\u0259kb\u0259rov Prezident \u0130lham \u018fliyevin 20 Yanvar \u015f\u0259hidl\u0259rinin ail\u0259l\u0259rinin sosial m\u0259s\u0259l\u0259l\u0259rinin h\u0259llin\u0259 daim x&uuml;susi diqq\u0259t g&ouml;st\u0259rdiyini bildirib.<\/p>\n<p style=\"text-align: justify;\">Konfransda Milli M\u0259clisin &uuml;zv&uuml;, D&ouml;vl\u0259t \u0130dar\u0259&ccedil;ilik Akademiyas\u0131n\u0131n Beyn\u0259lxalq m&uuml;nasib\u0259tl\u0259r v\u0259 xarici siyas\u0259t kafedras\u0131n\u0131n professoru Elman N\u0259sirov, H&uuml;quq kafedras\u0131n\u0131n m&uuml;diri professor \u0130saxan V\u0259liyev, Sosial m\u0259s\u0259l\u0259l\u0259r, t\u0259\u015fkilati i\u015fl\u0259r v\u0259 t\u0259lim-t\u0259rbiy\u0259 &uuml;zr\u0259 m&uuml;\u015favir Zaur M\u0259mm\u0259dov, Tarix kafedras\u0131n\u0131n professoru Musa Quliyev v\u0259 dig\u0259rl\u0259ri 20 Yanvar hadis\u0259l\u0259rinin d\u0259h\u015f\u0259tl\u0259rind\u0259n b\u0259hs edib, xalq\u0131m\u0131z\u0131n bu faci\u0259ni he&ccedil; vaxt unutmayaca\u011f\u0131n\u0131, \u015f\u0259hidl\u0259rin xatir\u0259sinin daim uca tutulaca\u011f\u0131n\u0131 s&ouml;yl\u0259yibl\u0259r.<\/p>\t\t\t\t\t<\/div>\n\t\t\t\t\t\t<\/div>\n\t\t\t\t<\/div>\n\t\t\t\t\t\t<\/div>\n\t\t\t\t\t<\/div>\n\t\t<\/div>\n\t\t\t\t\t\t\t\t<\/div>\n\t\t\t\t\t<\/div>\n\t\t<\/section>\n\t\t\t\t\t\t<\/div>\n\t\t\t\t\t\t<\/div>\n\t\t\t\t\t<\/div>","protected":false},"excerpt":{"rendered":"<p>20 Yanvarda Az\u0259rbaycan xalq\u0131na qar\u015f\u0131 h\u0259yata ke\u00e7iril\u0259n terror akt\u0131 insanl\u0131\u011fa qar\u015f\u0131 t\u00f6r\u0259dilmi\u015f \u0259n a\u011f\u0131r cinay\u0259tdir Az\u0259rbaycan Respublikas\u0131n\u0131n Prezidenti yan\u0131nda D&ouml;vl\u0259t \u0130dar\u0259&ccedil;ilik Akademiyas\u0131nda&nbsp; 20 Yanvar faci\u0259sin\u0259 h\u0259sr edilmi\u015f elmi konfrans ke&ccedil;irilib. T\u0259dbird\u0259 D\u0130A-n\u0131n rektoru akademik Urxan \u018fl\u0259kb\u0259rov 20 Yanvar faci\u0259sinin tariximizin h\u0259m qanl\u0131, h\u0259m d\u0259 q\u0259hr\u0259manl\u0131q s\u0259hif\u0259si oldu\u011funu deyib. Rektor qeyd edib ki, ke&ccedil;mi\u015f sovet imperiyas\u0131 [&hellip;]<\/p>","protected":false},"author":2,"featured_media":16325,"comment_status":"closed","ping_status":"closed","sticky":false,"template":"","format":"standard","meta":[],"categories":[137],"tags":[],"_links":{"self":[{"href":"https:\/\/legacy.dia.edu.az\/ru\/wp-json\/wp\/v2\/posts\/16317"}],"collection":[{"href":"https:\/\/legacy.dia.edu.az\/ru\/wp-json\/wp\/v2\/posts"}],"about":[{"href":"https:\/\/legacy.dia.edu.az\/ru\/wp-json\/wp\/v2\/types\/post"}],"author":[{"embeddable":true,"href":"https:\/\/legacy.dia.edu.az\/ru\/wp-json\/wp\/v2\/users\/2"}],"replies":[{"embeddable":true,"href":"https:\/\/legacy.dia.edu.az\/ru\/wp-json\/wp\/v2\/comments?post=16317"}],"version-history":[{"count":14,"href":"https:\/\/legacy.dia.edu.az\/ru\/wp-json\/wp\/v2\/posts\/16317\/revisions"}],"predecessor-version":[{"id":16332,"href":"https:\/\/legacy.dia.edu.az\/ru\/wp-json\/wp\/v2\/posts\/16317\/revisions\/16332"}],"wp:featuredmedia":[{"embeddable":true,"href":"https:\/\/legacy.dia.edu.az\/ru\/wp-json\/wp\/v2\/media\/16325"}],"wp:attachment":[{"href":"https:\/\/legacy.dia.edu.az\/ru\/wp-json\/wp\/v2\/media?parent=16317"}],"wp:term":[{"taxonomy":"category","embeddable":true,"href":"https:\/\/legacy.dia.edu.az\/ru\/wp-json\/wp\/v2\/categories?post=16317"},{"taxonomy":"post_tag","embeddable":true,"href":"https:\/\/legacy.dia.edu.az\/ru\/wp-json\/wp\/v2\/tags?post=16317"}],"curies":[{"name":"wp","href":"https:\/\/api.w.org\/{rel}","templated":true}]}}