{"id":15871,"date":"2021-12-22T22:51:38","date_gmt":"2021-12-22T19:51:38","guid":{"rendered":"https:\/\/dia.edu.az\/?p=15871"},"modified":"2021-12-22T22:55:20","modified_gmt":"2021-12-22T19:55:20","slug":"dia-nin-muellimi-mdb-debutl%c9%99r-birliyi-mukafatinin-2021-ci-il-uzr%c9%99-laureati-olub","status":"publish","type":"post","link":"https:\/\/legacy.dia.edu.az\/ru\/arxivl\u0259r\/15871","title":{"rendered":"D\u0130A- n\u0131n m\u00fcellimi MDB &#8220;Deb\u00fctl\u0259r Birliyi&#8221; m\u00fckafat\u0131n\u0131n\u00a0 2021-ci il \u00fczr\u0259 laureat\u0131 olub"},"content":{"rendered":"<div data-elementor-type=\"wp-post\" data-elementor-id=\"15871\" class=\"elementor elementor-15871\" data-elementor-settings=\"[]\">\n\t\t\t\t\t\t<div class=\"elementor-inner\">\n\t\t\t\t\t\t\t<div class=\"elementor-section-wrap\">\n\t\t\t\t\t\t\t<section class=\"elementor-section elementor-top-section elementor-element elementor-element-182a2a1 elementor-section-boxed elementor-section-height-default elementor-section-height-default\" data-id=\"182a2a1\" data-element_type=\"section\">\n\t\t\t\t\t\t<div class=\"elementor-container elementor-column-gap-default\">\n\t\t\t\t\t\t\t<div class=\"elementor-row\">\n\t\t\t\t\t<div class=\"elementor-column elementor-col-100 elementor-top-column elementor-element elementor-element-0f68d70\" data-id=\"0f68d70\" data-element_type=\"column\">\n\t\t\t<div class=\"elementor-column-wrap elementor-element-populated\">\n\t\t\t\t\t\t\t<div class=\"elementor-widget-wrap\">\n\t\t\t\t\t\t<div class=\"elementor-element elementor-element-743aa1d elementor-widget elementor-widget-text-editor\" data-id=\"743aa1d\" data-element_type=\"widget\" data-widget_type=\"text-editor.default\">\n\t\t\t\t<div class=\"elementor-widget-container\">\n\t\t\t\t\t\t\t\t<div class=\"elementor-text-editor elementor-clearfix\">\n\t\t\t\t\tD\u0130A- n\u0131n m\u00fcellimi MDB &#8220;Deb\u00fctl\u0259r Birliyi&#8221; m\u00fckafat\u0131n\u0131n\u00a0 2021-ci il \u00fczr\u0259 laureat\u0131 olub\t\t\t\t\t<\/div>\n\t\t\t\t\t\t<\/div>\n\t\t\t\t<\/div>\n\t\t\t\t\t\t<\/div>\n\t\t\t\t\t<\/div>\n\t\t<\/div>\n\t\t\t\t\t\t\t\t<\/div>\n\t\t\t\t\t<\/div>\n\t\t<\/section>\n\t\t\t\t<section class=\"elementor-section elementor-top-section elementor-element elementor-element-b343476 elementor-section-boxed elementor-section-height-default elementor-section-height-default\" data-id=\"b343476\" data-element_type=\"section\">\n\t\t\t\t\t\t<div class=\"elementor-container elementor-column-gap-default\">\n\t\t\t\t\t\t\t<div class=\"elementor-row\">\n\t\t\t\t\t<div class=\"elementor-column elementor-col-100 elementor-top-column elementor-element elementor-element-c53a905\" data-id=\"c53a905\" data-element_type=\"column\">\n\t\t\t<div class=\"elementor-column-wrap elementor-element-populated\">\n\t\t\t\t\t\t\t<div class=\"elementor-widget-wrap\">\n\t\t\t\t\t\t<div class=\"elementor-element elementor-element-70d195d elementor-widget elementor-widget-text-editor\" data-id=\"70d195d\" data-element_type=\"widget\" data-widget_type=\"text-editor.default\">\n\t\t\t\t<div class=\"elementor-widget-container\">\n\t\t\t\t\t\t\t\t<div class=\"elementor-text-editor elementor-clearfix\">\n\t\t\t\t\t<p style=\"text-align: justify;\">&nbsp;<\/p>\n<p style=\"text-align: justify;\">Dekabr\u0131n 21- d\u0259&nbsp; Moskvada M&uuml;st\u0259qil D&ouml;vl\u0259tl\u0259r Birliyi (MDB) v\u0259 D&ouml;vl\u0259tl\u0259raras\u0131 Humanitar \u018fm\u0259kda\u015fl\u0131q Fondu (DH\u018fF) t\u0259r\u0259find\u0259n t\u0259sis edilmi\u015f &ldquo;Birliyin ulduzlar\u0131&rdquo; v\u0259 &nbsp;&ldquo;Deb&uuml;tl\u0259r Birliyi&rdquo; m&uuml;kafat\u0131n\u0131n t\u0259qdimat m\u0259rasimi olub. MDB D&ouml;vl\u0259tl\u0259raras\u0131 Humanitar \u018fm\u0259kda\u015fl\u0131q Fondunun t\u0259sis etdiyi m&uuml;kafat &uuml;zr\u0259 h\u0259r 10&nbsp; &ouml;lk\u0259nin h\u0259r birind\u0259n qalib m&uuml;\u0259yy\u0259nl\u0259\u015fib.<\/p>\n<p style=\"text-align: justify;\">M\u0259rasimind\u0259 MDB &ouml;lk\u0259l\u0259rinin D&ouml;vl\u0259tl\u0259raras\u0131 Humanitar \u018fm\u0259kda\u015fl\u0131q Fondunun idar\u0259 hey\u0259tinin s\u0259dri, Az\u0259rbaycan\u0131n Rusiya Federasiyas\u0131ndak\u0131 s\u0259firi Polad B&uuml;lb&uuml;lo\u011flu, Rusiya Prezidentinin beyn\u0259lxalq m\u0259d\u0259ni \u0259m\u0259kda\u015fl\u0131q &uuml;zr\u0259 x&uuml;susi n&uuml;may\u0259nd\u0259si Mixail \u015ev\u0131dkoy v\u0259 D&ouml;vl\u0259tl\u0259raras\u0131 Humanitar \u018fm\u0259kda\u015fl\u0131q Fondunun icra&ccedil;\u0131 direktoru Anatoli \u0130ksanov &ccedil;\u0131x\u0131\u015f edib, laureatlar\u0131 t\u0259brik edibl\u0259r. <br \/>&#8220;Deb&uuml;tl\u0259r Birliyi&#8221; 2021 -in &ouml;lk\u0259mizd\u0259n laureat\u0131 D&ouml;vl\u0259t \u0130dar\u0259&ccedil;ilik Akademiyas\u0131n\u0131n m&uuml;\u0259llimi Zaur M\u0259mm\u0259dov se&ccedil;ilib.<\/p>\t\t\t\t\t<\/div>\n\t\t\t\t\t\t<\/div>\n\t\t\t\t<\/div>\n\t\t\t\t\t\t<\/div>\n\t\t\t\t\t<\/div>\n\t\t<\/div>\n\t\t\t\t\t\t\t\t<\/div>\n\t\t\t\t\t<\/div>\n\t\t<\/section>\n\t\t\t\t<section class=\"elementor-section elementor-top-section elementor-element elementor-element-a3cf382 elementor-section-boxed elementor-section-height-default elementor-section-height-default\" data-id=\"a3cf382\" data-element_type=\"section\">\n\t\t\t\t\t\t<div class=\"elementor-container elementor-column-gap-default\">\n\t\t\t\t\t\t\t<div class=\"elementor-row\">\n\t\t\t\t\t<div class=\"elementor-column elementor-col-100 elementor-top-column elementor-element elementor-element-a0a0a71\" data-id=\"a0a0a71\" data-element_type=\"column\">\n\t\t\t<div class=\"elementor-column-wrap\">\n\t\t\t\t\t\t\t<div class=\"elementor-widget-wrap\">\n\t\t\t\t\t\t\t\t<\/div>\n\t\t\t\t\t<\/div>\n\t\t<\/div>\n\t\t\t\t\t\t\t\t<\/div>\n\t\t\t\t\t<\/div>\n\t\t<\/section>\n\t\t\t\t\t\t<\/div>\n\t\t\t\t\t\t<\/div>\n\t\t\t\t\t<\/div>","protected":false},"excerpt":{"rendered":"<p>D\u0130A- n\u0131n m\u00fcellimi MDB &#8220;Deb\u00fctl\u0259r Birliyi&#8221; m\u00fckafat\u0131n\u0131n&nbsp; 2021-ci il \u00fczr\u0259 laureat\u0131 olub &nbsp; Dekabr\u0131n 21- d\u0259&nbsp; Moskvada M\u00fcst\u0259qil D\u00f6vl\u0259tl\u0259r Birliyi (MDB) v\u0259 D\u00f6vl\u0259tl\u0259raras\u0131 Humanitar \u018fm\u0259kda\u015fl\u0131q Fondu (DH\u018fF) t\u0259r\u0259find\u0259n t\u0259sis edilmi\u015f \u201cBirliyin ulduzlar\u0131\u201d v\u0259 &nbsp;\u201cDeb\u00fctl\u0259r Birliyi\u201d m\u00fckafat\u0131n\u0131n t\u0259qdimat m\u0259rasimi olub. MDB D\u00f6vl\u0259tl\u0259raras\u0131 Humanitar \u018fm\u0259kda\u015fl\u0131q Fondunun t\u0259sis etdiyi m\u00fckafat \u00fczr\u0259 h\u0259r 10&nbsp; \u00f6lk\u0259nin h\u0259r birind\u0259n qalib m\u00fc\u0259yy\u0259nl\u0259\u015fib. [&hellip;]<\/p>","protected":false},"author":2,"featured_media":15879,"comment_status":"closed","ping_status":"closed","sticky":false,"template":"","format":"standard","meta":[],"categories":[137],"tags":[],"_links":{"self":[{"href":"https:\/\/legacy.dia.edu.az\/ru\/wp-json\/wp\/v2\/posts\/15871"}],"collection":[{"href":"https:\/\/legacy.dia.edu.az\/ru\/wp-json\/wp\/v2\/posts"}],"about":[{"href":"https:\/\/legacy.dia.edu.az\/ru\/wp-json\/wp\/v2\/types\/post"}],"author":[{"embeddable":true,"href":"https:\/\/legacy.dia.edu.az\/ru\/wp-json\/wp\/v2\/users\/2"}],"replies":[{"embeddable":true,"href":"https:\/\/legacy.dia.edu.az\/ru\/wp-json\/wp\/v2\/comments?post=15871"}],"version-history":[{"count":11,"href":"https:\/\/legacy.dia.edu.az\/ru\/wp-json\/wp\/v2\/posts\/15871\/revisions"}],"predecessor-version":[{"id":15883,"href":"https:\/\/legacy.dia.edu.az\/ru\/wp-json\/wp\/v2\/posts\/15871\/revisions\/15883"}],"wp:featuredmedia":[{"embeddable":true,"href":"https:\/\/legacy.dia.edu.az\/ru\/wp-json\/wp\/v2\/media\/15879"}],"wp:attachment":[{"href":"https:\/\/legacy.dia.edu.az\/ru\/wp-json\/wp\/v2\/media?parent=15871"}],"wp:term":[{"taxonomy":"category","embeddable":true,"href":"https:\/\/legacy.dia.edu.az\/ru\/wp-json\/wp\/v2\/categories?post=15871"},{"taxonomy":"post_tag","embeddable":true,"href":"https:\/\/legacy.dia.edu.az\/ru\/wp-json\/wp\/v2\/tags?post=15871"}],"curies":[{"name":"wp","href":"https:\/\/api.w.org\/{rel}","templated":true}]}}