{"id":15673,"date":"2021-12-02T19:54:14","date_gmt":"2021-12-02T16:54:14","guid":{"rendered":"https:\/\/dia.edu.az\/?p=15673"},"modified":"2021-12-02T20:01:21","modified_gmt":"2021-12-02T17:01:21","slug":"dovl%c9%99t-idar%c9%99cilik-akademiyasinda-novb%c9%99ti-t%c9%99lim-kecirilib","status":"publish","type":"post","link":"https:\/\/legacy.dia.edu.az\/ru\/arxivl\u0259r\/15673","title":{"rendered":"D\u00f6vl\u0259t \u0130dar\u0259\u00e7ilik Akademiyas\u0131nda n\u00f6vb\u0259ti t\u0259lim ke\u00e7irilib"},"content":{"rendered":"<div data-elementor-type=\"wp-post\" data-elementor-id=\"15673\" class=\"elementor elementor-15673\" data-elementor-settings=\"[]\">\n\t\t\t\t\t\t<div class=\"elementor-inner\">\n\t\t\t\t\t\t\t<div class=\"elementor-section-wrap\">\n\t\t\t\t\t\t\t<section class=\"elementor-section elementor-top-section elementor-element elementor-element-a866fe2 elementor-section-boxed elementor-section-height-default elementor-section-height-default\" data-id=\"a866fe2\" data-element_type=\"section\">\n\t\t\t\t\t\t<div class=\"elementor-container elementor-column-gap-default\">\n\t\t\t\t\t\t\t<div class=\"elementor-row\">\n\t\t\t\t\t<div class=\"elementor-column elementor-col-100 elementor-top-column elementor-element elementor-element-e10b2f6\" data-id=\"e10b2f6\" data-element_type=\"column\">\n\t\t\t<div class=\"elementor-column-wrap elementor-element-populated\">\n\t\t\t\t\t\t\t<div class=\"elementor-widget-wrap\">\n\t\t\t\t\t\t<div class=\"elementor-element elementor-element-6e2ef79 elementor-widget elementor-widget-text-editor\" data-id=\"6e2ef79\" data-element_type=\"widget\" data-widget_type=\"text-editor.default\">\n\t\t\t\t<div class=\"elementor-widget-container\">\n\t\t\t\t\t\t\t\t<div class=\"elementor-text-editor elementor-clearfix\">\n\t\t\t\t\tD\u00f6vl\u0259t\u00a0 \u00a0 \u0130dar\u0259\u00e7ilik\u00a0 \u00a0 \u00a0Akademiyas\u0131nda\u00a0 \u00a0 \u00a0n\u00f6vb\u0259ti\u00a0 \u00a0 \u00a0t\u0259lim\u00a0 \u00a0 \u00a0ke\u00e7irilib<\/p>\t\t\t\t\t<\/div>\n\t\t\t\t\t\t<\/div>\n\t\t\t\t<\/div>\n\t\t\t\t\t\t<\/div>\n\t\t\t\t\t<\/div>\n\t\t<\/div>\n\t\t\t\t\t\t\t\t<\/div>\n\t\t\t\t\t<\/div>\n\t\t<\/section>\n\t\t\t\t<section class=\"elementor-section elementor-top-section elementor-element elementor-element-c057053 elementor-section-boxed elementor-section-height-default elementor-section-height-default\" data-id=\"c057053\" data-element_type=\"section\">\n\t\t\t\t\t\t<div class=\"elementor-container elementor-column-gap-default\">\n\t\t\t\t\t\t\t<div class=\"elementor-row\">\n\t\t\t\t\t<div class=\"elementor-column elementor-col-100 elementor-top-column elementor-element elementor-element-f48fff8\" data-id=\"f48fff8\" data-element_type=\"column\">\n\t\t\t<div class=\"elementor-column-wrap elementor-element-populated\">\n\t\t\t\t\t\t\t<div class=\"elementor-widget-wrap\">\n\t\t\t\t\t\t<div class=\"elementor-element elementor-element-33b3e66 elementor-widget elementor-widget-text-editor\" data-id=\"33b3e66\" data-element_type=\"widget\" data-widget_type=\"text-editor.default\">\n\t\t\t\t<div class=\"elementor-widget-container\">\n\t\t\t\t\t\t\t\t<div class=\"elementor-text-editor elementor-clearfix\">\n\t\t\t\t\t<p style=\"text-align: justify;\">Prezidenti \u0130lham \u018fliyevin 2017-ci il 22 sentyabr tarixli F\u0259rman\u0131na \u0259sas\u0259n Az\u0259rbaycan Respublikas\u0131n\u0131n Prezidenti yan\u0131nda D&ouml;vl\u0259t \u0130dar\u0259&ccedil;ilik Akademiyas\u0131 (D\u0130A) d&ouml;vl\u0259t idar\u0259&ccedil;iliyi v\u0259 icra hakimiyy\u0259ti orqanlar\u0131 &uuml;&ccedil;&uuml;n m&uuml;vafiq ixtisaslar &uuml;zr\u0259 m&uuml;t\u0259x\u0259ssis haz\u0131rl\u0131\u011f\u0131n\u0131 v\u0259 \u0259lav\u0259 t\u0259hsili h\u0259yata ke&ccedil;ir\u0259n apar\u0131c\u0131 t\u0259dris, metodik, elm v\u0259 analitik informasiya m\u0259rk\u0259zi kimi m&uuml;\u0259yy\u0259nl\u0259\u015fdirilib. Bununla \u0259laq\u0259dar olaraq dekabr\u0131n 1-d\u0259 ali t\u0259hsil oca\u011f\u0131nda onlayn formada &ldquo;Prezident \u0130lham \u018fliyevin innovativ idar\u0259&ccedil;ilik texnologiyalar\u0131 v\u0259 Az\u0259rbaycan Respublikas\u0131n\u0131n siyasi, iqtisadi, h\u0259rbi u\u011furlar\u0131&rdquo; adl\u0131 n&ouml;vb\u0259ti t\u0259lim t\u0259\u015fkil edilib.<\/p>\n<p style=\"text-align: justify;\">Yerli icra hakimiyy\u0259tl\u0259rinin &ldquo;Sosial-iqtisadi inki\u015faf\u0131n t\u0259hlili v\u0259 proqnozla\u015fd\u0131r\u0131lmas\u0131 \u015f&ouml;b\u0259si&rdquo;nin r\u0259hb\u0259rl\u0259ri v\u0259 \u0259m\u0259kda\u015flar\u0131 &uuml;&ccedil;&uuml;n ilk m&uuml;hazir\u0259ni D&ouml;vl\u0259t \u0130dar\u0259&ccedil;ilik Akademiyas\u0131n\u0131n rektoru akademik Urxan \u018fl\u0259kb\u0259rov t\u0259qdim edib. Akademik Urxan \u018fl\u0259kb\u0259rov i\u015f\u011faldan azad olunmu\u015f \u0259razil\u0259rd\u0259 apar\u0131lan quruculuq i\u015fl\u0259rind\u0259n, &ouml;lk\u0259mizin m&uuml;st\u0259qillik \u0259ld\u0259 etdikd\u0259n bu g&uuml;n\u0259d\u0259k qazan\u0131lan siyasi, iqtisadi, h\u0259rbi u\u011furlar\u0131ndan, prioritetl\u0259rind\u0259n, inkl&uuml;ziv inki\u015faf\u0131n idar\u0259edilm\u0259si sah\u0259sind\u0259ki nailiyy\u0259tl\u0259r bar\u0259d\u0259 geni\u015f &ccedil;\u0131x\u0131\u015f edib.<\/p>\n<p style=\"text-align: justify;\">Rektor son 15 ild\u0259 &ouml;lk\u0259d\u0259 adamba\u015f\u0131na d&uuml;\u015f\u0259n g\u0259lirl\u0259rin artmas\u0131, iqtisadi dir&ccedil;\u0259li\u015f\u0259 nail olunmas\u0131 d&ouml;vl\u0259t s\u0259viyy\u0259sind\u0259 elm, t\u0259hsil v\u0259 s\u0259hiyy\u0259nin inki\u015faf\u0131 &uuml;&ccedil;&uuml;n geni\u015f \u015f\u0259rait yarad\u0131ld\u0131\u011f\u0131n\u0131 diqq\u0259t\u0259 &ccedil;atd\u0131r\u0131b. O, apar\u0131lan elmi t\u0259hlill\u0259r \u0259sas\u0131nda &ouml;lk\u0259mizin qazand\u0131\u011f\u0131 u\u011furlar\u0131n \u0259sas\u0131nda Prezident \u0130lham \u018fliyev t\u0259r\u0259find\u0259n haz\u0131rlanm\u0131\u015f, n\u0259z\u0259ri \u0259saslar\u0131 v\u0259 t\u0259tbiq &uuml;sullar\u0131 yeni olan innovativ idar\u0259etm\u0259 texnologiyalar\u0131n\u0131n dayand\u0131\u011f\u0131n\u0131 vur\u011fulay\u0131b.<\/p>\n<p style=\"text-align: justify;\">T\u0259lim fikir m&uuml;badil\u0259si il\u0259 davam edib v\u0259 u\u011furla ba\u015fa &ccedil;at\u0131b.<\/p>\t\t\t\t\t<\/div>\n\t\t\t\t\t\t<\/div>\n\t\t\t\t<\/div>\n\t\t\t\t\t\t<\/div>\n\t\t\t\t\t<\/div>\n\t\t<\/div>\n\t\t\t\t\t\t\t\t<\/div>\n\t\t\t\t\t<\/div>\n\t\t<\/section>\n\t\t\t\t<section class=\"elementor-section elementor-top-section elementor-element elementor-element-ea7d3cf elementor-section-boxed elementor-section-height-default elementor-section-height-default\" data-id=\"ea7d3cf\" data-element_type=\"section\">\n\t\t\t\t\t\t<div class=\"elementor-container elementor-column-gap-default\">\n\t\t\t\t\t\t\t<div class=\"elementor-row\">\n\t\t\t\t\t<div class=\"elementor-column elementor-col-50 elementor-top-column elementor-element elementor-element-dcc0af0\" data-id=\"dcc0af0\" data-element_type=\"column\">\n\t\t\t<div class=\"elementor-column-wrap elementor-element-populated\">\n\t\t\t\t\t\t\t<div class=\"elementor-widget-wrap\">\n\t\t\t\t\t\t<div class=\"elementor-element elementor-element-9ada3f0 elementor-widget elementor-widget-image\" data-id=\"9ada3f0\" data-element_type=\"widget\" data-widget_type=\"image.default\">\n\t\t\t\t<div class=\"elementor-widget-container\">\n\t\t\t\t\t\t\t\t<div class=\"elementor-image\">\n\t\t\t\t\t\t\t\t\t\t\t\t<img width=\"450\" height=\"180\" src=\"https:\/\/legacy.dia.edu.az\/wp-content\/uploads\/2021\/12\/100-450x180.jpg\" class=\"attachment-large size-large\" alt=\"\" srcset=\"https:\/\/legacy.dia.edu.az\/wp-content\/uploads\/2021\/12\/100-450x180.jpg 450w, https:\/\/legacy.dia.edu.az\/wp-content\/uploads\/2021\/12\/100-200x80.jpg 200w, https:\/\/legacy.dia.edu.az\/wp-content\/uploads\/2021\/12\/100-768x306.jpg 768w, https:\/\/legacy.dia.edu.az\/wp-content\/uploads\/2021\/12\/100-16x6.jpg 16w, https:\/\/legacy.dia.edu.az\/wp-content\/uploads\/2021\/12\/100.jpg 1000w\" sizes=\"(max-width: 450px) 100vw, 450px\" \/>\t\t\t\t\t\t\t\t\t\t\t\t\t\t<\/div>\n\t\t\t\t\t\t<\/div>\n\t\t\t\t<\/div>\n\t\t\t\t\t\t<\/div>\n\t\t\t\t\t<\/div>\n\t\t<\/div>\n\t\t\t\t<div class=\"elementor-column elementor-col-50 elementor-top-column elementor-element elementor-element-61009e1\" data-id=\"61009e1\" data-element_type=\"column\">\n\t\t\t<div class=\"elementor-column-wrap elementor-element-populated\">\n\t\t\t\t\t\t\t<div class=\"elementor-widget-wrap\">\n\t\t\t\t\t\t<div class=\"elementor-element elementor-element-a517328 elementor-widget elementor-widget-image\" data-id=\"a517328\" data-element_type=\"widget\" data-widget_type=\"image.default\">\n\t\t\t\t<div class=\"elementor-widget-container\">\n\t\t\t\t\t\t\t\t<div class=\"elementor-image\">\n\t\t\t\t\t\t\t\t\t\t\t\t\t<a href=\"https:\/\/dia.edu.az\/wp-content\/uploads\/2021\/12\/99.jpg\">\n\t\t\t\t\t\t\t<img width=\"450\" height=\"253\" src=\"https:\/\/legacy.dia.edu.az\/wp-content\/uploads\/2021\/12\/99-450x253.jpg\" class=\"attachment-large size-large\" alt=\"\" srcset=\"https:\/\/legacy.dia.edu.az\/wp-content\/uploads\/2021\/12\/99-450x253.jpg 450w, https:\/\/legacy.dia.edu.az\/wp-content\/uploads\/2021\/12\/99-200x112.jpg 200w, https:\/\/legacy.dia.edu.az\/wp-content\/uploads\/2021\/12\/99-768x432.jpg 768w, https:\/\/legacy.dia.edu.az\/wp-content\/uploads\/2021\/12\/99-16x9.jpg 16w, https:\/\/legacy.dia.edu.az\/wp-content\/uploads\/2021\/12\/99.jpg 1000w\" sizes=\"(max-width: 450px) 100vw, 450px\" \/>\t\t\t\t\t\t\t\t<\/a>\n\t\t\t\t\t\t\t\t\t\t\t\t\t\t<\/div>\n\t\t\t\t\t\t<\/div>\n\t\t\t\t<\/div>\n\t\t\t\t\t\t<\/div>\n\t\t\t\t\t<\/div>\n\t\t<\/div>\n\t\t\t\t\t\t\t\t<\/div>\n\t\t\t\t\t<\/div>\n\t\t<\/section>\n\t\t\t\t\t\t<\/div>\n\t\t\t\t\t\t<\/div>\n\t\t\t\t\t<\/div>","protected":false},"excerpt":{"rendered":"<p>D\u00f6vl\u0259t\u00a0 \u00a0 \u0130dar\u0259\u00e7ilik\u00a0 \u00a0 \u00a0Akademiyas\u0131nda\u00a0 \u00a0 \u00a0n\u00f6vb\u0259ti\u00a0 \u00a0 \u00a0t\u0259lim\u00a0 \u00a0 \u00a0ke\u00e7irilib Prezidenti \u0130lham \u018fliyevin 2017-ci il 22 sentyabr tarixli F\u0259rman\u0131na \u0259sas\u0259n Az\u0259rbaycan Respublikas\u0131n\u0131n Prezidenti yan\u0131nda D&ouml;vl\u0259t \u0130dar\u0259&ccedil;ilik Akademiyas\u0131 (D\u0130A) d&ouml;vl\u0259t idar\u0259&ccedil;iliyi v\u0259 icra hakimiyy\u0259ti orqanlar\u0131 &uuml;&ccedil;&uuml;n m&uuml;vafiq ixtisaslar &uuml;zr\u0259 m&uuml;t\u0259x\u0259ssis haz\u0131rl\u0131\u011f\u0131n\u0131 v\u0259 \u0259lav\u0259 t\u0259hsili h\u0259yata ke&ccedil;ir\u0259n apar\u0131c\u0131 t\u0259dris, metodik, elm v\u0259 analitik informasiya m\u0259rk\u0259zi kimi [&hellip;]<\/p>","protected":false},"author":2,"featured_media":15676,"comment_status":"closed","ping_status":"closed","sticky":false,"template":"","format":"standard","meta":[],"categories":[137],"tags":[],"_links":{"self":[{"href":"https:\/\/legacy.dia.edu.az\/ru\/wp-json\/wp\/v2\/posts\/15673"}],"collection":[{"href":"https:\/\/legacy.dia.edu.az\/ru\/wp-json\/wp\/v2\/posts"}],"about":[{"href":"https:\/\/legacy.dia.edu.az\/ru\/wp-json\/wp\/v2\/types\/post"}],"author":[{"embeddable":true,"href":"https:\/\/legacy.dia.edu.az\/ru\/wp-json\/wp\/v2\/users\/2"}],"replies":[{"embeddable":true,"href":"https:\/\/legacy.dia.edu.az\/ru\/wp-json\/wp\/v2\/comments?post=15673"}],"version-history":[{"count":8,"href":"https:\/\/legacy.dia.edu.az\/ru\/wp-json\/wp\/v2\/posts\/15673\/revisions"}],"predecessor-version":[{"id":15683,"href":"https:\/\/legacy.dia.edu.az\/ru\/wp-json\/wp\/v2\/posts\/15673\/revisions\/15683"}],"wp:featuredmedia":[{"embeddable":true,"href":"https:\/\/legacy.dia.edu.az\/ru\/wp-json\/wp\/v2\/media\/15676"}],"wp:attachment":[{"href":"https:\/\/legacy.dia.edu.az\/ru\/wp-json\/wp\/v2\/media?parent=15673"}],"wp:term":[{"taxonomy":"category","embeddable":true,"href":"https:\/\/legacy.dia.edu.az\/ru\/wp-json\/wp\/v2\/categories?post=15673"},{"taxonomy":"post_tag","embeddable":true,"href":"https:\/\/legacy.dia.edu.az\/ru\/wp-json\/wp\/v2\/tags?post=15673"}],"curies":[{"name":"wp","href":"https:\/\/api.w.org\/{rel}","templated":true}]}}