{"id":15214,"date":"2021-11-11T08:36:29","date_gmt":"2021-11-11T05:36:29","guid":{"rendered":"https:\/\/dia.edu.az\/?p=15214"},"modified":"2021-11-11T08:39:01","modified_gmt":"2021-11-11T05:39:01","slug":"8-noyabr-z%c9%99f%c9%99r-gunu-munasib%c9%99til%c9%99-az%c9%99rbaycanin-italiyadaki-s%c9%99firliyi-t%c9%99r%c9%99find%c9%99n-romada-az%c9%99rbaycanin-m%c9%99d%c9%99niyy%c9%99t-paytaxti-susa","status":"publish","type":"post","link":"https:\/\/legacy.dia.edu.az\/ru\/arxivl\u0259r\/15214","title":{"rendered":"8 Noyabr &#8211; Z\u0259f\u0259r G\u00fcn\u00fc m\u00fcnasib\u0259til\u0259 Az\u0259rbaycan\u0131n \u0130taliyadak\u0131 s\u0259firliyi t\u0259r\u0259find\u0259n Romada \u201cAz\u0259rbaycan\u0131n m\u0259d\u0259niyy\u0259t paytaxt\u0131 \u015eu\u015fa\u201d kitab\u0131n\u0131n t\u0259qdimat\u0131 v\u0259 \u015eu\u015faya h\u0259sr olunmu\u015f fotos\u0259rgi t\u0259\u015fkil edilib"},"content":{"rendered":"<div data-elementor-type=\"wp-post\" data-elementor-id=\"15214\" class=\"elementor elementor-15214\" data-elementor-settings=\"[]\">\n\t\t\t\t\t\t<div class=\"elementor-inner\">\n\t\t\t\t\t\t\t<div class=\"elementor-section-wrap\">\n\t\t\t\t\t\t\t<section class=\"elementor-section elementor-top-section elementor-element elementor-element-6766530 elementor-section-boxed elementor-section-height-default elementor-section-height-default\" data-id=\"6766530\" data-element_type=\"section\">\n\t\t\t\t\t\t<div class=\"elementor-container elementor-column-gap-default\">\n\t\t\t\t\t\t\t<div class=\"elementor-row\">\n\t\t\t\t\t<div class=\"elementor-column elementor-col-100 elementor-top-column elementor-element elementor-element-1265561\" data-id=\"1265561\" data-element_type=\"column\">\n\t\t\t<div class=\"elementor-column-wrap elementor-element-populated\">\n\t\t\t\t\t\t\t<div class=\"elementor-widget-wrap\">\n\t\t\t\t\t\t<div class=\"elementor-element elementor-element-9973064 elementor-widget elementor-widget-text-editor\" data-id=\"9973064\" data-element_type=\"widget\" data-widget_type=\"text-editor.default\">\n\t\t\t\t<div class=\"elementor-widget-container\">\n\t\t\t\t\t\t\t\t<div class=\"elementor-text-editor elementor-clearfix\">\n\t\t\t\t\t<p>8 Noyabr &#8211; Z\u0259f\u0259r G\u00fcn\u00fc m\u00fcnasib\u0259til\u0259 Az\u0259rbaycan\u0131n \u0130taliyadak\u0131 s\u0259firliyi t\u0259r\u0259find\u0259n Romada \u201cAz\u0259rbaycan\u0131n m\u0259d\u0259niyy\u0259t paytaxt\u0131 \u015eu\u015fa\u201d kitab\u0131n\u0131n t\u0259qdimat\u0131 v\u0259 \u015eu\u015faya h\u0259sr olunmu\u015f fotos\u0259rgi t\u0259\u015fkil edilib<\/p>\t\t\t\t\t<\/div>\n\t\t\t\t\t\t<\/div>\n\t\t\t\t<\/div>\n\t\t\t\t\t\t<\/div>\n\t\t\t\t\t<\/div>\n\t\t<\/div>\n\t\t\t\t\t\t\t\t<\/div>\n\t\t\t\t\t<\/div>\n\t\t<\/section>\n\t\t\t\t<section class=\"elementor-section elementor-top-section elementor-element elementor-element-4c124e9 elementor-section-boxed elementor-section-height-default elementor-section-height-default\" data-id=\"4c124e9\" data-element_type=\"section\">\n\t\t\t\t\t\t<div class=\"elementor-container elementor-column-gap-default\">\n\t\t\t\t\t\t\t<div class=\"elementor-row\">\n\t\t\t\t\t<div class=\"elementor-column elementor-col-100 elementor-top-column elementor-element elementor-element-d860e69\" data-id=\"d860e69\" data-element_type=\"column\">\n\t\t\t<div class=\"elementor-column-wrap elementor-element-populated\">\n\t\t\t\t\t\t\t<div class=\"elementor-widget-wrap\">\n\t\t\t\t\t\t<div class=\"elementor-element elementor-element-7d2b9ef elementor-widget elementor-widget-text-editor\" data-id=\"7d2b9ef\" data-element_type=\"widget\" data-widget_type=\"text-editor.default\">\n\t\t\t\t<div class=\"elementor-widget-container\">\n\t\t\t\t\t\t\t\t<div class=\"elementor-text-editor elementor-clearfix\">\n\t\t\t\t\t<p style=\"text-align: justify;\">T\u0259dbirl\u0259rin ke&ccedil;irildiyi Piazza Spagna Roma T\u0259dbirl\u0259r Konqres M\u0259rk\u0259zinin binas\u0131n\u0131n &uuml;z\u0259rind\u0259 &ldquo;Az\u0259rbaycan\u0131n m\u0259d\u0259niyy\u0259t paytaxt\u0131 \u015eu\u015fa&rdquo; yaz\u0131lm\u0131\u015f v\u0259 \u015eu\u015fa qalas\u0131n\u0131n foto\u015f\u0259kli \u0259ks olunmu\u015f b&ouml;y&uuml;k baner yerl\u0259\u015fdirilib, bina Az\u0259rbaycan bayra\u011f\u0131n\u0131n r\u0259ngl\u0259ri il\u0259 i\u015f\u0131qland\u0131r\u0131l\u0131b.<\/p>\n<p style=\"text-align: justify;\">H\u0259mm&uuml;\u0259llifl\u0259ri italiyal\u0131 professor Daniel Pommier Vin&ccedil;elli v\u0259 Az\u0259rbaycan Respublikas\u0131n\u0131n Prezidenti yan\u0131nda D&ouml;vl\u0259t \u0130dar\u0259&ccedil;ilik Akademiyas\u0131n\u0131n&nbsp; professoru El&ccedil;in \u018fhm\u0259dov olan &ldquo;Az\u0259rbaycan\u0131n m\u0259d\u0259niyy\u0259t paytaxt\u0131 \u015eu\u015fa&rdquo; kitab\u0131 UNESCO &uuml;zr\u0259 Az\u0259rbaycan Milli Komissiyas\u0131n\u0131n d\u0259st\u0259yi il\u0259 \u0130taliyan\u0131n Sandro Teti Editore n\u0259\u015friyyat evi t\u0259r\u0259find\u0259n italyan dilind\u0259 n\u0259\u015fr olunub. Kitab\u0131n &ouml;n s&ouml;z&uuml;n&uuml;n m&uuml;\u0259llifi tan\u0131nm\u0131\u015f italyan alimi, tarix&ccedil;i v\u0259 publisisti Franko Kardini, son s&ouml;z&uuml;n&uuml;n m&uuml;\u0259llifi is\u0259 \u0130taliyan\u0131n Az\u0259rbaycandak\u0131 sabiq s\u0259firi, Genuya \u015f\u0259h\u0259rind\u0259 Az\u0259rbaycan\u0131n f\u0259xri konsulu Marqarita Kostad\u0131r. Son aylar \u0259rzind\u0259 Az\u0259rbaycan v\u0259 \u0130taliya t\u0259dqiqat&ccedil;\u0131lar\u0131n\u0131n v\u0259 ekspertl\u0259rinin birg\u0259 g\u0259rgin \u0259m\u0259yinin b\u0259hr\u0259si olan bu kitabda \u015eu\u015fan\u0131n \u0259sas\u0131n\u0131n qoyulmas\u0131ndan indiy\u0259 q\u0259d\u0259r ke&ccedil;diyi b&uuml;t&uuml;n tarixi m\u0259rh\u0259l\u0259l\u0259r geni\u015f \u015f\u0259kild\u0259 \u0259hat\u0259 edilir. Kitaba Az\u0259rbaycan m\u0259d\u0259niyy\u0259tinin incisi olan \u015eu\u015fan\u0131n z\u0259ngin maddi-m\u0259d\u0259ni, tarixi, memarl\u0131q irsi v\u0259 \u0259sl\u0259n \u015eu\u015fadan olan Az\u0259rbaycan\u0131n &ccedil;oxsayl\u0131 g&ouml;rk\u0259mli \u015f\u0259xsiyy\u0259tl\u0259ri haqq\u0131nda m\u0259lumatlar v\u0259 foto\u015f\u0259kill\u0259rd\u0259n ibar\u0259t ayr\u0131ca f\u0259sill\u0259r d\u0259 daxil edilib. \u015eu\u015fan\u0131n m&uuml;xt\u0259lif tarixi m\u0259rh\u0259l\u0259l\u0259rini, i\u015f\u011faldan \u0259vv\u0259l, i\u015f\u011fal vaxt\u0131, azad edilm\u0259sind\u0259n sonrak\u0131 d&ouml;vrl\u0259rini \u0259ks etdir\u0259n &ccedil;oxsayl\u0131 fotolar, o c&uuml;ml\u0259d\u0259n &uuml;mummilli lider Heyd\u0259r \u018fliyevin v\u0259 Prezident \u0130lham \u018fliyevin \u015eu\u015faya s\u0259f\u0259rl\u0259ri vaxt\u0131 &ccedil;\u0259kilmi\u015f fotolar kitab\u0131 x&uuml;susil\u0259 z\u0259nginl\u0259\u015fdirir. M\u0259zmununun v\u0259 \u0259ks olunan materiallar\u0131n \u0259hat\u0259liliyin\u0259 g&ouml;r\u0259 unikall\u0131\u011f\u0131 il\u0259 se&ccedil;il\u0259n v\u0259 \u015eu\u015fan\u0131n Az\u0259rbaycan tarixinin v\u0259 m\u0259d\u0259niyy\u0259tinin r\u0259mzi olmas\u0131n\u0131 t\u0259c\u0259ss&uuml;m etdir\u0259n bu kitab \u015eu\u015fa haqq\u0131nda beyn\u0259lxalq oxucuya t\u0259qdim olunan ilk \u0259s\u0259rdir.<\/p>\n<p style=\"text-align: justify;\">\u0130taliyan\u0131n d&ouml;vl\u0259t qurumlar\u0131n\u0131n, r\u0259hb\u0259r-siyasi &ccedil;evr\u0259l\u0259rinin, &ccedil;oxsayl\u0131 parlamentaril\u0259rin, m\u0259d\u0259niyy\u0259t, akademik, i\u015fg&uuml;zar dair\u0259l\u0259rin, k&uuml;tl\u0259vi informasiya vasit\u0259l\u0259rinin, Romada akkredit\u0259 olunan diplomatik korpusun n&uuml;may\u0259nd\u0259l\u0259rinin i\u015ftirak etdiyi t\u0259dbir cari il \u015eu\u015fada C\u0131d\u0131r d&uuml;z&uuml;nd\u0259 t\u0259\u015fkil olunmu\u015f &ldquo;Xar\u0131b&uuml;lb&uuml;l&rdquo; musiqi festival\u0131nda g\u0259nc xan\u0259nd\u0259 K\u0259nan Bayraml\u0131n\u0131n ifas\u0131nda &ldquo;Bayat\u0131-\u015firaz&rdquo; mu\u011fam\u0131n\u0131n \u015eu\u015fa \u015f\u0259h\u0259rinin m&ouml;ht\u0259\u015f\u0259m g&ouml;r&uuml;nt&uuml;l\u0259rinin \u0259ks olundu\u011fu videoyaz\u0131s\u0131n\u0131n n&uuml;mayi\u015fi il\u0259 ba\u015flay\u0131b. Ard\u0131nca t\u0259dbiri a&ccedil;an apar\u0131c\u0131, italiyal\u0131 aktrisas\u0131 Silvia Salvatori bu musiqinin i\u015f\u011fal vaxt\u0131 \u015eu\u015fadan v\u0259 Az\u0259rbaycan\u0131n i\u015f\u011fal olunmu\u015f dig\u0259r \u0259razil\u0259rind\u0259n did\u0259rgin d&uuml;\u015fm&uuml;\u015f az\u0259rbaycanl\u0131lar\u0131n ke&ccedil;irdiyi iztirablar\u0131 v\u0259 &ouml;z torpaqlar\u0131na qay\u0131tmaq arzusunu ifad\u0259 etdiyi &uuml;&ccedil;&uuml;n r\u0259mzi m\u0259na da\u015f\u0131d\u0131\u011f\u0131n\u0131 bildirib.<\/p>\n<p style=\"text-align: justify;\">\u0130taliya Senat\u0131n\u0131n s\u0259dri Maria Elisabetta Alberti Kasellatinin t\u0259dbir m&uuml;nasib\u0259til\u0259 Az\u0259rbaycan\u0131n \u0130taliyadak\u0131 s\u0259firin\u0259 g&ouml;nd\u0259rdiyi m\u0259ktubu s\u0259sl\u0259ndirilib. \u0130taliya Senat\u0131n\u0131n s\u0259dri m\u0259ktubunda t\u0259dbirin Az\u0259rbaycan\u0131n m\u0259d\u0259niyy\u0259t paytaxt\u0131 \u015eu\u015fa \u015f\u0259h\u0259rinin z\u0259ngin inc\u0259s\u0259n\u0259t v\u0259 m\u0259d\u0259ni irsinin \u0259n g&ouml;z\u0259l \u015f\u0259kild\u0259 d\u0259y\u0259rl\u0259ndirilm\u0259sin\u0259 imkan yaradaca\u011f\u0131n\u0131, \u015eu\u015fan\u0131n yenid\u0259nqurma m\u0259rh\u0259l\u0259sin\u0259 q\u0259d\u0259m qoymas\u0131n\u0131n b&uuml;t&uuml;n b&ouml;lg\u0259y\u0259 davaml\u0131 s&uuml;lh, sabitlik v\u0259 firavanl\u0131q g\u0259tir\u0259c\u0259yini arzulad\u0131\u011f\u0131n\u0131 bildirib.<\/p>\n<p style=\"text-align: justify;\">Sonra n\u0259\u015frin italiyal\u0131 h\u0259mm&uuml;\u0259llifi professor Daniel Pommier kitab\u0131n \u0259h\u0259miyy\u0259ti bar\u0259d\u0259 dan\u0131\u015f\u0131b v\u0259 italyan oxucuya \u015eu\u015fan\u0131n Az\u0259rbaycan\u0131n milli kimliyinin t\u0259rkib hiss\u0259si olmas\u0131n\u0131 n&uuml;mayi\u015f etdir\u0259n faktlar\u0131 \u0259hat\u0259 etdiyini deyib.<\/p>\n<p style=\"text-align: justify;\">T\u0259dbir bu il &ldquo;Xar\u0131b&uuml;lb&uuml;l&rdquo; musiqi festival\u0131nda d&uuml;nya \u015f&ouml;hr\u0259tli xan\u0259nd\u0259 Alim Qas\u0131mov v\u0259 F\u0259rqan\u0259 Qas\u0131movan\u0131n ifas\u0131nda &ldquo;Qaraba\u011f \u015fik\u0259st\u0259si&rdquo; oratoriyas\u0131n\u0131n videoyaz\u0131s\u0131n\u0131n t\u0259qdimat\u0131 il\u0259 davam edib. Bundan sonra kitab\u0131n az\u0259rbaycanl\u0131 h\u0259mm&uuml;\u0259llifi professor El&ccedil;in \u018fhm\u0259dovun t\u0259dbir i\u015ftirak&ccedil;\u0131lar\u0131na videoyaz\u0131s\u0131 n&uuml;mayi\u015f olunub. E.\u018fhm\u0259dov \u015eu\u015fan\u0131n Az\u0259rbaycan &uuml;&ccedil;&uuml;n tarixi &ouml;n\u0259mi v\u0259 i\u015f\u011faldan azad olunmas\u0131n\u0131n V\u0259t\u0259n m&uuml;harib\u0259sind\u0259 Az\u0259rbaycan\u0131n \u015fanl\u0131 Q\u0259l\u0259b\u0259sind\u0259ki \u0259h\u0259miyy\u0259ti bar\u0259d\u0259 dan\u0131\u015f\u0131b.<\/p>\n<p style=\"text-align: justify;\">Sonra Az\u0259rbaycan Televiziyas\u0131n\u0131n &ldquo;Oxuyur V\u0259t\u0259n&rdquo; layih\u0259si &ccedil;\u0259r&ccedil;iv\u0259sind\u0259 F&uuml;zuli \u015f\u0259h\u0259rinin da\u011f\u0131nt\u0131lar\u0131 &uuml;z\u0259rind\u0259 &ccedil;\u0259kilmi\u015f skripka&ccedil;\u0131 N\u0259srin Mustafayevan\u0131n ifas\u0131nda Con Uilliams\u0131n &ldquo;\u015eindlerin siyah\u0131s\u0131&rdquo; filmind\u0259n olan musiqisinin videoyaz\u0131s\u0131 n&uuml;mayi\u015f olunub. T\u0259dbirin apar\u0131c\u0131s\u0131 bildirib ki, bu musiqi n&ouml;mr\u0259sind\u0259n g&ouml;r&uuml;nd&uuml;y&uuml; kimi i\u015f\u011fal zaman\u0131 Qaraba\u011f v\u0259 \u015e\u0259rqi Z\u0259ng\u0259zur d&uuml;nyan\u0131n \u0259n &ccedil;ox da\u011f\u0131d\u0131lm\u0131\u015f, talan edilmi\u015f v\u0259 sivil d&uuml;nyadan ayr\u0131lm\u0131\u015f b&ouml;lg\u0259l\u0259rind\u0259n birin\u0259 &ccedil;evrilib, Az\u0259rbaycan\u0131n maddi-m\u0259d\u0259ni irsi soyq\u0131r\u0131ma m\u0259ruz qal\u0131b, bu g&uuml;n Az\u0259rbaycan b&uuml;t&uuml;n d&uuml;nyaya musiqinin dili il\u0259 \u0259razil\u0259rin\u0259 h\u0259yat\u0131n yenid\u0259n qay\u0131d\u0131\u015f\u0131 mesaj\u0131n\u0131 verir.<\/p>\n<p style=\"text-align: justify;\">Sandro Teti Editore n\u0259\u015friyyat evinin r\u0259hb\u0259ri Sandro Teti kitab\u0131n \u0259rs\u0259y\u0259 g\u0259lm\u0259si istiqam\u0259tind\u0259 apar\u0131lm\u0131\u015f i\u015f bar\u0259d\u0259 dan\u0131\u015f\u0131b, kitab\u0131n \u015eu\u015fa v\u0259 Qaraba\u011f h\u0259qiq\u0259tl\u0259rinin d&uuml;nyada, x&uuml;susil\u0259 d\u0259 \u0130taliyada tan\u0131d\u0131lmas\u0131na ver\u0259c\u0259yi t&ouml;hf\u0259d\u0259n b\u0259hs edib, habel\u0259 kitab\u0131n &ouml;n s&ouml;z&uuml;n&uuml;n m&uuml;\u0259llifi professor F.Kardininin t\u0259dbir i\u015ftirak&ccedil;\u0131lar\u0131na m&uuml;raci\u0259ti s\u0259sl\u0259ndirilib.<\/p>\n<p style=\"text-align: justify;\">Ard\u0131nca Az\u0259rbaycan Televiziyas\u0131n\u0131n &ldquo;Oxuyur V\u0259t\u0259n&rdquo; layih\u0259si &ccedil;\u0259r&ccedil;iv\u0259sind\u0259 Suqovu\u015fanda &ccedil;\u0259kilmi\u015f, xalq artisti, piano&ccedil;u Murad H&uuml;seynovun ifa etdiyi &ldquo;\u0130thaf&rdquo; kompozisiyas\u0131n\u0131n videoyaz\u0131s\u0131 t\u0259qdim olunub. Apar\u0131c\u0131 vur\u011fulay\u0131b ki, bu musiqini m&uuml;\u015fayi\u0259t ed\u0259n g&ouml;r&uuml;nt&uuml;l\u0259rd\u0259n g&ouml;r&uuml;nd&uuml;y&uuml; kimi i\u015f\u011fal vaxt\u0131 bu \u0259razil\u0259r ekoloji terrora m\u0259ruz qal\u0131b v\u0259 Az\u0259rbaycan\u0131n t\u0259bii ehtiyatlar\u0131 talan edilib.<\/p>\n<p style=\"text-align: justify;\">&Ccedil;\u0131x\u0131\u015f ed\u0259n Az\u0259rbaycan Respublikas\u0131 Milli M\u0259clisind\u0259 Az\u0259rbaycan-\u0130taliya parlamentl\u0259raras\u0131 \u0259laq\u0259l\u0259r &uuml;zr\u0259 i\u015f&ccedil;i qrupunun r\u0259hb\u0259ri, deputat Az\u0259r K\u0259rimli v\u0259 \u0130taliya Parlamentind\u0259 Az\u0259rbaycanla parlamentl\u0259raras\u0131 dostluq qrupunun r\u0259hb\u0259ri, senator Stefano Lu&ccedil;idi V\u0259t\u0259n m&uuml;harib\u0259si g&uuml;nl\u0259rind\u0259 \u0130taliyan\u0131n Az\u0259rbaycan\u0131n haql\u0131 m&ouml;vqeyin\u0259 d\u0259st\u0259k verdiyini, m&uuml;harib\u0259nin bitm\u0259sind\u0259n sonra Q\u0259rb &ouml;lk\u0259l\u0259rind\u0259n ilk parlament v\u0259 h&ouml;kum\u0259t n&uuml;may\u0259nd\u0259 hey\u0259tl\u0259rinin Az\u0259rbaycana m\u0259hz \u0130taliyadan g\u0259l\u0259r\u0259k i\u015f\u011faldan azad olunmu\u015f \u0259razil\u0259ri ziyar\u0259t etdiyini, b&uuml;t&uuml;n bunlar\u0131n iki &ouml;lk\u0259 aras\u0131nda yax\u0131n v\u0259 m&ouml;hk\u0259m dostlu\u011fun bariz n&uuml;mun\u0259si oldu\u011funu bildiribl\u0259r. Az\u0259r K\u0259rimli, habel\u0259 bu g&uuml;nl\u0259r \u0259rzind\u0259 Z\u0259f\u0259r G&uuml;n&uuml; m&uuml;nasib\u0259til\u0259 &ccedil;oxsayl\u0131 italyan parlamentaril\u0259rind\u0259n g&ouml;nd\u0259rilmi\u015f t\u0259brik m\u0259ktublar\u0131na g&ouml;r\u0259 t\u0259\u015f\u0259kk&uuml;r edib.<\/p>\n<p style=\"text-align: justify;\">Sonra &ldquo;Oxuyur V\u0259t\u0259n&rdquo; layih\u0259si &ccedil;\u0259r&ccedil;iv\u0259sind\u0259 Qubadl\u0131 \u015f\u0259h\u0259rinin da\u011f\u0131nt\u0131lar\u0131 &uuml;z\u0259rind\u0259 lent\u0259 al\u0131nm\u0131\u015f, s&ouml;zl\u0259ri Leyla \u018fliyevaya, musiqisi Nigar H\u0259bibovaya m\u0259xsus, m&uuml;\u011f\u0259nni Zabit\u0259 \u018fliyevan\u0131n ifas\u0131nda &ldquo;Sonsuz al\u0259m&rdquo; mahn\u0131s\u0131 n&uuml;mayi\u015f etdirilib. Apar\u0131c\u0131 musiqid\u0259 s\u0259sl\u0259ndiril\u0259n &ldquo;\u0130lahi, k&ouml;m\u0259k et ayaq &uuml;st\u0259 dayan\u0131m yen\u0259&rdquo; s&ouml;zl\u0259rinin r\u0259mzi m\u0259na da\u015f\u0131d\u0131\u011f\u0131n\u0131 v\u0259 Az\u0259rbaycan\u0131n bu g&uuml;n \u0259sas niyy\u0259tinin i\u015f\u011fal vaxt\u0131 viran edilmi\u015f torpaqlar\u0131n\u0131 canland\u0131rmaq, onlara h\u0259yat verm\u0259k, m\u0259cburi k&ouml;&ccedil;k&uuml;nl\u0259rin geri qay\u0131tmas\u0131n\u0131 t\u0259min etm\u0259k oldu\u011funu deyib.<\/p>\n<p style=\"text-align: justify;\">Tan\u0131nm\u0131\u015f italiyal\u0131 memar Pietro Laureano son aylarda \u015eu\u015faya s\u0259f\u0259rl\u0259ri il\u0259 ba\u011fl\u0131 t\u0259\u0259ss&uuml;ratlar\u0131n\u0131 b&ouml;l&uuml;\u015f&uuml;b, \u015f\u0259h\u0259rin z\u0259ngin tarixi memarl\u0131q irsinin i\u015f\u011fal d&ouml;vr&uuml;nd\u0259 da\u011f\u0131d\u0131ld\u0131\u011f\u0131ndan s&ouml;hb\u0259t a&ccedil;\u0131b, haz\u0131rda Az\u0259rbaycan Respublikas\u0131n\u0131n M\u0259d\u0259niyy\u0259t Nazirliyi il\u0259 birg\u0259 apar\u0131lan b\u0259rpa i\u015fl\u0259ri kontekstind\u0259 &ouml;z t\u0259cr&uuml;b\u0259sini b&ouml;l&uuml;\u015f&uuml;b, \u015eu\u015fa D&ouml;vl\u0259t Tarix-Memarl\u0131q Qoru\u011funun UNESCO-nun &uuml;mumd&uuml;nya irs siyah\u0131s\u0131na daxil edilm\u0259li oldu\u011funu bildirib.<\/p>\n<p style=\"text-align: justify;\">T\u0259dbir &ldquo;Oxuyur V\u0259t\u0259n&rdquo; layih\u0259si &ccedil;\u0259r&ccedil;iv\u0259sind\u0259 Hadrutda &ccedil;\u0259kilmi\u015f g&ouml;rk\u0259mli b\u0259st\u0259kar F\u0259rhad B\u0259d\u0259lb\u0259ylinin &ldquo;Ave Maria&rdquo; kompozisiyas\u0131n\u0131n n&uuml;mayi\u015fi il\u0259 davam etdirilib. Apar\u0131c\u0131 bu musiqi n&ouml;mr\u0259sinin r\u0259mzi olaraq b&uuml;t&uuml;n Az\u0259rbaycanda oldu\u011fu kimi i\u015f\u011faldan azad olunmu\u015f \u0259razil\u0259rd\u0259 d\u0259 b&uuml;t&uuml;n dinl\u0259r\u0259 v\u0259 m\u0259d\u0259niyy\u0259tl\u0259r\u0259 h&ouml;rm\u0259tl\u0259 yana\u015f\u0131ld\u0131\u011f\u0131n\u0131 v\u0259 Az\u0259rbaycan\u0131n b&ouml;lg\u0259d\u0259 daha t\u0259hl&uuml;k\u0259siz g\u0259l\u0259c\u0259k qurmaq v\u0259 s&uuml;lh i&ccedil;ind\u0259 birg\u0259 ya\u015famaq ist\u0259yini d&uuml;nyaya n&uuml;mayi\u015f etdirdiyini bildirib.<\/p>\n<p style=\"text-align: justify;\">Az\u0259rbaycan\u0131n \u0130taliyadak\u0131 s\u0259firi M\u0259mm\u0259d \u018fhm\u0259dzad\u0259 natiql\u0259r\u0259, kitab\u0131n \u0259rs\u0259y\u0259 g\u0259lm\u0259sin\u0259 v\u0259 t\u0259dbirin t\u0259\u015fkilin\u0259 \u0259m\u0259k s\u0259rf etmi\u015f h\u0259r k\u0259s\u0259, habel\u0259 Az\u0259rbaycan xalq\u0131 &uuml;&ccedil;&uuml;n m&uuml;h&uuml;m \u0259h\u0259miyy\u0259t k\u0259sb ed\u0259n bel\u0259 bir g&uuml;n\u0259 qat\u0131ld\u0131qlar\u0131 &uuml;&ccedil;&uuml;n b&uuml;t&uuml;n i\u015ftirak&ccedil;\u0131lara t\u0259\u015f\u0259kk&uuml;r&uuml;n&uuml; bildirib. Diplomat \u015eu\u015fan\u0131n Az\u0259rbaycan xalq\u0131 &uuml;&ccedil;&uuml;n &ouml;n\u0259mi, bu \u015f\u0259h\u0259rin azad olunmas\u0131n\u0131n V\u0259t\u0259n m&uuml;harib\u0259sind\u0259 Az\u0259rbaycan\u0131n Q\u0259l\u0259b\u0259si &uuml;&ccedil;&uuml;n \u0259h\u0259miyy\u0259tind\u0259n dan\u0131\u015f\u0131b, M&uuml;z\u0259ff\u0259r Ali Ba\u015f Komandan Prezident \u0130lham \u018fliyevin r\u0259hb\u0259rliyi v\u0259 Az\u0259rbaycan Ordusunun r\u0259\u015fad\u0259ti n\u0259tic\u0259sind\u0259 torpaqlar\u0131m\u0131z\u0131n i\u015f\u011faldan azad edilm\u0259si v\u0259 m\u0259cburi k&ouml;&ccedil;k&uuml;nl\u0259rin v\u0259t\u0259n h\u0259sr\u0259tin\u0259 son qoyulmas\u0131 il\u0259 Az\u0259rbaycan xalq\u0131n\u0131n b&uuml;t&uuml;n d&uuml;nyaya &ouml;z g&uuml;c&uuml;n&uuml;, m\u0259tinliyini, m&uuml;barizliyini n&uuml;mayi\u015f etdirdiyini bildirib.<\/p>\n<p style=\"text-align: justify;\">T\u0259dbirin b\u0259dii hiss\u0259si \u015eu\u015fada &ldquo;Xar\u0131b&uuml;lb&uuml;l&rdquo; musiqi festival\u0131nda s\u0259sl\u0259ndirilmi\u015f &ldquo;Ey, V\u0259t\u0259n&rdquo; musiqisinin videoyaz\u0131s\u0131n\u0131n n&uuml;mayi\u015fi il\u0259 yekunla\u015f\u0131b. Musiqi par&ccedil;as\u0131n\u0131n sonunda &uuml;mummilli lider Heyd\u0259r \u018fliyevin v\u0259 Prezident \u0130lham \u018fliyevin \u015eu\u015fa il\u0259 ba\u011fl\u0131 fikirl\u0259rinin s\u0259sl\u0259ndirilm\u0259si b&ouml;y&uuml;k alq\u0131\u015flara s\u0259b\u0259b olub.<\/p>\n<p style=\"text-align: justify;\">T\u0259dbir &ldquo;Az\u0259rbaycan\u0131n m\u0259d\u0259niyy\u0259t paytaxt\u0131 \u015eu\u015fa&rdquo; kitab\u0131na daxil edilmi\u015f fotolar\u0131n n&uuml;mayi\u015f olundu\u011fu s\u0259rgi il\u0259 davam etdirilib.<\/p>\t\t\t\t\t<\/div>\n\t\t\t\t\t\t<\/div>\n\t\t\t\t<\/div>\n\t\t\t\t\t\t<\/div>\n\t\t\t\t\t<\/div>\n\t\t<\/div>\n\t\t\t\t\t\t\t\t<\/div>\n\t\t\t\t\t<\/div>\n\t\t<\/section>\n\t\t\t\t<section class=\"elementor-section elementor-top-section elementor-element elementor-element-f854732 elementor-section-boxed elementor-section-height-default elementor-section-height-default\" data-id=\"f854732\" data-element_type=\"section\">\n\t\t\t\t\t\t<div class=\"elementor-container elementor-column-gap-default\">\n\t\t\t\t\t\t\t<div class=\"elementor-row\">\n\t\t\t\t\t<div class=\"elementor-column elementor-col-33 elementor-top-column elementor-element elementor-element-f51d3ec\" data-id=\"f51d3ec\" data-element_type=\"column\">\n\t\t\t<div class=\"elementor-column-wrap elementor-element-populated\">\n\t\t\t\t\t\t\t<div class=\"elementor-widget-wrap\">\n\t\t\t\t\t\t<div class=\"elementor-element elementor-element-a74ff42 elementor-widget elementor-widget-image\" data-id=\"a74ff42\" data-element_type=\"widget\" data-widget_type=\"image.default\">\n\t\t\t\t<div class=\"elementor-widget-container\">\n\t\t\t\t\t\t\t\t<div class=\"elementor-image\">\n\t\t\t\t\t\t\t\t\t\t\t\t<img width=\"450\" height=\"279\" src=\"https:\/\/legacy.dia.edu.az\/wp-content\/uploads\/2021\/11\/elc-450x279.jpg\" class=\"attachment-large size-large\" alt=\"\" srcset=\"https:\/\/legacy.dia.edu.az\/wp-content\/uploads\/2021\/11\/elc-450x279.jpg 450w, https:\/\/legacy.dia.edu.az\/wp-content\/uploads\/2021\/11\/elc-200x124.jpg 200w, https:\/\/legacy.dia.edu.az\/wp-content\/uploads\/2021\/11\/elc-768x475.jpg 768w, https:\/\/legacy.dia.edu.az\/wp-content\/uploads\/2021\/11\/elc-16x10.jpg 16w, https:\/\/legacy.dia.edu.az\/wp-content\/uploads\/2021\/11\/elc.jpg 1000w\" sizes=\"(max-width: 450px) 100vw, 450px\" \/>\t\t\t\t\t\t\t\t\t\t\t\t\t\t<\/div>\n\t\t\t\t\t\t<\/div>\n\t\t\t\t<\/div>\n\t\t\t\t\t\t<\/div>\n\t\t\t\t\t<\/div>\n\t\t<\/div>\n\t\t\t\t<div class=\"elementor-column elementor-col-33 elementor-top-column elementor-element elementor-element-5719b59\" data-id=\"5719b59\" data-element_type=\"column\">\n\t\t\t<div class=\"elementor-column-wrap elementor-element-populated\">\n\t\t\t\t\t\t\t<div class=\"elementor-widget-wrap\">\n\t\t\t\t\t\t<div class=\"elementor-element elementor-element-1b8cd2d elementor-widget elementor-widget-image\" data-id=\"1b8cd2d\" data-element_type=\"widget\" data-widget_type=\"image.default\">\n\t\t\t\t<div class=\"elementor-widget-container\">\n\t\t\t\t\t\t\t\t<div class=\"elementor-image\">\n\t\t\t\t\t\t\t\t\t\t\t\t<img width=\"450\" height=\"300\" src=\"https:\/\/legacy.dia.edu.az\/wp-content\/uploads\/2021\/11\/elcccc-450x300.jpg\" class=\"attachment-large size-large\" alt=\"\" srcset=\"https:\/\/legacy.dia.edu.az\/wp-content\/uploads\/2021\/11\/elcccc-450x300.jpg 450w, https:\/\/legacy.dia.edu.az\/wp-content\/uploads\/2021\/11\/elcccc-200x133.jpg 200w, https:\/\/legacy.dia.edu.az\/wp-content\/uploads\/2021\/11\/elcccc-768x511.jpg 768w, https:\/\/legacy.dia.edu.az\/wp-content\/uploads\/2021\/11\/elcccc-16x12.jpg 16w, https:\/\/legacy.dia.edu.az\/wp-content\/uploads\/2021\/11\/elcccc-150x100.jpg 150w, https:\/\/legacy.dia.edu.az\/wp-content\/uploads\/2021\/11\/elcccc.jpg 1000w\" sizes=\"(max-width: 450px) 100vw, 450px\" \/>\t\t\t\t\t\t\t\t\t\t\t\t\t\t<\/div>\n\t\t\t\t\t\t<\/div>\n\t\t\t\t<\/div>\n\t\t\t\t\t\t<\/div>\n\t\t\t\t\t<\/div>\n\t\t<\/div>\n\t\t\t\t<div class=\"elementor-column elementor-col-33 elementor-top-column elementor-element elementor-element-e1617e8\" data-id=\"e1617e8\" data-element_type=\"column\">\n\t\t\t<div class=\"elementor-column-wrap elementor-element-populated\">\n\t\t\t\t\t\t\t<div class=\"elementor-widget-wrap\">\n\t\t\t\t\t\t<div class=\"elementor-element elementor-element-2432667 elementor-widget elementor-widget-image\" data-id=\"2432667\" data-element_type=\"widget\" data-widget_type=\"image.default\">\n\t\t\t\t<div class=\"elementor-widget-container\">\n\t\t\t\t\t\t\t\t<div class=\"elementor-image\">\n\t\t\t\t\t\t\t\t\t\t\t\t<img width=\"450\" height=\"338\" src=\"https:\/\/legacy.dia.edu.az\/wp-content\/uploads\/2021\/11\/kit-450x338.jpg\" class=\"attachment-large size-large\" alt=\"\" srcset=\"https:\/\/legacy.dia.edu.az\/wp-content\/uploads\/2021\/11\/kit-450x338.jpg 450w, https:\/\/legacy.dia.edu.az\/wp-content\/uploads\/2021\/11\/kit-200x150.jpg 200w, https:\/\/legacy.dia.edu.az\/wp-content\/uploads\/2021\/11\/kit-768x576.jpg 768w, https:\/\/legacy.dia.edu.az\/wp-content\/uploads\/2021\/11\/kit-16x12.jpg 16w, https:\/\/legacy.dia.edu.az\/wp-content\/uploads\/2021\/11\/kit.jpg 892w\" sizes=\"(max-width: 450px) 100vw, 450px\" \/>\t\t\t\t\t\t\t\t\t\t\t\t\t\t<\/div>\n\t\t\t\t\t\t<\/div>\n\t\t\t\t<\/div>\n\t\t\t\t\t\t<\/div>\n\t\t\t\t\t<\/div>\n\t\t<\/div>\n\t\t\t\t\t\t\t\t<\/div>\n\t\t\t\t\t<\/div>\n\t\t<\/section>\n\t\t\t\t\t\t<\/div>\n\t\t\t\t\t\t<\/div>\n\t\t\t\t\t<\/div>","protected":false},"excerpt":{"rendered":"<p>8 Noyabr &#8211; Z\u0259f\u0259r G\u00fcn\u00fc m\u00fcnasib\u0259til\u0259 Az\u0259rbaycan\u0131n \u0130taliyadak\u0131 s\u0259firliyi t\u0259r\u0259find\u0259n Romada \u201cAz\u0259rbaycan\u0131n m\u0259d\u0259niyy\u0259t paytaxt\u0131 \u015eu\u015fa\u201d kitab\u0131n\u0131n t\u0259qdimat\u0131 v\u0259 \u015eu\u015faya h\u0259sr olunmu\u015f fotos\u0259rgi t\u0259\u015fkil edilib T\u0259dbirl\u0259rin ke\u00e7irildiyi Piazza Spagna Roma T\u0259dbirl\u0259r Konqres M\u0259rk\u0259zinin binas\u0131n\u0131n \u00fcz\u0259rind\u0259 \u201cAz\u0259rbaycan\u0131n m\u0259d\u0259niyy\u0259t paytaxt\u0131 \u015eu\u015fa\u201d yaz\u0131lm\u0131\u015f v\u0259 \u015eu\u015fa qalas\u0131n\u0131n foto\u015f\u0259kli \u0259ks olunmu\u015f b\u00f6y\u00fck baner yerl\u0259\u015fdirilib, bina Az\u0259rbaycan bayra\u011f\u0131n\u0131n r\u0259ngl\u0259ri il\u0259 i\u015f\u0131qland\u0131r\u0131l\u0131b. H\u0259mm\u00fc\u0259llifl\u0259ri [&hellip;]<\/p>","protected":false},"author":2,"featured_media":15218,"comment_status":"closed","ping_status":"closed","sticky":false,"template":"","format":"standard","meta":[],"categories":[137],"tags":[],"_links":{"self":[{"href":"https:\/\/legacy.dia.edu.az\/ru\/wp-json\/wp\/v2\/posts\/15214"}],"collection":[{"href":"https:\/\/legacy.dia.edu.az\/ru\/wp-json\/wp\/v2\/posts"}],"about":[{"href":"https:\/\/legacy.dia.edu.az\/ru\/wp-json\/wp\/v2\/types\/post"}],"author":[{"embeddable":true,"href":"https:\/\/legacy.dia.edu.az\/ru\/wp-json\/wp\/v2\/users\/2"}],"replies":[{"embeddable":true,"href":"https:\/\/legacy.dia.edu.az\/ru\/wp-json\/wp\/v2\/comments?post=15214"}],"version-history":[{"count":5,"href":"https:\/\/legacy.dia.edu.az\/ru\/wp-json\/wp\/v2\/posts\/15214\/revisions"}],"predecessor-version":[{"id":15222,"href":"https:\/\/legacy.dia.edu.az\/ru\/wp-json\/wp\/v2\/posts\/15214\/revisions\/15222"}],"wp:featuredmedia":[{"embeddable":true,"href":"https:\/\/legacy.dia.edu.az\/ru\/wp-json\/wp\/v2\/media\/15218"}],"wp:attachment":[{"href":"https:\/\/legacy.dia.edu.az\/ru\/wp-json\/wp\/v2\/media?parent=15214"}],"wp:term":[{"taxonomy":"category","embeddable":true,"href":"https:\/\/legacy.dia.edu.az\/ru\/wp-json\/wp\/v2\/categories?post=15214"},{"taxonomy":"post_tag","embeddable":true,"href":"https:\/\/legacy.dia.edu.az\/ru\/wp-json\/wp\/v2\/tags?post=15214"}],"curies":[{"name":"wp","href":"https:\/\/api.w.org\/{rel}","templated":true}]}}