{"id":15021,"date":"2021-10-25T12:09:45","date_gmt":"2021-10-25T09:09:45","guid":{"rendered":"https:\/\/dia.edu.az\/?p=15021"},"modified":"2021-10-25T12:16:54","modified_gmt":"2021-10-25T09:16:54","slug":"dovl%c9%99t-idar%c9%99cilik-akademiyasinin-professorunun-kitabi","status":"publish","type":"post","link":"https:\/\/legacy.dia.edu.az\/ru\/arxivl\u0259r\/15021","title":{"rendered":"D\u00f6vl\u0259t \u0130dar\u0259\u00e7ilik Akademiyas\u0131n\u0131n professorunun kitab\u0131"},"content":{"rendered":"<div data-elementor-type=\"wp-post\" data-elementor-id=\"15021\" class=\"elementor elementor-15021\" data-elementor-settings=\"[]\">\n\t\t\t\t\t\t<div class=\"elementor-inner\">\n\t\t\t\t\t\t\t<div class=\"elementor-section-wrap\">\n\t\t\t\t\t\t\t<section class=\"elementor-section elementor-top-section elementor-element elementor-element-dd015dc elementor-section-boxed elementor-section-height-default elementor-section-height-default\" data-id=\"dd015dc\" data-element_type=\"section\">\n\t\t\t\t\t\t<div class=\"elementor-container elementor-column-gap-default\">\n\t\t\t\t\t\t\t<div class=\"elementor-row\">\n\t\t\t\t\t<div class=\"elementor-column elementor-col-100 elementor-top-column elementor-element elementor-element-4e840ffb\" data-id=\"4e840ffb\" data-element_type=\"column\">\n\t\t\t<div class=\"elementor-column-wrap elementor-element-populated\">\n\t\t\t\t\t\t\t<div class=\"elementor-widget-wrap\">\n\t\t\t\t\t\t<div class=\"elementor-element elementor-element-39d64cd6 elementor-widget elementor-widget-text-editor\" data-id=\"39d64cd6\" data-element_type=\"widget\" data-widget_type=\"text-editor.default\">\n\t\t\t\t<div class=\"elementor-widget-container\">\n\t\t\t\t\t\t\t\t<div class=\"elementor-text-editor elementor-clearfix\">\n\t\t\t\t\t<p>D&ouml;vl\u0259t \u0130dar\u0259&ccedil;ilik Akademiyas\u0131n\u0131n professorunun kitab\u0131 beyn\u0259lxalq elektron platformada d\u0259rc olunub<\/p>\t\t\t\t\t<\/div>\n\t\t\t\t\t\t<\/div>\n\t\t\t\t<\/div>\n\t\t\t\t\t\t<\/div>\n\t\t\t\t\t<\/div>\n\t\t<\/div>\n\t\t\t\t\t\t\t\t<\/div>\n\t\t\t\t\t<\/div>\n\t\t<\/section>\n\t\t\t\t<section class=\"elementor-section elementor-top-section elementor-element elementor-element-28b2af2 elementor-section-boxed elementor-section-height-default elementor-section-height-default\" data-id=\"28b2af2\" data-element_type=\"section\">\n\t\t\t\t\t\t<div class=\"elementor-container elementor-column-gap-default\">\n\t\t\t\t\t\t\t<div class=\"elementor-row\">\n\t\t\t\t\t<div class=\"elementor-column elementor-col-100 elementor-top-column elementor-element elementor-element-0176d35\" data-id=\"0176d35\" data-element_type=\"column\">\n\t\t\t<div class=\"elementor-column-wrap elementor-element-populated\">\n\t\t\t\t\t\t\t<div class=\"elementor-widget-wrap\">\n\t\t\t\t\t\t<div class=\"elementor-element elementor-element-4191bf8 elementor-widget elementor-widget-text-editor\" data-id=\"4191bf8\" data-element_type=\"widget\" data-widget_type=\"text-editor.default\">\n\t\t\t\t<div class=\"elementor-widget-container\">\n\t\t\t\t\t\t\t\t<div class=\"elementor-text-editor elementor-clearfix\">\n\t\t\t\t\t<p style=\"text-align: justify;\">Az\u0259rbaycan Respublikas\u0131n\u0131n Prezidenti yan\u0131nda D&ouml;vl\u0259t Idar\u0259&ccedil;ilik Akademiyas\u0131n\u0131n D&ouml;vl\u0259t idar\u0259etm\u0259si v\u0259 menecment kafedras\u0131n\u0131n m&uuml;diri, professor Xatir\u0259 H&uuml;seynovan\u0131n h\u0259mm&uuml;\u0259llifi oldu\u011fu&nbsp;&ldquo;K\u0259m\u0259r v\u0259 Yol t\u0259\u015f\u0259bb&uuml;s&uuml; Cinin qlobal iqtisadi izi&rdquo; (Belt ans Road&nbsp; \u0130nitiative&nbsp; Chinas&nbsp; qlobal bussines footprint) adl\u0131 kitab \u0130ngilt\u0259r\u0259d\u0259 &ldquo;\u0130qtisadiyyat v\u0259 biznes ara\u015fd\u0131rmalar\u0131 M\u0259rk\u0259zinin&rdquo; (CBER) d\u0259st\u0259yi il\u0259&nbsp; 2021-ci ild\u0259 &ccedil;apdan &ccedil;\u0131xm\u0131\u015f v\u0259 www.amazon.com&nbsp; sayt\u0131nda yerl\u0259\u015fdirilmi\u015fdir.<\/p>\n<p style=\"text-align: justify;\">Prof. X.M. H&uuml;seynovan\u0131n &ldquo;K\u0259m\u0259r v\u0259 Yol t\u0259\u015f\u0259bb&uuml;s&uuml; v\u0259 M\u0259rk\u0259zi D\u0259hliz: &Ccedil;in, X\u0259z\u0259r, v\u0259 Avropa aras\u0131nda logistik k&ouml;rp&uuml; &rdquo; ( Belt and Road&nbsp; \u0130nitiative&nbsp; and the Central Corridor: Logistics bridge between China, the Caspian, and Europe) adl\u0131 yaz\u0131 Cinin s&uuml;r\u0259tl\u0259 b&ouml;y&uuml;m\u0259sind\u0259n ba\u015flayaraq h&ouml;km s&uuml;r\u0259n qlobal t\u0259kq&uuml;tbl&uuml; nizam, iki q&uuml;tbl&uuml; iqtisadi nizama do\u011fru ke&ccedil;m\u0259y\u0259 ba\u015flamas\u0131, bu &ccedil;\u0259r&ccedil;iv\u0259d\u0259 &Ccedil;inin &ldquo;Bir k\u0259m\u0259r, bir yol&rdquo; t\u0259\u015f\u0259bb&uuml;s&uuml; d&uuml;\u015f&uuml;n&uuml;lm&uuml;\u015f \u0259n iddial\u0131 layih\u0259l\u0259rd\u0259n biri say\u0131ld\u0131\u011f\u0131 qeyd edilir. Kitab &Ccedil;inin bu t\u0259\u015f\u0259bb&uuml;s&uuml;n&uuml;n qlobal iqtisadiyyata t\u0259sirinin m&uuml;xt\u0259lif t\u0259r\u0259fl\u0259rini \u0259hat\u0259 edir, perspektivl\u0259r t\u0259hlil olunur, iqtisadi t\u0259sirl\u0259rl\u0259 ba\u011fl\u0131 h\u0259r t\u0259r\u0259fli bax\u0131\u015flar\u0131 t\u0259qdim edir.<\/p>\n<p style=\"text-align: justify;\">&ldquo;K\u0259m\u0259r v\u0259 Yol t\u0259\u015f\u0259bb&uuml;s&uuml; v\u0259 M\u0259rk\u0259zi D\u0259hliz: &Ccedil;in, X\u0259z\u0259r, v\u0259 Avropa aras\u0131nda logistik k&ouml;rp&uuml;&rdquo; b&ouml;lm\u0259sind\u0259 izah edilir ki, Az\u0259rbaycan m&uuml;st\u0259qillik qazand\u0131qdan sonra yax\u015f\u0131 tan\u0131nmaqla v\u0259 Avropa il\u0259 X\u0259z\u0259r h&ouml;vz\u0259si aras\u0131nda enerji t\u0259hl&uuml;k\u0259sizliyi v\u0259 n\u0259qliyyat infrastrukturu daxil olmaqla bir &ccedil;ox sah\u0259l\u0259rd\u0259 m&uuml;sb\u0259t bir n&uuml;fuz qazan\u0131b. Bu c&uuml;r m&uuml;sb\u0259t n&uuml;fuz v\u0259 Az\u0259rbaycan\u0131n regional v\u0259 qlobal t\u0259cr&uuml;b\u0259si &ouml;lk\u0259ni m&uuml;asir \u0130p\u0259k Yolu layih\u0259sinin \u0259sas &ouml;lk\u0259l\u0259rind\u0259n birin\u0259 &ccedil;evirmi\u015fdir.<\/p>\n<p style=\"text-align: justify;\">&Ccedil;inin ba\u015flatd\u0131\u011f\u0131 K\u0259m\u0259r v\u0259 Yol T\u0259\u015f\u015f\u0259bb&uuml;s&uuml; (BR\u0130) adl\u0131 iddial\u0131 iqtisadi layih\u0259d\u0259 Az\u0259rbaycan Respublikas\u0131n\u0131n m&uuml;h&uuml;m rolu a&ccedil;\u0131qlanm\u0131\u015fd\u0131r. Az\u0259rbaycan Respublikas\u0131, C\u0259nubi Qafqaz b&ouml;lg\u0259sind\u0259, \u015eimali v\u0259 C\u0259nub, \u015e\u0259rq v\u0259 Q\u0259rbin k\u0259si\u015fm\u0259sind\u0259 yerl\u0259\u015f\u0259n v\u0259 Asiya il\u0259 Avropa aras\u0131nda k&ouml;rp&uuml; oynayan m&uuml;h&uuml;m bir &ouml;lk\u0259dir.<\/p>\n<p style=\"text-align: justify;\">Bu bax\u0131mdan Az\u0259rbaycan\u0131n &ldquo;Bir k\u0259m\u0259r, bir yol&rdquo; layih\u0259sind\u0259 n\u0259qliyyat v\u0259 geosiyasi &uuml;st&uuml;nl&uuml;kl\u0259ri var. B&ouml;lm\u0259d\u0259 q\u0259dim \u0130p\u0259k Yolu v\u0259 m&uuml;asir K\u0259m\u0259r v\u0259 Yol T\u0259\u015f\u015f\u0259b&uuml;s&uuml; strategiyas\u0131nda m&uuml;h&uuml;m rol oynayan Az\u0259rbaycan\u0131n n\u0259qliyyat v\u0259 logistika &uuml;st&uuml;nl&uuml;kl\u0259rini t\u0259qdim olunur.<\/p>\n<p style=\"text-align: justify;\">oxumaq &uuml;&ccedil;&uuml;n a\u015fa\u011f\u0131dak\u0131 linkl\u0259 ke&ccedil;id ed\u0259 bil\u0259rsiz:<\/p>\n<p style=\"text-align: justify;\"><a href=\"https:\/\/www.amazon.%20com\/dp \/BO991FG6MF\">(https:\/\/www.amazon. com\/dp \/BO991FG6MF)<\/a><\/p>\t\t\t\t\t<\/div>\n\t\t\t\t\t\t<\/div>\n\t\t\t\t<\/div>\n\t\t\t\t\t\t<\/div>\n\t\t\t\t\t<\/div>\n\t\t<\/div>\n\t\t\t\t\t\t\t\t<\/div>\n\t\t\t\t\t<\/div>\n\t\t<\/section>\n\t\t\t\t\t\t<\/div>\n\t\t\t\t\t\t<\/div>\n\t\t\t\t\t<\/div>","protected":false},"excerpt":{"rendered":"<p>D&ouml;vl\u0259t \u0130dar\u0259&ccedil;ilik Akademiyas\u0131n\u0131n professorunun kitab\u0131 beyn\u0259lxalq elektron platformada d\u0259rc olunub Az\u0259rbaycan Respublikas\u0131n\u0131n Prezidenti yan\u0131nda D&ouml;vl\u0259t Idar\u0259&ccedil;ilik Akademiyas\u0131n\u0131n D&ouml;vl\u0259t idar\u0259etm\u0259si v\u0259 menecment kafedras\u0131n\u0131n m&uuml;diri, professor Xatir\u0259 H&uuml;seynovan\u0131n h\u0259mm&uuml;\u0259llifi oldu\u011fu&nbsp;&ldquo;K\u0259m\u0259r v\u0259 Yol t\u0259\u015f\u0259bb&uuml;s&uuml; Cinin qlobal iqtisadi izi&rdquo; (Belt ans Road&nbsp; \u0130nitiative&nbsp; Chinas&nbsp; qlobal bussines footprint) adl\u0131 kitab \u0130ngilt\u0259r\u0259d\u0259 &ldquo;\u0130qtisadiyyat v\u0259 biznes ara\u015fd\u0131rmalar\u0131 M\u0259rk\u0259zinin&rdquo; (CBER) d\u0259st\u0259yi il\u0259&nbsp; 2021-ci [&hellip;]<\/p>","protected":false},"author":2,"featured_media":15026,"comment_status":"closed","ping_status":"closed","sticky":false,"template":"","format":"standard","meta":[],"categories":[137],"tags":[],"_links":{"self":[{"href":"https:\/\/legacy.dia.edu.az\/ru\/wp-json\/wp\/v2\/posts\/15021"}],"collection":[{"href":"https:\/\/legacy.dia.edu.az\/ru\/wp-json\/wp\/v2\/posts"}],"about":[{"href":"https:\/\/legacy.dia.edu.az\/ru\/wp-json\/wp\/v2\/types\/post"}],"author":[{"embeddable":true,"href":"https:\/\/legacy.dia.edu.az\/ru\/wp-json\/wp\/v2\/users\/2"}],"replies":[{"embeddable":true,"href":"https:\/\/legacy.dia.edu.az\/ru\/wp-json\/wp\/v2\/comments?post=15021"}],"version-history":[{"count":12,"href":"https:\/\/legacy.dia.edu.az\/ru\/wp-json\/wp\/v2\/posts\/15021\/revisions"}],"predecessor-version":[{"id":15035,"href":"https:\/\/legacy.dia.edu.az\/ru\/wp-json\/wp\/v2\/posts\/15021\/revisions\/15035"}],"wp:featuredmedia":[{"embeddable":true,"href":"https:\/\/legacy.dia.edu.az\/ru\/wp-json\/wp\/v2\/media\/15026"}],"wp:attachment":[{"href":"https:\/\/legacy.dia.edu.az\/ru\/wp-json\/wp\/v2\/media?parent=15021"}],"wp:term":[{"taxonomy":"category","embeddable":true,"href":"https:\/\/legacy.dia.edu.az\/ru\/wp-json\/wp\/v2\/categories?post=15021"},{"taxonomy":"post_tag","embeddable":true,"href":"https:\/\/legacy.dia.edu.az\/ru\/wp-json\/wp\/v2\/tags?post=15021"}],"curies":[{"name":"wp","href":"https:\/\/api.w.org\/{rel}","templated":true}]}}