{"id":14996,"date":"2021-10-22T09:25:39","date_gmt":"2021-10-22T06:25:39","guid":{"rendered":"https:\/\/dia.edu.az\/?p=14996"},"modified":"2021-11-11T18:33:53","modified_gmt":"2021-11-11T15:33:53","slug":"az%c9%99rbaycan-numay%c9%99nd%c9%99-hey%c9%99ti-beyn%c9%99lxalq-konfransda-istirak-etmisdir","status":"publish","type":"post","link":"https:\/\/legacy.dia.edu.az\/ru\/arxivl\u0259r\/14996","title":{"rendered":"Az\u0259rbaycan n\u00fcmay\u0259nd\u0259 hey\u0259ti Beyn\u0259lxalq konfransda i\u015ftirak etmi\u015fdir"},"content":{"rendered":"<div data-elementor-type=\"wp-post\" data-elementor-id=\"14996\" class=\"elementor elementor-14996\" data-elementor-settings=\"[]\">\n\t\t\t\t\t\t<div class=\"elementor-inner\">\n\t\t\t\t\t\t\t<div class=\"elementor-section-wrap\">\n\t\t\t\t\t\t\t<section class=\"elementor-section elementor-top-section elementor-element elementor-element-684fcb9 elementor-section-boxed elementor-section-height-default elementor-section-height-default\" data-id=\"684fcb9\" data-element_type=\"section\">\n\t\t\t\t\t\t<div class=\"elementor-container elementor-column-gap-default\">\n\t\t\t\t\t\t\t<div class=\"elementor-row\">\n\t\t\t\t\t<div class=\"elementor-column elementor-col-100 elementor-top-column elementor-element elementor-element-fc7737f\" data-id=\"fc7737f\" data-element_type=\"column\">\n\t\t\t<div class=\"elementor-column-wrap elementor-element-populated\">\n\t\t\t\t\t\t\t<div class=\"elementor-widget-wrap\">\n\t\t\t\t\t\t<div class=\"elementor-element elementor-element-99599e1 elementor-widget elementor-widget-text-editor\" data-id=\"99599e1\" data-element_type=\"widget\" data-widget_type=\"text-editor.default\">\n\t\t\t\t<div class=\"elementor-widget-container\">\n\t\t\t\t\t\t\t\t<div class=\"elementor-text-editor elementor-clearfix\">\n\t\t\t\t\t<p>Az\u0259rbaycan n&uuml;may\u0259nd\u0259 hey\u0259ti Beyn\u0259lxalq konfransda i\u015ftirak etmi\u015fdir<\/p>\t\t\t\t\t<\/div>\n\t\t\t\t\t\t<\/div>\n\t\t\t\t<\/div>\n\t\t\t\t\t\t<\/div>\n\t\t\t\t\t<\/div>\n\t\t<\/div>\n\t\t\t\t\t\t\t\t<\/div>\n\t\t\t\t\t<\/div>\n\t\t<\/section>\n\t\t\t\t<section class=\"elementor-section elementor-top-section elementor-element elementor-element-73a507f elementor-section-boxed elementor-section-height-default elementor-section-height-default\" data-id=\"73a507f\" data-element_type=\"section\">\n\t\t\t\t\t\t<div class=\"elementor-container elementor-column-gap-default\">\n\t\t\t\t\t\t\t<div class=\"elementor-row\">\n\t\t\t\t\t<div class=\"elementor-column elementor-col-100 elementor-top-column elementor-element elementor-element-d7dc936\" data-id=\"d7dc936\" data-element_type=\"column\">\n\t\t\t<div class=\"elementor-column-wrap elementor-element-populated\">\n\t\t\t\t\t\t\t<div class=\"elementor-widget-wrap\">\n\t\t\t\t\t\t<div class=\"elementor-element elementor-element-c551560 elementor-widget elementor-widget-text-editor\" data-id=\"c551560\" data-element_type=\"widget\" data-widget_type=\"text-editor.default\">\n\t\t\t\t<div class=\"elementor-widget-container\">\n\t\t\t\t\t\t\t\t<div class=\"elementor-text-editor elementor-clearfix\">\n\t\t\t\t\t<p style=\"text-align: justify;\">Avrasiya T\u0259dqiqatlar\u0131 \u0130nstitutunun t\u0259\u015f\u0259bb&uuml;s&uuml; il\u0259 oktyabr ay\u0131nda ke&ccedil;iril\u0259n &ldquo;Tarixiliyin m&uuml;dd\u0259ti olmur: N&uuml;rnberq prosesinin bitm\u0259sinin 75 illiyin\u0259&rdquo; h\u0259sr olunmu\u015f beyn\u0259lxalq konfransda Az\u0259rbaycan n&uuml;may\u0259nd\u0259 hey\u0259ti d\u0259 i\u015ftirak etmi\u015fdir.<\/p>\n<p style=\"text-align: justify;\">Az\u0259rbaycan n&uuml;may\u0259nd\u0259 hey\u0259tinin t\u0259rkibi &#8220;Baku Network&#8221; Ekspert \u015euras\u0131n\u0131n direktoru G&uuml;lnar\u0259 M\u0259mm\u0259dzad\u0259, Az\u0259rbaycan Respublikas\u0131n\u0131n Prezidenti yan\u0131nda&nbsp; D&ouml;vl\u0259t \u0130dar\u0259&ccedil;ilik Akademiyas\u0131n\u0131n &ldquo;Beyn\u0259lxalq m&uuml;nasib\u0259tl\u0259r v\u0259 xarici siyas\u0259t&rdquo; kafedras\u0131n\u0131n m&uuml;diri, f&ouml;vq\u0259lad\u0259 v\u0259 s\u0259lahiyy\u0259tli s\u0259fir, professor Namiq \u018fliyev v\u0259 &ldquo;Avrasiya T\u0259dqiqatlar\u0131 \u0130nstitutu&rdquo; \u0130nki\u015faf Fondunun filial m&uuml;diri Rauf H\u0259s\u0259novdan ibar\u0259t olmu\u015fdur.<\/p>\n<p style=\"text-align: justify;\">T\u0259dbir Rusiya Federasiyas\u0131n\u0131n Kalininqrad \u015f\u0259h\u0259rind\u0259, \u0130mmanuel Kant ad\u0131na Baltik Federal Universitetind\u0259 &ldquo;Tarixiliyin m&uuml;dd\u0259ti olmur&rdquo; layih\u0259si &ccedil;\u0259r&ccedil;iv\u0259sind\u0259 ba\u015f tutmu\u015fdur. Bu layih\u0259, B&ouml;y&uuml;k V\u0259t\u0259n m&uuml;harib\u0259si d&ouml;vr&uuml;nd\u0259 nasistl\u0259rin v\u0259 onlar\u0131n \u0259lalt\u0131lar\u0131n\u0131n h\u0259rbi cinay\u0259tl\u0259rinin qurbanlar\u0131n\u0131n, fa\u015fizm &uuml;z\u0259rind\u0259 q\u0259l\u0259b\u0259 &ccedil;al\u0131nmas\u0131nda SSR\u0130 xalqlar\u0131n\u0131n verdiyi t&ouml;hf\u0259l\u0259rin, &uuml;mumilikd\u0259 is\u0259 B&ouml;y&uuml;k V\u0259t\u0259n m&uuml;harib\u0259sinin reall\u0131qlar\u0131na dair etibarl\u0131 faktlar\u0131n v\u0259 tarixi yadda\u015f\u0131n qorunmas\u0131 m\u0259qs\u0259dini da\u015f\u0131y\u0131r.<\/p>\n<p style=\"text-align: justify;\">Konfrans\u0131n moderatoru, &ldquo;Avrasiya T\u0259dqiqatlar\u0131 Institutu&rdquo; Inki\u015faf Fondunun prezidenti Valeri Tursunov &ouml;z &ccedil;\u0131x\u0131\u015f\u0131nda &ldquo;N&uuml;rnberq d\u0259rsl\u0259ri&rdquo;ni v\u0259 onlar\u0131n beyn\u0259lxalq h&uuml;quq sistemind\u0259 \u0259h\u0259miyy\u0259tini xat\u0131rlama\u011f\u0131n v\u0259 diqq\u0259td\u0259 saxlama\u011f\u0131n z\u0259ruriliyini vur\u011fulam\u0131\u015fd\u0131r.<\/p>\n<p style=\"text-align: justify;\">\u0130mmanuel Kant ad\u0131na Baltik Federal Universitetinin rektoru Aleksandr Fyodorov 75 il bundan \u0259vv\u0259l ba\u015f ver\u0259n hadis\u0259l\u0259ri t\u0259hrif ed\u0259r\u0259k oxumaq c\u0259hdl\u0259rinin qar\u015f\u0131s\u0131n\u0131 alma\u011f\u0131n Rusiyan\u0131n elm v\u0259 t\u0259hsil ictimaiyy\u0259ti &uuml;&ccedil;&uuml;n \u0259sas v\u0259zif\u0259 oldu\u011funa \u0259minliyini ifad\u0259 etmi\u015fdir.<\/p>\n<p style=\"text-align: justify;\">Rusiya Federasiyas\u0131 Prezidentinin \u015eimali Q\u0259rb federal dair\u0259si &uuml;zr\u0259 s\u0259lahiyy\u0259tli n&uuml;may\u0259nd\u0259sinin m&uuml;avini Roman Bala\u015fov da &ouml;z n&ouml;vb\u0259sind\u0259 bildirmi\u015fdir ki, Rusiya Federasiyas\u0131 \u0130stintaq Komit\u0259si t\u0259r\u0259find\u0259n B&ouml;y&uuml;k V\u0259t\u0259n m&uuml;harib\u0259si ill\u0259rind\u0259 alman-fa\u015fist i\u015f\u011fal&ccedil;\u0131lar\u0131n\u0131n Sovet Ittifaq\u0131 xalqlar\u0131na qar\u015f\u0131 soyq\u0131r\u0131m\u0131 il\u0259 ba\u011fl\u0131 cinay\u0259t i\u015fi a&ccedil;\u0131ld\u0131\u011f\u0131na dair q\u0259rar q\u0259bul edilmi\u015fdir.<\/p>\n<p style=\"text-align: justify;\">O.E. Kutafin ad\u0131na Universitetin (MDHA) rektoru Viktor Blajeyev qeyd etmi\u015fdir ki, N&uuml;rnberq tribunal\u0131 &#8211; tarixd\u0259 m&uuml;harib\u0259ni ba\u015fladan insanlar\u0131n cinay\u0259t m\u0259suliyy\u0259tin\u0259 c\u0259lb olundu\u011fu ilk hald\u0131r v\u0259 bu h\u0259rbi tribunal\u0131n h&ouml;km&uuml; yeni d&uuml;nya nizam\u0131n\u0131n \u0259sas\u0131n\u0131 qoymu\u015fdur.<\/p>\n<p style=\"text-align: justify;\">Moskva D&ouml;vl\u0259t H&uuml;quq Akademiyas\u0131n\u0131n Cinay\u0259t h&uuml;ququ kafedras\u0131n\u0131n professoru Lyudmila \u0130noqamova-Xegay t\u0259cav&uuml;z\u0259 s\u0259b\u0259b olan fiziki v\u0259 h&uuml;quqi \u015f\u0259xsl\u0259r\u0259 qar\u015f\u0131 cinay\u0259t m\u0259suliyy\u0259tinin a&ccedil;\u0131lmas\u0131n\u0131n vacibliyi m\u0259s\u0259l\u0259sini qald\u0131rm\u0131\u015fd\u0131r.<\/p>\n<p style=\"text-align: justify;\">O.E. Kutafin ad\u0131na Universitetin (MDHA) Beyn\u0259lxalq h&uuml;quq kafedras\u0131n\u0131n professoru Vya&ccedil;eslav Bat\u0131r &ouml;z n&ouml;vb\u0259sind\u0259 vur\u011fulam\u0131\u015fd\u0131r ki, &ldquo;N&uuml;rnberq d\u0259rsl\u0259ri &#8211; fa\u015fizmin reabilitasiyas\u0131n\u0131n, tribunal\u0131n prinsipl\u0259rinin v\u0259 d\u0259y\u0259rl\u0259rinin saxtala\u015fd\u0131r\u0131lmas\u0131n\u0131n, elan olunmu\u015f v\u0259 m&uuml;hakim\u0259 edilmi\u015f faktlar\u0131n mahiyy\u0259tinin pozulmas\u0131n\u0131n qar\u015f\u0131s\u0131n\u0131 almaqd\u0131r&rdquo;.<\/p>\n<p style=\"text-align: justify;\">Konfrans i\u015ftirak&ccedil;\u0131lar\u0131, h\u0259m&ccedil;inin, N&uuml;rnberq prosesinin art\u0131q ke&ccedil;mi\u015fd\u0259 qalmas\u0131 v\u0259 fa\u015fist ideologiyas\u0131n\u0131n yay\u0131lmas\u0131 vasit\u0259si kimi \u0130kinci d&uuml;nya m&uuml;harib\u0259sinin nasist cinay\u0259tkarlar\u0131n\u0131n q\u0259hr\u0259manla\u015fd\u0131r\u0131lmas\u0131 m\u0259s\u0259l\u0259sini d\u0259 m&uuml;zakir\u0259 etmi\u015fl\u0259r.<\/p>\n<p style=\"text-align: justify;\">Professor Namiq \u018fliyev &ldquo;Fa\u015fist ideologiyas\u0131n\u0131n yay\u0131lmas\u0131n\u0131n vasit\u0259si kimi II d&uuml;nya m&uuml;harib\u0259si nasistl\u0259rinin q\u0259hr\u0259manla\u015fd\u0131r\u0131lmas\u0131&rdquo; m&ouml;vzusunda m\u0259ruz\u0259 il\u0259 &ccedil;\u0131x\u0131\u015f ed\u0259r\u0259k, \u0130kinci d&uuml;nya m&uuml;harib\u0259si hadis\u0259l\u0259ri il\u0259 m&uuml;asir d&ouml;vrd\u0259 ba\u015f ver\u0259n prosesl\u0259r aras\u0131nda m&uuml;qayis\u0259l\u0259r aparm\u0131\u015fd\u0131r. Erm\u0259nistanda Njde kimi nasist \u0259lalt\u0131lar\u0131 xatir\u0259sini \u0259b\u0259dil\u0259\u015fdirilm\u0259si &ndash; fa\u015fist ideologiyas\u0131n\u0131 ya\u015fatmaq, g\u0259nc n\u0259slin bu ideologiyada t\u0259rbiy\u0259 etm\u0259k dem\u0259kdir. Erm\u0259ni t\u0259c\u0259v&uuml;z&uuml;, t&ouml;r\u0259dilmi\u015f cinay\u0259tl\u0259r haqq\u0131nda, 44-g&uuml;nl&uuml;k V\u0259t\u0259n m&uuml;harib\u0259sind\u0259n sonra Az\u0259rbaycan qar\u015f\u0131s\u0131nda dayanan v\u0259zif\u0259l\u0259r haqq\u0131nda konfrans i\u015ftirak&ccedil;\u0131lar\u0131na m\u0259lumat verilmi\u015fdir.<\/p>\n<p style=\"text-align: justify;\">C\u0131x\u0131\u015f\u0131n m\u0259tni il\u0259 bu &uuml;nvanda tan\u0131\u015f ola bil\u0259rsiniz <a href=\"https:\/\/news.day.az\/politics\/1389416.html?fbclid=IwAR3fcSg-W0dmE8ufh9dvGBYY5Ofmc3liP2MXM4baEM2NY8ibVA5BV2Zdb4s\">ttps:\/\/news.day.az\/politics\/1389416.html?fbclid=IwAR3fcSg-W0dmE8ufh9dvGBYY5Ofmc3liP2MXM4baEM2NY8ibVA5BV2Zdb4s<\/a><\/p>\t\t\t\t\t<\/div>\n\t\t\t\t\t\t<\/div>\n\t\t\t\t<\/div>\n\t\t\t\t\t\t<\/div>\n\t\t\t\t\t<\/div>\n\t\t<\/div>\n\t\t\t\t\t\t\t\t<\/div>\n\t\t\t\t\t<\/div>\n\t\t<\/section>\n\t\t\t\t\t\t<\/div>\n\t\t\t\t\t\t<\/div>\n\t\t\t\t\t<\/div>","protected":false},"excerpt":{"rendered":"<p>Az\u0259rbaycan n\u00fcmay\u0259nd\u0259 hey\u0259ti Beyn\u0259lxalq konfransda i\u015ftirak etmi\u015fdir Avrasiya T\u0259dqiqatlar\u0131 \u0130nstitutunun t\u0259\u015f\u0259bb\u00fcs\u00fc il\u0259 oktyabr ay\u0131nda ke\u00e7iril\u0259n \u201cTarixiliyin m\u00fcdd\u0259ti olmur: N\u00fcrnberq prosesinin bitm\u0259sinin 75 illiyin\u0259\u201d h\u0259sr olunmu\u015f beyn\u0259lxalq konfransda Az\u0259rbaycan n\u00fcmay\u0259nd\u0259 hey\u0259ti d\u0259 i\u015ftirak etmi\u015fdir. Az\u0259rbaycan n\u00fcmay\u0259nd\u0259 hey\u0259tinin t\u0259rkibi &#8220;Baku Network&#8221; Ekspert \u015euras\u0131n\u0131n direktoru G\u00fclnar\u0259 M\u0259mm\u0259dzad\u0259, Az\u0259rbaycan Respublikas\u0131n\u0131n Prezidenti yan\u0131nda&nbsp; D\u00f6vl\u0259t \u0130dar\u0259\u00e7ilik Akademiyas\u0131n\u0131n \u201cBeyn\u0259lxalq m\u00fcnasib\u0259tl\u0259r v\u0259 xarici [&hellip;]<\/p>","protected":false},"author":2,"featured_media":15001,"comment_status":"closed","ping_status":"closed","sticky":false,"template":"","format":"standard","meta":[],"categories":[137],"tags":[],"_links":{"self":[{"href":"https:\/\/legacy.dia.edu.az\/ru\/wp-json\/wp\/v2\/posts\/14996"}],"collection":[{"href":"https:\/\/legacy.dia.edu.az\/ru\/wp-json\/wp\/v2\/posts"}],"about":[{"href":"https:\/\/legacy.dia.edu.az\/ru\/wp-json\/wp\/v2\/types\/post"}],"author":[{"embeddable":true,"href":"https:\/\/legacy.dia.edu.az\/ru\/wp-json\/wp\/v2\/users\/2"}],"replies":[{"embeddable":true,"href":"https:\/\/legacy.dia.edu.az\/ru\/wp-json\/wp\/v2\/comments?post=14996"}],"version-history":[{"count":12,"href":"https:\/\/legacy.dia.edu.az\/ru\/wp-json\/wp\/v2\/posts\/14996\/revisions"}],"predecessor-version":[{"id":15223,"href":"https:\/\/legacy.dia.edu.az\/ru\/wp-json\/wp\/v2\/posts\/14996\/revisions\/15223"}],"wp:featuredmedia":[{"embeddable":true,"href":"https:\/\/legacy.dia.edu.az\/ru\/wp-json\/wp\/v2\/media\/15001"}],"wp:attachment":[{"href":"https:\/\/legacy.dia.edu.az\/ru\/wp-json\/wp\/v2\/media?parent=14996"}],"wp:term":[{"taxonomy":"category","embeddable":true,"href":"https:\/\/legacy.dia.edu.az\/ru\/wp-json\/wp\/v2\/categories?post=14996"},{"taxonomy":"post_tag","embeddable":true,"href":"https:\/\/legacy.dia.edu.az\/ru\/wp-json\/wp\/v2\/tags?post=14996"}],"curies":[{"name":"wp","href":"https:\/\/api.w.org\/{rel}","templated":true}]}}