{"id":14974,"date":"2021-10-22T08:54:03","date_gmt":"2021-10-22T05:54:03","guid":{"rendered":"https:\/\/dia.edu.az\/?p=14974"},"modified":"2021-11-11T18:34:36","modified_gmt":"2021-11-11T15:34:36","slug":"dovl%c9%99t-idar%c9%99cilik-akademiyasinda-c%c9%99nubi-qafqaz-postmunaqis%c9%99","status":"publish","type":"post","link":"https:\/\/legacy.dia.edu.az\/ru\/arxivl\u0259r\/14974","title":{"rendered":"D\u00f6vl\u0259t \u0130dar\u0259\u00e7ilik Akademiyas\u0131nda \u201cC\u0259nubi Qafqaz: postm\u00fcnaqi\u015f\u0259 v\u0259ziyy\u0259tinin siyasi-h\u00fcquqi aspektl\u0259ri\u201d m\u00f6vzusunda beyn\u0259lxalq elmi-praktik konfrans ke\u00e7irilib"},"content":{"rendered":"<div data-elementor-type=\"wp-post\" data-elementor-id=\"14974\" class=\"elementor elementor-14974\" data-elementor-settings=\"[]\">\n\t\t\t\t\t\t<div class=\"elementor-inner\">\n\t\t\t\t\t\t\t<div class=\"elementor-section-wrap\">\n\t\t\t\t\t\t\t<section class=\"elementor-section elementor-top-section elementor-element elementor-element-5aa3d11f elementor-section-boxed elementor-section-height-default elementor-section-height-default\" data-id=\"5aa3d11f\" data-element_type=\"section\">\n\t\t\t\t\t\t<div class=\"elementor-container elementor-column-gap-default\">\n\t\t\t\t\t\t\t<div class=\"elementor-row\">\n\t\t\t\t\t<div class=\"elementor-column elementor-col-100 elementor-top-column elementor-element elementor-element-274d210b\" data-id=\"274d210b\" data-element_type=\"column\">\n\t\t\t<div class=\"elementor-column-wrap elementor-element-populated\">\n\t\t\t\t\t\t\t<div class=\"elementor-widget-wrap\">\n\t\t\t\t\t\t<div class=\"elementor-element elementor-element-2b20e150 elementor-widget elementor-widget-text-editor\" data-id=\"2b20e150\" data-element_type=\"widget\" data-widget_type=\"text-editor.default\">\n\t\t\t\t<div class=\"elementor-widget-container\">\n\t\t\t\t\t\t\t\t<div class=\"elementor-text-editor elementor-clearfix\">\n\t\t\t\t\t<h1 style=\"text-align: center;\"><span style=\"color: #0000ff;\"><strong>D&ouml;vl\u0259t \u0130dar\u0259&ccedil;ilik Akademiyas\u0131nda&nbsp;&ldquo;<\/strong><strong>C\u0259nubi Qafqaz: postm&uuml;naqi\u015f\u0259 <\/strong><strong>v\u0259ziyy\u0259tinin siyasi-h&uuml;quqi aspektl\u0259ri<\/strong><strong>&rdquo; m&ouml;vzusunda beyn\u0259lxalq <\/strong><strong>elmi-praktik <\/strong><strong>konfrans ke&ccedil;irilib<\/strong><\/span><\/h1>\n<p>&nbsp;<\/p>\t\t\t\t\t<\/div>\n\t\t\t\t\t\t<\/div>\n\t\t\t\t<\/div>\n\t\t\t\t\t\t<\/div>\n\t\t\t\t\t<\/div>\n\t\t<\/div>\n\t\t\t\t\t\t\t\t<\/div>\n\t\t\t\t\t<\/div>\n\t\t<\/section>\n\t\t\t\t<section class=\"elementor-section elementor-top-section elementor-element elementor-element-bac73ef elementor-section-boxed elementor-section-height-default elementor-section-height-default\" data-id=\"bac73ef\" data-element_type=\"section\">\n\t\t\t\t\t\t<div class=\"elementor-container elementor-column-gap-default\">\n\t\t\t\t\t\t\t<div class=\"elementor-row\">\n\t\t\t\t\t<div class=\"elementor-column elementor-col-100 elementor-top-column elementor-element elementor-element-b627e5d\" data-id=\"b627e5d\" data-element_type=\"column\">\n\t\t\t<div class=\"elementor-column-wrap elementor-element-populated\">\n\t\t\t\t\t\t\t<div class=\"elementor-widget-wrap\">\n\t\t\t\t\t\t<div class=\"elementor-element elementor-element-037cd6a elementor-widget elementor-widget-text-editor\" data-id=\"037cd6a\" data-element_type=\"widget\" data-widget_type=\"text-editor.default\">\n\t\t\t\t<div class=\"elementor-widget-container\">\n\t\t\t\t\t\t\t\t<div class=\"elementor-text-editor elementor-clearfix\">\n\t\t\t\t\t<h1 style=\"text-align: center;\"><span style=\"color: #0000ff;\"><strong>\u00a0<\/strong><\/span><\/h1>\n<p><strong>\u00a0<\/strong><\/p>\n<p>Az\u0259rbaycan Respublikas\u0131n\u0131n Prezidenti yan\u0131nda D\u00f6vl\u0259t \u0130dar\u0259\u00e7ilik Akademiyas\u0131 v\u0259 AMEA H\u00fcquq v\u0259 \u0130nsan Haqlar\u0131 \u0130nstitutunun birg\u0259 t\u0259\u015fkilat\u00e7\u0131l\u0131\u011f\u0131 il\u0259 44 g\u00fcnl\u00fck V\u0259t\u0259n m\u00fcharib\u0259sind\u0259 Az\u0259rbaycan xalq\u0131n\u0131n parlaq q\u0259l\u0259b\u0259sinin birilliyin\u0259 h\u0259sr olunan \u201cC\u0259nubi Qafqaz: postm\u00fcnaqi\u015f\u0259 v\u0259ziyy\u0259tinin siyasi-h\u00fcquqi aspektl\u0259ri\u201d m\u00f6vzusunda beyn\u0259lxalq elmi-praktik onlayn konfrans ke\u00e7irilib.<\/p>\n<p style=\"text-align: justify;\">Beyn\u0259lxalq konfrans\u0131 a\u00e7\u0131l\u0131\u015f nitq\u0131 il\u0259 Az\u0259rbaycan Respublikas\u0131n\u0131n Prezidenti yan\u0131nda D\u00f6vl\u0259t \u0130dar\u0259\u00e7ilik Akademiyas\u0131n\u0131n rektoru, akademik Urxan \u018fl\u0259kb\u0259rov v\u0259 Az\u0259rbaycan Millli Elml\u0259r Akademiyas\u0131 H\u00fcquq v\u0259 \u0130nsan Haqlar\u0131 \u0130nstitutunun direktoru, professor Ayt\u0259n Mustafazad\u0259 a\u00e7\u0131blar. Natiql\u0259r, \u00f6z \u00e7\u0131x\u0131\u015flar\u0131nda 44 g\u00fcn s\u00fcr\u0259n v\u0259 Az\u0259rbaycan\u0131n \u0259razi b\u00fct\u00f6vl\u00fcy\u00fcn\u00fcn tam b\u0259rpas\u0131 il\u0259 n\u0259tic\u0259l\u0259n\u0259n bu Z\u0259f\u0259ri \u00f6lk\u0259 Prezidentinin innovativ inki\u015faf strategiyas\u0131n\u0131n t\u0259nt\u0259n\u0259li yekunu kimi d\u0259y\u0259rl\u0259ndiribl\u0259r.<\/p>\n<p style=\"text-align: justify;\">Konfrans i\u015ftirak\u00e7\u0131lar\u0131n\u0131 Suxumi (G\u00fcrc\u00fcstan) D\u00f6vl\u0259t Universitetinin rektoru, G\u00fcrc\u00fcstan Pedaqoji Elml\u0259r Akademiyas\u0131n\u0131n prezidenti professor, s\u0259fir Zurab Xonelidze salamlam\u0131\u015fd\u0131r. O, Az\u0259rbaycan Respublikas\u0131n\u0131n Prezidenti yan\u0131nda D\u0130A v\u0259 AMEA-n\u0131n H\u00fcquq v\u0259 \u0130nsan Haqlar\u0131 \u0130nstitutu il\u0259 h\u0259yata kemiril\u0259n \u0259m\u0259kda\u015fl\u0131q haqq\u0131nda dan\u0131\u015fm\u0131\u015fd\u0131r.<\/p>\n<p style=\"text-align: justify;\">Konfransda i\u015ftirak\u00e7\u0131lar\u0131na professor Namiq \u018fliyevin elmi redakt\u0259si il\u0259\u201cElm v\u0259 t\u0259hsil\u201d n\u0259\u015friyyat\u0131nda Az\u0259rbaycan v\u0259 rus dill\u0259rind\u0259 \u00e7ap olunmu\u015f m\u0259qal\u0259l\u0259r toplusu t\u0259qdim olunmu\u015fdur.<\/p>\n<p style=\"text-align: justify;\">Daha sonra 9 \u00f6lk\u0259d\u0259n (Az\u0259rbaycan, G\u00fcrc\u00fcstan, \u0130srail, Litva, Moldova, Pol\u015fa, Russiya, Qazax\u0131stan, Q\u0131rq\u0131z\u0131stan) konfransa qat\u0131lan g\u00f6rk\u0259mli alim v\u0259 t\u0259dqiqat\u00e7\u0131lar haz\u0131rlad\u0131qlar\u0131 t\u0259qdimatlarla \u00e7\u0131x\u0131\u015f ed\u0259r\u0259k, m\u00fczakir\u0259l\u0259r apar\u0131blar. M\u00fczakir\u0259l\u0259rd\u0259 Az\u0259rbaycan\u0131n 44 g\u00fcnl\u00fck parlaq q\u0259l\u0259b\u0259si, m\u00fcharib\u0259nin geosiyasi n\u0259tic\u0259l\u0259ri, erm\u0259ni revan\u015fizminin C\u0259nubi Qafqaz\u0131n t\u0259hl\u00fck\u0259sizliyin\u0259 ciddi t\u0259hdid yaratmas\u0131,\u00a0 m\u00fcharib\u0259d\u0259n sonra M\u0259rk\u0259zi Asiya v\u0259 C\u0259nubi Qafqaz \u00f6lk\u0259l\u0259ri aras\u0131nda \u0259m\u0259kda\u015fl\u0131q, azad edilmi\u015f Qaraba\u011f \u0259razil\u0259rinin b\u0259rpas\u0131n\u0131n geoiqtisadi perspektivl\u0259ri, Z\u0259ng\u0259zur tranzit d\u0259hlizinin \u0259h\u0259miyy\u0259ti v\u0259 s. m\u00f6vzularda m\u0259ruz\u0259l\u0259r t\u0259qdim edibl\u0259r.<\/p>\n<p>\u00a0<\/p>\n<p><strong>\u00a0<\/strong><\/p>\n<p>\u00a0<\/p>\t\t\t\t\t<\/div>\n\t\t\t\t\t\t<\/div>\n\t\t\t\t<\/div>\n\t\t\t\t\t\t<\/div>\n\t\t\t\t\t<\/div>\n\t\t<\/div>\n\t\t\t\t\t\t\t\t<\/div>\n\t\t\t\t\t<\/div>\n\t\t<\/section>\n\t\t\t\t\t\t<\/div>\n\t\t\t\t\t\t<\/div>\n\t\t\t\t\t<\/div>","protected":false},"excerpt":{"rendered":"<p>D\u00f6vl\u0259t \u0130dar\u0259\u00e7ilik Akademiyas\u0131nda&nbsp;\u201cC\u0259nubi Qafqaz: postm\u00fcnaqi\u015f\u0259 v\u0259ziyy\u0259tinin siyasi-h\u00fcquqi aspektl\u0259ri\u201d m\u00f6vzusunda beyn\u0259lxalq elmi-praktik konfrans ke\u00e7irilib &nbsp; &nbsp; &nbsp; Az\u0259rbaycan Respublikas\u0131n\u0131n Prezidenti yan\u0131nda D\u00f6vl\u0259t \u0130dar\u0259\u00e7ilik Akademiyas\u0131 v\u0259 AMEA H\u00fcquq v\u0259 \u0130nsan Haqlar\u0131 \u0130nstitutunun birg\u0259 t\u0259\u015fkilat\u00e7\u0131l\u0131\u011f\u0131 il\u0259 44 g\u00fcnl\u00fck V\u0259t\u0259n m\u00fcharib\u0259sind\u0259 Az\u0259rbaycan xalq\u0131n\u0131n parlaq q\u0259l\u0259b\u0259sinin birilliyin\u0259 h\u0259sr olunan \u201cC\u0259nubi Qafqaz: postm\u00fcnaqi\u015f\u0259 v\u0259ziyy\u0259tinin siyasi-h\u00fcquqi aspektl\u0259ri\u201d m\u00f6vzusunda beyn\u0259lxalq elmi-praktik onlayn konfrans [&hellip;]<\/p>","protected":false},"author":2,"featured_media":14080,"comment_status":"closed","ping_status":"closed","sticky":false,"template":"","format":"standard","meta":[],"categories":[137],"tags":[],"_links":{"self":[{"href":"https:\/\/legacy.dia.edu.az\/ru\/wp-json\/wp\/v2\/posts\/14974"}],"collection":[{"href":"https:\/\/legacy.dia.edu.az\/ru\/wp-json\/wp\/v2\/posts"}],"about":[{"href":"https:\/\/legacy.dia.edu.az\/ru\/wp-json\/wp\/v2\/types\/post"}],"author":[{"embeddable":true,"href":"https:\/\/legacy.dia.edu.az\/ru\/wp-json\/wp\/v2\/users\/2"}],"replies":[{"embeddable":true,"href":"https:\/\/legacy.dia.edu.az\/ru\/wp-json\/wp\/v2\/comments?post=14974"}],"version-history":[{"count":16,"href":"https:\/\/legacy.dia.edu.az\/ru\/wp-json\/wp\/v2\/posts\/14974\/revisions"}],"predecessor-version":[{"id":15224,"href":"https:\/\/legacy.dia.edu.az\/ru\/wp-json\/wp\/v2\/posts\/14974\/revisions\/15224"}],"wp:featuredmedia":[{"embeddable":true,"href":"https:\/\/legacy.dia.edu.az\/ru\/wp-json\/wp\/v2\/media\/14080"}],"wp:attachment":[{"href":"https:\/\/legacy.dia.edu.az\/ru\/wp-json\/wp\/v2\/media?parent=14974"}],"wp:term":[{"taxonomy":"category","embeddable":true,"href":"https:\/\/legacy.dia.edu.az\/ru\/wp-json\/wp\/v2\/categories?post=14974"},{"taxonomy":"post_tag","embeddable":true,"href":"https:\/\/legacy.dia.edu.az\/ru\/wp-json\/wp\/v2\/tags?post=14974"}],"curies":[{"name":"wp","href":"https:\/\/api.w.org\/{rel}","templated":true}]}}