{"id":14948,"date":"2021-10-15T16:39:52","date_gmt":"2021-10-15T13:39:52","guid":{"rendered":"https:\/\/dia.edu.az\/?p=14948"},"modified":"2021-10-15T16:53:03","modified_gmt":"2021-10-15T13:53:03","slug":"dovl%c9%99t-idar%c9%99cilik-akademiyasinda18-oktyabr-must%c9%99qilliyin-b%c9%99rpasi-gunu-il%c9%99-%c9%99laq%c9%99dar-konfrans-kecirilib","status":"publish","type":"post","link":"https:\/\/legacy.dia.edu.az\/ru\/arxivl\u0259r\/14948","title":{"rendered":"D\u00f6vl\u0259t \u0130dar\u0259\u00e7ilik Akademiyas\u0131nda18 oktyabr-M\u00fcst\u0259qilliyin B\u0259rpas\u0131 G\u00fcn\u00fc il\u0259 \u0259laq\u0259dar konfrans ke\u00e7irilib"},"content":{"rendered":"<div data-elementor-type=\"wp-post\" data-elementor-id=\"14948\" class=\"elementor elementor-14948\" data-elementor-settings=\"[]\">\n\t\t\t\t\t\t<div class=\"elementor-inner\">\n\t\t\t\t\t\t\t<div class=\"elementor-section-wrap\">\n\t\t\t\t\t\t\t<section class=\"elementor-section elementor-top-section elementor-element elementor-element-24d56b7 elementor-section-boxed elementor-section-height-default elementor-section-height-default\" data-id=\"24d56b7\" data-element_type=\"section\">\n\t\t\t\t\t\t<div class=\"elementor-container elementor-column-gap-default\">\n\t\t\t\t\t\t\t<div class=\"elementor-row\">\n\t\t\t\t\t<div class=\"elementor-column elementor-col-100 elementor-top-column elementor-element elementor-element-613f2ca\" data-id=\"613f2ca\" data-element_type=\"column\">\n\t\t\t<div class=\"elementor-column-wrap elementor-element-populated\">\n\t\t\t\t\t\t\t<div class=\"elementor-widget-wrap\">\n\t\t\t\t\t\t<div class=\"elementor-element elementor-element-7b652e1 elementor-widget elementor-widget-text-editor\" data-id=\"7b652e1\" data-element_type=\"widget\" data-widget_type=\"text-editor.default\">\n\t\t\t\t<div class=\"elementor-widget-container\">\n\t\t\t\t\t\t\t\t<div class=\"elementor-text-editor elementor-clearfix\">\n\t\t\t\t\t<p style=\"text-align: center;\"><strong>D&ouml;vl\u0259t \u0130dar\u0259&ccedil;ilik Akademiyas\u0131nda<\/strong><strong>18 oktyabr-M&uuml;st\u0259qilliyin B\u0259rpas\u0131 G&uuml;n&uuml; il\u0259 \u0259laq\u0259dar konfrans ke&ccedil;irilib<\/strong><\/p>\n<p style=\"text-align: justify;\">&nbsp;<\/p>\t\t\t\t\t<\/div>\n\t\t\t\t\t\t<\/div>\n\t\t\t\t<\/div>\n\t\t\t\t\t\t<\/div>\n\t\t\t\t\t<\/div>\n\t\t<\/div>\n\t\t\t\t\t\t\t\t<\/div>\n\t\t\t\t\t<\/div>\n\t\t<\/section>\n\t\t\t\t<section class=\"elementor-section elementor-top-section elementor-element elementor-element-d4a3874 elementor-section-boxed elementor-section-height-default elementor-section-height-default\" data-id=\"d4a3874\" data-element_type=\"section\">\n\t\t\t\t\t\t<div class=\"elementor-container elementor-column-gap-default\">\n\t\t\t\t\t\t\t<div class=\"elementor-row\">\n\t\t\t\t\t<div class=\"elementor-column elementor-col-100 elementor-top-column elementor-element elementor-element-93168d6\" data-id=\"93168d6\" data-element_type=\"column\">\n\t\t\t<div class=\"elementor-column-wrap elementor-element-populated\">\n\t\t\t\t\t\t\t<div class=\"elementor-widget-wrap\">\n\t\t\t\t\t\t<div class=\"elementor-element elementor-element-919d7be elementor-widget elementor-widget-text-editor\" data-id=\"919d7be\" data-element_type=\"widget\" data-widget_type=\"text-editor.default\">\n\t\t\t\t<div class=\"elementor-widget-container\">\n\t\t\t\t\t\t\t\t<div class=\"elementor-text-editor elementor-clearfix\">\n\t\t\t\t\t<p style=\"text-align: justify;\">Oktyabr\u0131n 15-d\u0259 Az\u0259rbaycan Respublikas\u0131n\u0131n Prezidenti yan\u0131nda D&ouml;vl\u0259t \u0130dar\u0259&ccedil;ilik Akademiyas\u0131nda&nbsp;18 oktyabr-M&uuml;st\u0259qilliyin B\u0259rpas\u0131 G&uuml;n&uuml; il\u0259 \u0259laq\u0259dar konfrans ke&ccedil;irilib.<\/p>\n<p style=\"text-align: justify;\">T\u0259dbird\u0259 D\u0130A-n\u0131n rektoru, akademik Urxan \u018fl\u0259kb\u0259rov &ouml;t\u0259n 30 il \u0259rzind\u0259 Az\u0259rbaycanda \u0259ld\u0259 edil\u0259n nailiyy\u0259tl\u0259rd\u0259n dan\u0131\u015f\u0131b, &ouml;lk\u0259nin u\u011furlu inki\u015faf\u0131 say\u0259sind\u0259 d&ouml;vl\u0259t&ccedil;ilik \u0259n\u0259n\u0259l\u0259rimizin m&ouml;hk\u0259ml\u0259ndiyini, iqtisadi v\u0259 siyasi g&uuml;c&uuml;m&uuml;z&uuml;n artd\u0131\u011f\u0131n\u0131 bildirib. Qeyd edib ki, m&uuml;st\u0259qil Az\u0259rbaycan Respublikas\u0131 bu g&uuml;n h\u0259r bir soyda\u015f\u0131m\u0131z &uuml;&ccedil;&uuml;n \u0259sl q&uuml;rur m\u0259nb\u0259yin\u0259 &ccedil;evrilib.<\/p>\n<p style=\"text-align: justify;\">U.\u018fl\u0259kb\u0259rov vur\u011fulay\u0131b ki, m&uuml;st\u0259qilliyin ilk ill\u0259rind\u0259 Az\u0259rbaycan d\u0259rin siyasi, iqtisadi v\u0259 sosial b&ouml;hranla yana\u015f\u0131, Erm\u0259nistan\u0131n h\u0259rbi t\u0259cav&uuml;z&uuml;, xalq\u0131m\u0131za qar\u015f\u0131 h\u0259yata ke&ccedil;iril\u0259n etnik t\u0259mizl\u0259m\u0259 siyas\u0259ti il\u0259 &uuml;zl\u0259\u015fib. Xalq\u0131m\u0131z\u0131n t\u0259kidli t\u0259l\u0259bi il\u0259 ulu &ouml;nd\u0259r Heyd\u0259r \u018fliyevin 1993-c&uuml; ild\u0259 hakimiyy\u0259t\u0259 qay\u0131d\u0131\u015f\u0131 v\u0259 apard\u0131\u011f\u0131 m&uuml;drik siyas\u0259t n\u0259tic\u0259sind\u0259 &ouml;lk\u0259miz par&ccedil;alanma t\u0259hl&uuml;k\u0259sind\u0259n xilas etdi.<\/p>\n<p style=\"text-align: justify;\">Akademik Urxan \u018fl\u0259kb\u0259rov 44 g&uuml;nl&uuml;k V\u0259t\u0259n m&uuml;harib\u0259sind\u0259n, M&uuml;z\u0259ff\u0259r Ali Ba\u015f Komandan \u0130lham \u018fliyevin r\u0259hb\u0259rliyi il\u0259 q&uuml;dr\u0259tli Az\u0259rbaycan Ordusunun d&uuml;\u015fm\u0259n &uuml;z\u0259rind\u0259 qazand\u0131\u011f\u0131 parlaq q\u0259l\u0259b\u0259d\u0259n s&ouml;z a&ccedil;\u0131b. \u0130kinci Qaraba\u011f m&uuml;harib\u0259sind\u0259 Az\u0259rbaycan ordusunun q\u0259hr\u0259manl\u0131\u011f\u0131n\u0131, m&uuml;barizliyini x&uuml;susi qeyd edib. Rektor bildirib ki, q\u0259l\u0259b\u0259mizin ba\u015fl\u0131ca amili Prezident, Ali Ba\u015f Komandan \u0130lham \u018fliyevin uzun m&uuml;dd\u0259t \u0259rzind\u0259 h\u0259yata ke&ccedil;irdiyi g&uuml;cl&uuml; d&ouml;vl\u0259t, g&uuml;cl&uuml; xalq v\u0259 g&uuml;cl&uuml; ordu strategiyas\u0131 olmu\u015fdur.<\/p>\n<p style=\"text-align: justify;\">Konfransda Az\u0259rbaycan Respublikas\u0131n\u0131n Prezidenti yan\u0131nda D&ouml;vl\u0259t \u0130dar\u0259&ccedil;ilik Akademiyas\u0131n\u0131n Siyasi idar\u0259etm\u0259 fak&uuml;lt\u0259sinin dekan\u0131 professor El&ccedil;in \u018fhm\u0259dov, Tarix kafedras\u0131n\u0131n professoru H\u0259vva M\u0259mm\u0259dova, Politologiya v\u0259 siyasi idar\u0259etm\u0259 kafedras\u0131n\u0131n m&uuml;\u0259llimi Zaur M\u0259mm\u0259dov, H&uuml;quq kafedras\u0131n\u0131n m&uuml;\u0259llimi Fuad S&uuml;l&uuml;ynamov v\u0259 dig\u0259rl\u0259ri &ccedil;\u0131x\u0131\u015f ed\u0259r\u0259k d&ouml;vl\u0259t m&uuml;st\u0259qilliyimizin b\u0259rpas\u0131 u\u011frunda ged\u0259n m&uuml;bariz\u0259l\u0259rd\u0259n, \u0259ld\u0259 olunan u\u011furlardan b\u0259hs edib. &Ccedil;\u0131x\u0131\u015f&ccedil;\u0131lar 30 il \u0259vv\u0259l Az\u0259rbaycan\u0131n d&ouml;vl\u0259t m&uuml;st\u0259qilliyinin b\u0259rpa edilm\u0259sini xalq\u0131m\u0131z\u0131n tarixind\u0259 b&ouml;y&uuml;k hadis\u0259 kimi qiym\u0259tl\u0259ndirib, &ouml;lk\u0259nin \u0259ld\u0259 etdiyi u\u011furlar bar\u0259d\u0259 fikirl\u0259rini b&ouml;l&uuml;\u015f&uuml;bl\u0259r. Natiql\u0259r bildiribl\u0259r ki, tarix d\u0259f\u0259l\u0259rl\u0259&nbsp;s&uuml;but edib ki,&nbsp;m&uuml;st\u0259qilliyi&nbsp;qoruyub saxlamaq onu qazanmaqdan qat-qat &ccedil;\u0259tindir.&nbsp;Az\u0259rbaycan xalq\u0131 bu il bu bayram\u0131 tam f\u0259rqli olaraq, &ouml;z \u0259razi b&uuml;t&ouml;vl&uuml;y&uuml;n&uuml; b\u0259rpa etmi\u015f qalib xalq kimi qeyd edir.<\/p>\t\t\t\t\t<\/div>\n\t\t\t\t\t\t<\/div>\n\t\t\t\t<\/div>\n\t\t\t\t\t\t<\/div>\n\t\t\t\t\t<\/div>\n\t\t<\/div>\n\t\t\t\t\t\t\t\t<\/div>\n\t\t\t\t\t<\/div>\n\t\t<\/section>\n\t\t\t\t<section class=\"elementor-section elementor-top-section elementor-element elementor-element-7eaaba9 elementor-section-boxed elementor-section-height-default elementor-section-height-default\" data-id=\"7eaaba9\" data-element_type=\"section\">\n\t\t\t\t\t\t<div class=\"elementor-container elementor-column-gap-default\">\n\t\t\t\t\t\t\t<div class=\"elementor-row\">\n\t\t\t\t\t<div class=\"elementor-column elementor-col-33 elementor-top-column elementor-element elementor-element-de347e8 elementor-invisible\" data-id=\"de347e8\" data-element_type=\"column\" data-settings=\"{&quot;animation&quot;:&quot;fadeInUp&quot;}\">\n\t\t\t<div class=\"elementor-column-wrap elementor-element-populated\">\n\t\t\t\t\t\t\t<div class=\"elementor-widget-wrap\">\n\t\t\t\t\t\t<div class=\"elementor-element elementor-element-0f80ec8 elementor-widget elementor-widget-image\" data-id=\"0f80ec8\" data-element_type=\"widget\" data-widget_type=\"image.default\">\n\t\t\t\t<div class=\"elementor-widget-container\">\n\t\t\t\t\t\t\t\t<div class=\"elementor-image\">\n\t\t\t\t\t\t\t\t\t\t\t\t<img width=\"768\" height=\"395\" src=\"https:\/\/legacy.dia.edu.az\/wp-content\/uploads\/2021\/10\/69a8fd28-f07e-44a4-8eed-cc5bb09e20d9-1-768x395.jpg\" class=\"attachment-medium_large size-medium_large\" alt=\"\" srcset=\"https:\/\/legacy.dia.edu.az\/wp-content\/uploads\/2021\/10\/69a8fd28-f07e-44a4-8eed-cc5bb09e20d9-1-768x395.jpg 768w, https:\/\/legacy.dia.edu.az\/wp-content\/uploads\/2021\/10\/69a8fd28-f07e-44a4-8eed-cc5bb09e20d9-1-200x103.jpg 200w, https:\/\/legacy.dia.edu.az\/wp-content\/uploads\/2021\/10\/69a8fd28-f07e-44a4-8eed-cc5bb09e20d9-1-450x231.jpg 450w, https:\/\/legacy.dia.edu.az\/wp-content\/uploads\/2021\/10\/69a8fd28-f07e-44a4-8eed-cc5bb09e20d9-1-16x8.jpg 16w, https:\/\/legacy.dia.edu.az\/wp-content\/uploads\/2021\/10\/69a8fd28-f07e-44a4-8eed-cc5bb09e20d9-1.jpg 1280w\" sizes=\"(max-width: 768px) 100vw, 768px\" \/>\t\t\t\t\t\t\t\t\t\t\t\t\t\t<\/div>\n\t\t\t\t\t\t<\/div>\n\t\t\t\t<\/div>\n\t\t\t\t\t\t<\/div>\n\t\t\t\t\t<\/div>\n\t\t<\/div>\n\t\t\t\t<div class=\"elementor-column elementor-col-33 elementor-top-column elementor-element elementor-element-ead793a\" data-id=\"ead793a\" data-element_type=\"column\">\n\t\t\t<div class=\"elementor-column-wrap elementor-element-populated\">\n\t\t\t\t\t\t\t<div class=\"elementor-widget-wrap\">\n\t\t\t\t\t\t<div class=\"elementor-element elementor-element-bde26d1 elementor-widget elementor-widget-image\" data-id=\"bde26d1\" data-element_type=\"widget\" data-widget_type=\"image.default\">\n\t\t\t\t<div class=\"elementor-widget-container\">\n\t\t\t\t\t\t\t\t<div class=\"elementor-image\">\n\t\t\t\t\t\t\t\t\t\t\t\t<img src=\"https:\/\/dia.edu.az\/wp-content\/uploads\/2021\/10\/04d68e1f-b32b-44cf-8583-425698d3ce6e.jpg\" title=\"\" alt=\"\" \/>\t\t\t\t\t\t\t\t\t\t\t\t\t\t<\/div>\n\t\t\t\t\t\t<\/div>\n\t\t\t\t<\/div>\n\t\t\t\t\t\t<\/div>\n\t\t\t\t\t<\/div>\n\t\t<\/div>\n\t\t\t\t<div class=\"elementor-column elementor-col-33 elementor-top-column elementor-element elementor-element-7045648\" data-id=\"7045648\" data-element_type=\"column\">\n\t\t\t<div class=\"elementor-column-wrap elementor-element-populated\">\n\t\t\t\t\t\t\t<div class=\"elementor-widget-wrap\">\n\t\t\t\t\t\t<div class=\"elementor-element elementor-element-f4f3694 elementor-widget elementor-widget-image\" data-id=\"f4f3694\" data-element_type=\"widget\" data-widget_type=\"image.default\">\n\t\t\t\t<div class=\"elementor-widget-container\">\n\t\t\t\t\t\t\t\t<div class=\"elementor-image\">\n\t\t\t\t\t\t\t\t\t\t\t\t<img width=\"768\" height=\"401\" src=\"https:\/\/legacy.dia.edu.az\/wp-content\/uploads\/2021\/10\/05febbb3-bacd-40e8-b9f1-439e7d72ce1e-768x401.jpg\" class=\"attachment-medium_large size-medium_large\" alt=\"\" srcset=\"https:\/\/legacy.dia.edu.az\/wp-content\/uploads\/2021\/10\/05febbb3-bacd-40e8-b9f1-439e7d72ce1e-768x401.jpg 768w, https:\/\/legacy.dia.edu.az\/wp-content\/uploads\/2021\/10\/05febbb3-bacd-40e8-b9f1-439e7d72ce1e-200x105.jpg 200w, https:\/\/legacy.dia.edu.az\/wp-content\/uploads\/2021\/10\/05febbb3-bacd-40e8-b9f1-439e7d72ce1e-450x235.jpg 450w, https:\/\/legacy.dia.edu.az\/wp-content\/uploads\/2021\/10\/05febbb3-bacd-40e8-b9f1-439e7d72ce1e-16x8.jpg 16w, https:\/\/legacy.dia.edu.az\/wp-content\/uploads\/2021\/10\/05febbb3-bacd-40e8-b9f1-439e7d72ce1e.jpg 1280w\" sizes=\"(max-width: 768px) 100vw, 768px\" \/>\t\t\t\t\t\t\t\t\t\t\t\t\t\t<\/div>\n\t\t\t\t\t\t<\/div>\n\t\t\t\t<\/div>\n\t\t\t\t\t\t<\/div>\n\t\t\t\t\t<\/div>\n\t\t<\/div>\n\t\t\t\t\t\t\t\t<\/div>\n\t\t\t\t\t<\/div>\n\t\t<\/section>\n\t\t\t\t<section class=\"elementor-section elementor-top-section elementor-element elementor-element-9505882 elementor-section-boxed elementor-section-height-default elementor-section-height-default\" data-id=\"9505882\" data-element_type=\"section\">\n\t\t\t\t\t\t<div class=\"elementor-container elementor-column-gap-default\">\n\t\t\t\t\t\t\t<div class=\"elementor-row\">\n\t\t\t\t\t<div class=\"elementor-column elementor-col-50 elementor-top-column elementor-element elementor-element-fc04b02\" data-id=\"fc04b02\" data-element_type=\"column\">\n\t\t\t<div class=\"elementor-column-wrap elementor-element-populated\">\n\t\t\t\t\t\t\t<div class=\"elementor-widget-wrap\">\n\t\t\t\t\t\t<div class=\"elementor-element elementor-element-b5dd9ec elementor-widget elementor-widget-image\" data-id=\"b5dd9ec\" data-element_type=\"widget\" data-widget_type=\"image.default\">\n\t\t\t\t<div class=\"elementor-widget-container\">\n\t\t\t\t\t\t\t\t<div class=\"elementor-image\">\n\t\t\t\t\t\t\t\t\t\t\t\t<img width=\"450\" height=\"231\" src=\"https:\/\/legacy.dia.edu.az\/wp-content\/uploads\/2021\/10\/69a8fd28-f07e-44a4-8eed-cc5bb09e20d9-450x231.jpg\" class=\"attachment-large size-large\" alt=\"\" srcset=\"https:\/\/legacy.dia.edu.az\/wp-content\/uploads\/2021\/10\/69a8fd28-f07e-44a4-8eed-cc5bb09e20d9-450x231.jpg 450w, https:\/\/legacy.dia.edu.az\/wp-content\/uploads\/2021\/10\/69a8fd28-f07e-44a4-8eed-cc5bb09e20d9-200x103.jpg 200w, https:\/\/legacy.dia.edu.az\/wp-content\/uploads\/2021\/10\/69a8fd28-f07e-44a4-8eed-cc5bb09e20d9-768x395.jpg 768w, https:\/\/legacy.dia.edu.az\/wp-content\/uploads\/2021\/10\/69a8fd28-f07e-44a4-8eed-cc5bb09e20d9-16x8.jpg 16w, https:\/\/legacy.dia.edu.az\/wp-content\/uploads\/2021\/10\/69a8fd28-f07e-44a4-8eed-cc5bb09e20d9.jpg 1280w\" sizes=\"(max-width: 450px) 100vw, 450px\" \/>\t\t\t\t\t\t\t\t\t\t\t\t\t\t<\/div>\n\t\t\t\t\t\t<\/div>\n\t\t\t\t<\/div>\n\t\t\t\t\t\t<\/div>\n\t\t\t\t\t<\/div>\n\t\t<\/div>\n\t\t\t\t<div class=\"elementor-column elementor-col-50 elementor-top-column elementor-element elementor-element-3783d56\" data-id=\"3783d56\" data-element_type=\"column\">\n\t\t\t<div class=\"elementor-column-wrap elementor-element-populated\">\n\t\t\t\t\t\t\t<div class=\"elementor-widget-wrap\">\n\t\t\t\t\t\t<div class=\"elementor-element elementor-element-97d97a8 elementor-widget elementor-widget-image\" data-id=\"97d97a8\" data-element_type=\"widget\" data-widget_type=\"image.default\">\n\t\t\t\t<div class=\"elementor-widget-container\">\n\t\t\t\t\t\t\t\t<div class=\"elementor-image\">\n\t\t\t\t\t\t\t\t\t\t\t\t<img src=\"https:\/\/dia.edu.az\/wp-content\/uploads\/2021\/10\/WhatsApp-Image-2021-10-15-at-13.05.27.jpeg\" title=\"\" alt=\"\" \/>\t\t\t\t\t\t\t\t\t\t\t\t\t\t<\/div>\n\t\t\t\t\t\t<\/div>\n\t\t\t\t<\/div>\n\t\t\t\t\t\t<\/div>\n\t\t\t\t\t<\/div>\n\t\t<\/div>\n\t\t\t\t\t\t\t\t<\/div>\n\t\t\t\t\t<\/div>\n\t\t<\/section>\n\t\t\t\t\t\t<\/div>\n\t\t\t\t\t\t<\/div>\n\t\t\t\t\t<\/div>","protected":false},"excerpt":{"rendered":"<p>D\u00f6vl\u0259t \u0130dar\u0259\u00e7ilik Akademiyas\u0131nda18 oktyabr-M\u00fcst\u0259qilliyin B\u0259rpas\u0131 G\u00fcn\u00fc il\u0259 \u0259laq\u0259dar konfrans ke\u00e7irilib &nbsp; Oktyabr\u0131n 15-d\u0259 Az\u0259rbaycan Respublikas\u0131n\u0131n Prezidenti yan\u0131nda D\u00f6vl\u0259t \u0130dar\u0259\u00e7ilik Akademiyas\u0131nda&nbsp;18 oktyabr-M\u00fcst\u0259qilliyin B\u0259rpas\u0131 G\u00fcn\u00fc il\u0259 \u0259laq\u0259dar konfrans ke\u00e7irilib. T\u0259dbird\u0259 D\u0130A-n\u0131n rektoru, akademik Urxan \u018fl\u0259kb\u0259rov \u00f6t\u0259n 30 il \u0259rzind\u0259 Az\u0259rbaycanda \u0259ld\u0259 edil\u0259n nailiyy\u0259tl\u0259rd\u0259n dan\u0131\u015f\u0131b, \u00f6lk\u0259nin u\u011furlu inki\u015faf\u0131 say\u0259sind\u0259 d\u00f6vl\u0259t\u00e7ilik \u0259n\u0259n\u0259l\u0259rimizin m\u00f6hk\u0259ml\u0259ndiyini, iqtisadi v\u0259 siyasi g\u00fcc\u00fcm\u00fcz\u00fcn artd\u0131\u011f\u0131n\u0131 bildirib. [&hellip;]<\/p>","protected":false},"author":2,"featured_media":14954,"comment_status":"closed","ping_status":"closed","sticky":false,"template":"","format":"standard","meta":[],"categories":[137],"tags":[],"_links":{"self":[{"href":"https:\/\/legacy.dia.edu.az\/ru\/wp-json\/wp\/v2\/posts\/14948"}],"collection":[{"href":"https:\/\/legacy.dia.edu.az\/ru\/wp-json\/wp\/v2\/posts"}],"about":[{"href":"https:\/\/legacy.dia.edu.az\/ru\/wp-json\/wp\/v2\/types\/post"}],"author":[{"embeddable":true,"href":"https:\/\/legacy.dia.edu.az\/ru\/wp-json\/wp\/v2\/users\/2"}],"replies":[{"embeddable":true,"href":"https:\/\/legacy.dia.edu.az\/ru\/wp-json\/wp\/v2\/comments?post=14948"}],"version-history":[{"count":10,"href":"https:\/\/legacy.dia.edu.az\/ru\/wp-json\/wp\/v2\/posts\/14948\/revisions"}],"predecessor-version":[{"id":14964,"href":"https:\/\/legacy.dia.edu.az\/ru\/wp-json\/wp\/v2\/posts\/14948\/revisions\/14964"}],"wp:featuredmedia":[{"embeddable":true,"href":"https:\/\/legacy.dia.edu.az\/ru\/wp-json\/wp\/v2\/media\/14954"}],"wp:attachment":[{"href":"https:\/\/legacy.dia.edu.az\/ru\/wp-json\/wp\/v2\/media?parent=14948"}],"wp:term":[{"taxonomy":"category","embeddable":true,"href":"https:\/\/legacy.dia.edu.az\/ru\/wp-json\/wp\/v2\/categories?post=14948"},{"taxonomy":"post_tag","embeddable":true,"href":"https:\/\/legacy.dia.edu.az\/ru\/wp-json\/wp\/v2\/tags?post=14948"}],"curies":[{"name":"wp","href":"https:\/\/api.w.org\/{rel}","templated":true}]}}