{"id":14924,"date":"2021-10-14T09:23:19","date_gmt":"2021-10-14T06:23:19","guid":{"rendered":"https:\/\/dia.edu.az\/?p=14924"},"modified":"2021-10-14T09:31:25","modified_gmt":"2021-10-14T06:31:25","slug":"dovl%c9%99t-idar%c9%99cilik-akademiyasinda-tarixi-q%c9%99l%c9%99b%c9%99miz-%c9%99dal%c9%99tin-t%c9%99nt%c9%99n%c9%99sidir-movzusunda-onlayn-t%c9%99lim-kecirilib","status":"publish","type":"post","link":"https:\/\/legacy.dia.edu.az\/ru\/arxivl\u0259r\/14924","title":{"rendered":"D\u00f6vl\u0259t \u0130dar\u0259\u00e7ilik Akademiyas\u0131nda  \u201cTarixi q\u0259l\u0259b\u0259miz \u0259dal\u0259tin t\u0259nt\u0259n\u0259sidir\u201d m\u00f6vzusunda onlayn t\u0259lim ke\u00e7irilib"},"content":{"rendered":"<div data-elementor-type=\"wp-post\" data-elementor-id=\"14924\" class=\"elementor elementor-14924\" data-elementor-settings=\"[]\">\n\t\t\t\t\t\t<div class=\"elementor-inner\">\n\t\t\t\t\t\t\t<div class=\"elementor-section-wrap\">\n\t\t\t\t\t\t\t<section class=\"elementor-section elementor-top-section elementor-element elementor-element-0029f7a elementor-section-boxed elementor-section-height-default elementor-section-height-default\" data-id=\"0029f7a\" data-element_type=\"section\">\n\t\t\t\t\t\t<div class=\"elementor-container elementor-column-gap-default\">\n\t\t\t\t\t\t\t<div class=\"elementor-row\">\n\t\t\t\t\t<div class=\"elementor-column elementor-col-100 elementor-top-column elementor-element elementor-element-78ef515\" data-id=\"78ef515\" data-element_type=\"column\">\n\t\t\t<div class=\"elementor-column-wrap elementor-element-populated\">\n\t\t\t\t\t\t\t<div class=\"elementor-widget-wrap\">\n\t\t\t\t\t\t<div class=\"elementor-element elementor-element-b255783 elementor-widget elementor-widget-text-editor\" data-id=\"b255783\" data-element_type=\"widget\" data-widget_type=\"text-editor.default\">\n\t\t\t\t<div class=\"elementor-widget-container\">\n\t\t\t\t\t\t\t\t<div class=\"elementor-text-editor elementor-clearfix\">\n\t\t\t\t\t<h2 style=\"text-align: center;\"><span style=\"color: #0000ff;\"><strong>D&ouml;vl\u0259t \u0130dar\u0259&ccedil;ilik Akademiyas\u0131nda <\/strong><strong>&nbsp;&ldquo;Tarixi q\u0259l\u0259b\u0259miz \u0259dal\u0259tin t\u0259nt\u0259n\u0259sidir&rdquo; m&ouml;vzusunda onlayn t\u0259lim ke&ccedil;irilib<\/strong><\/span><\/h2>\n<p>&nbsp;<\/p>\n<p style=\"text-align: justify;\">Az\u0259rbaycan Respublikas\u0131n\u0131n Prezidenti yan\u0131nda D&ouml;vl\u0259t \u0130dar\u0259&ccedil;ilik Akademiyas\u0131nda &ldquo;Tarixi q\u0259l\u0259b\u0259miz \u0259dal\u0259tin t\u0259nt\u0259n\u0259sidir&rdquo; m&ouml;vzusunda onlayn t\u0259lim ke&ccedil;irilib.<\/p>\n<p style=\"text-align: justify;\">T\u0259limin \u0259sas m\u0259qs\u0259di regionda ba\u015f ver\u0259n siyasi prosesl\u0259rin t\u0259hlili, m&uuml;harib\u0259d\u0259n sonrak\u0131 d&ouml;vrd\u0259 m&uuml;nasib\u0259tl\u0259r, regionun yeni siyasi v\u0259ziyy\u0259ti haqq\u0131nda m\u0259lumat verm\u0259k v\u0259 dig\u0259r aktual m\u0259s\u0259l\u0259l\u0259r bar\u0259d\u0259 fikir m&uuml;badil\u0259si aparmaqdan ibar\u0259t olub.<\/p>\n<p style=\"text-align: justify;\">\u018fm\u0259kda\u015fl\u0131q f\u0259aliyy\u0259ti Az\u0259rbaycan Respublikas\u0131n\u0131n Prezidenti yan\u0131nda D&ouml;vl\u0259t \u0130dar\u0259&ccedil;ilik Akademiyas\u0131 v\u0259 Az\u0259rbaycan Respublikas\u0131 D&ouml;vl\u0259t Miqrasiya Xidm\u0259ti aras\u0131nda imzalanm\u0131\u015f \u0259m\u0259kda\u015fl\u0131q memorandumunu \u0259hat\u0259 edir.<\/p>\n<p style=\"text-align: justify;\">Az\u0259rbaycan Respublikas\u0131n\u0131n D&ouml;vl\u0259t Miqrasiya Xidm\u0259tinin d&ouml;vl\u0259t qulluq&ccedil;ular\u0131ndan ibar\u0259t \u0259m\u0259kda\u015flar\u0131 &uuml;&ccedil;&uuml;n Az\u0259rbaycan Respublikas\u0131n\u0131n Prezidenti yan\u0131nda D&ouml;vl\u0259t \u0130dar\u0259&ccedil;ilik Akademiyas\u0131nda &laquo;Tarixi q\u0259l\u0259b\u0259miz \u0259dal\u0259tin t\u0259nt\u0259n\u0259sidir&raquo; m&ouml;vzusunda onlayn formada n&ouml;vb\u0259ti t\u0259lim t\u0259\u015fkil edilib. D&ouml;vl\u0259t \u0130dar\u0259&ccedil;ilik Akademiyas\u0131n\u0131n &ldquo;Tarix&rdquo; kafedras\u0131n\u0131n m&uuml;diri dosent Firdovsiyy\u0259 \u018fhm\u0259dova m\u0259ruz\u0259 il\u0259 &ccedil;\u0131x\u0131\u015f edib. T\u0259limin \u0259sas m\u0259qs\u0259di 44 g&uuml;nl&uuml;k V\u0259t\u0259n m&uuml;harib\u0259sinin tarixi, h&uuml;quqi, siyasi t\u0259r\u0259fl\u0259rini dinl\u0259yicil\u0259rl\u0259 m&uuml;zakir\u0259 etm\u0259k olub. Qaraba\u011f sava\u015f\u0131n\u0131n tarixin\u0259 toxunan m&uuml;hazir\u0259&ccedil;i Dosent F.\u018fhm\u0259dova Cumhuriyy\u0259t d&ouml;vr&uuml;nd\u0259, 1990-ci v\u0259 2020-ci ill\u0259rd\u0259 Az\u0259rbaycan xalq\u0131n\u0131n &ouml;z torpaqlar\u0131n\u0131 qorumas\u0131ndan, m\u0259nfur d&uuml;\u015fm\u0259nl\u0259 m&uuml;bariz\u0259sind\u0259n s&ouml;hb\u0259t a&ccedil;\u0131b. F.\u018fhm\u0259dova qeyd edib ki, 30 il \u0259rzind\u0259 Az\u0259rbaycan d&ouml;vl\u0259ti problemi diplomatik yolla h\u0259ll etm\u0259y\u0259 &ccedil;al\u0131\u015fd\u0131lar. Ancaq Erm\u0259nistan hakimiyy\u0259tinin son d&ouml;vrl\u0259rd\u0259 s\u0259sl\u0259ndirdiyi \u015f&uuml;arlar m&uuml;harib\u0259y\u0259 \u0259sas verirdi. Natiq 30 il \u0259rzind\u0259 iqtisadiyyat\u0131m\u0131z\u0131n, ordumuzun, g&uuml;cl\u0259nm\u0259si, m&uuml;asir silahlarla silahlanmas\u0131, h\u0259rbi \u0259m\u0259kda\u015fl\u0131q v\u0259 s. m\u0259s\u0259l\u0259l\u0259r\u0259 d\u0259 toxundu.<\/p>\n<p style=\"text-align: justify;\">Sonda F.\u018fhm\u0259dova 44 g&uuml;nl&uuml;k m&uuml;harib\u0259 zaman\u0131 z\u0259f\u0259ri \u015f\u0259rtl\u0259ndir\u0259n \u0259sas amill\u0259rd\u0259n-Ali Ba\u015f Komandan, ordu v\u0259 xalq\u0131n m&uuml;t\u0259\u015f\u0259kkilliyind\u0259n, Qaraba\u011f torpaqlar\u0131nda hal-haz\u0131rda u\u011furla&nbsp; apar\u0131lan quruculuq i\u015fl\u0259rind\u0259n s&ouml;hb\u0259t a&ccedil;d\u0131. \u0130nteraktiv ke&ccedil;\u0259n t\u0259limd\u0259 dinl\u0259yicil\u0259rin suallar\u0131n\u0131 cavabland\u0131rd\u0131.<\/p>\n<p style=\"text-align: justify;\"><strong>&nbsp;<\/strong><\/p>\n<p>&nbsp;<\/p>\t\t\t\t\t<\/div>\n\t\t\t\t\t\t<\/div>\n\t\t\t\t<\/div>\n\t\t\t\t\t\t<\/div>\n\t\t\t\t\t<\/div>\n\t\t<\/div>\n\t\t\t\t\t\t\t\t<\/div>\n\t\t\t\t\t<\/div>\n\t\t<\/section>\n\t\t\t\t<section class=\"elementor-section elementor-top-section elementor-element elementor-element-49f323d elementor-section-boxed elementor-section-height-default elementor-section-height-default\" data-id=\"49f323d\" data-element_type=\"section\">\n\t\t\t\t\t\t<div class=\"elementor-container elementor-column-gap-default\">\n\t\t\t\t\t\t\t<div class=\"elementor-row\">\n\t\t\t\t\t<div class=\"elementor-column elementor-col-50 elementor-top-column elementor-element elementor-element-3e999dc\" data-id=\"3e999dc\" data-element_type=\"column\">\n\t\t\t<div class=\"elementor-column-wrap elementor-element-populated\">\n\t\t\t\t\t\t\t<div class=\"elementor-widget-wrap\">\n\t\t\t\t\t\t<div class=\"elementor-element elementor-element-0d5e54c elementor-widget elementor-widget-image\" data-id=\"0d5e54c\" data-element_type=\"widget\" data-widget_type=\"image.default\">\n\t\t\t\t<div class=\"elementor-widget-container\">\n\t\t\t\t\t\t\t\t<div class=\"elementor-image\">\n\t\t\t\t\t\t\t\t\t\t\t\t<img src=\"https:\/\/dia.edu.az\/wp-content\/uploads\/2021\/10\/13.png\" title=\"\" alt=\"\" \/>\t\t\t\t\t\t\t\t\t\t\t\t\t\t<\/div>\n\t\t\t\t\t\t<\/div>\n\t\t\t\t<\/div>\n\t\t\t\t\t\t<\/div>\n\t\t\t\t\t<\/div>\n\t\t<\/div>\n\t\t\t\t<div class=\"elementor-column elementor-col-50 elementor-top-column elementor-element elementor-element-2fe4730\" data-id=\"2fe4730\" data-element_type=\"column\">\n\t\t\t<div class=\"elementor-column-wrap elementor-element-populated\">\n\t\t\t\t\t\t\t<div class=\"elementor-widget-wrap\">\n\t\t\t\t\t\t<div class=\"elementor-element elementor-element-b135600 elementor-widget elementor-widget-image\" data-id=\"b135600\" data-element_type=\"widget\" data-widget_type=\"image.default\">\n\t\t\t\t<div class=\"elementor-widget-container\">\n\t\t\t\t\t\t\t\t<div class=\"elementor-image\">\n\t\t\t\t\t\t\t\t\t\t\t\t<img width=\"450\" height=\"253\" src=\"https:\/\/legacy.dia.edu.az\/wp-content\/uploads\/2021\/10\/12-450x253.png\" class=\"attachment-large size-large\" alt=\"\" srcset=\"https:\/\/legacy.dia.edu.az\/wp-content\/uploads\/2021\/10\/12-450x253.png 450w, https:\/\/legacy.dia.edu.az\/wp-content\/uploads\/2021\/10\/12-200x113.png 200w, https:\/\/legacy.dia.edu.az\/wp-content\/uploads\/2021\/10\/12-768x432.png 768w, https:\/\/legacy.dia.edu.az\/wp-content\/uploads\/2021\/10\/12-1536x864.png 1536w, https:\/\/legacy.dia.edu.az\/wp-content\/uploads\/2021\/10\/12-16x9.png 16w, https:\/\/legacy.dia.edu.az\/wp-content\/uploads\/2021\/10\/12.png 1600w\" sizes=\"(max-width: 450px) 100vw, 450px\" \/>\t\t\t\t\t\t\t\t\t\t\t\t\t\t<\/div>\n\t\t\t\t\t\t<\/div>\n\t\t\t\t<\/div>\n\t\t\t\t\t\t<\/div>\n\t\t\t\t\t<\/div>\n\t\t<\/div>\n\t\t\t\t\t\t\t\t<\/div>\n\t\t\t\t\t<\/div>\n\t\t<\/section>\n\t\t\t\t<section class=\"elementor-section elementor-top-section elementor-element elementor-element-d7f698e elementor-section-boxed elementor-section-height-default elementor-section-height-default\" data-id=\"d7f698e\" data-element_type=\"section\">\n\t\t\t\t\t\t<div class=\"elementor-container elementor-column-gap-default\">\n\t\t\t\t\t\t\t<div class=\"elementor-row\">\n\t\t\t\t\t<div class=\"elementor-column elementor-col-100 elementor-top-column elementor-element elementor-element-b6ee7b7\" data-id=\"b6ee7b7\" data-element_type=\"column\">\n\t\t\t<div class=\"elementor-column-wrap\">\n\t\t\t\t\t\t\t<div class=\"elementor-widget-wrap\">\n\t\t\t\t\t\t\t\t<\/div>\n\t\t\t\t\t<\/div>\n\t\t<\/div>\n\t\t\t\t\t\t\t\t<\/div>\n\t\t\t\t\t<\/div>\n\t\t<\/section>\n\t\t\t\t\t\t<\/div>\n\t\t\t\t\t\t<\/div>\n\t\t\t\t\t<\/div>","protected":false},"excerpt":{"rendered":"<p>D&ouml;vl\u0259t \u0130dar\u0259&ccedil;ilik Akademiyas\u0131nda &nbsp;&ldquo;Tarixi q\u0259l\u0259b\u0259miz \u0259dal\u0259tin t\u0259nt\u0259n\u0259sidir&rdquo; m&ouml;vzusunda onlayn t\u0259lim ke&ccedil;irilib &nbsp; Az\u0259rbaycan Respublikas\u0131n\u0131n Prezidenti yan\u0131nda D&ouml;vl\u0259t \u0130dar\u0259&ccedil;ilik Akademiyas\u0131nda &ldquo;Tarixi q\u0259l\u0259b\u0259miz \u0259dal\u0259tin t\u0259nt\u0259n\u0259sidir&rdquo; m&ouml;vzusunda onlayn t\u0259lim ke&ccedil;irilib. T\u0259limin \u0259sas m\u0259qs\u0259di regionda ba\u015f ver\u0259n siyasi prosesl\u0259rin t\u0259hlili, m&uuml;harib\u0259d\u0259n sonrak\u0131 d&ouml;vrd\u0259 m&uuml;nasib\u0259tl\u0259r, regionun yeni siyasi v\u0259ziyy\u0259ti haqq\u0131nda m\u0259lumat verm\u0259k v\u0259 dig\u0259r aktual m\u0259s\u0259l\u0259l\u0259r bar\u0259d\u0259 fikir m&uuml;badil\u0259si aparmaqdan [&hellip;]<\/p>","protected":false},"author":2,"featured_media":14928,"comment_status":"closed","ping_status":"closed","sticky":false,"template":"","format":"standard","meta":[],"categories":[137],"tags":[],"_links":{"self":[{"href":"https:\/\/legacy.dia.edu.az\/ru\/wp-json\/wp\/v2\/posts\/14924"}],"collection":[{"href":"https:\/\/legacy.dia.edu.az\/ru\/wp-json\/wp\/v2\/posts"}],"about":[{"href":"https:\/\/legacy.dia.edu.az\/ru\/wp-json\/wp\/v2\/types\/post"}],"author":[{"embeddable":true,"href":"https:\/\/legacy.dia.edu.az\/ru\/wp-json\/wp\/v2\/users\/2"}],"replies":[{"embeddable":true,"href":"https:\/\/legacy.dia.edu.az\/ru\/wp-json\/wp\/v2\/comments?post=14924"}],"version-history":[{"count":7,"href":"https:\/\/legacy.dia.edu.az\/ru\/wp-json\/wp\/v2\/posts\/14924\/revisions"}],"predecessor-version":[{"id":14933,"href":"https:\/\/legacy.dia.edu.az\/ru\/wp-json\/wp\/v2\/posts\/14924\/revisions\/14933"}],"wp:featuredmedia":[{"embeddable":true,"href":"https:\/\/legacy.dia.edu.az\/ru\/wp-json\/wp\/v2\/media\/14928"}],"wp:attachment":[{"href":"https:\/\/legacy.dia.edu.az\/ru\/wp-json\/wp\/v2\/media?parent=14924"}],"wp:term":[{"taxonomy":"category","embeddable":true,"href":"https:\/\/legacy.dia.edu.az\/ru\/wp-json\/wp\/v2\/categories?post=14924"},{"taxonomy":"post_tag","embeddable":true,"href":"https:\/\/legacy.dia.edu.az\/ru\/wp-json\/wp\/v2\/tags?post=14924"}],"curies":[{"name":"wp","href":"https:\/\/api.w.org\/{rel}","templated":true}]}}