{"id":14772,"date":"2021-10-07T12:05:18","date_gmt":"2021-10-07T09:05:18","guid":{"rendered":"https:\/\/dia.edu.az\/?p=14772"},"modified":"2021-10-07T12:39:43","modified_gmt":"2021-10-07T09:39:43","slug":"dovl%c9%99t-idar%c9%99cilik-akademiyasinin-komandasi-huquq-viktorinasi","status":"publish","type":"post","link":"https:\/\/legacy.dia.edu.az\/ru\/arxivl\u0259r\/14772","title":{"rendered":"D\u00f6vl\u0259t \u0130dar\u0259\u00e7ilik Akademiyas\u0131n\u0131n komandas\u0131 \u201cH\u00fcquq viktorinas\u0131\u201d"},"content":{"rendered":"<div data-elementor-type=\"wp-post\" data-elementor-id=\"14772\" class=\"elementor elementor-14772\" data-elementor-settings=\"[]\">\n\t\t\t\t\t\t<div class=\"elementor-inner\">\n\t\t\t\t\t\t\t<div class=\"elementor-section-wrap\">\n\t\t\t\t\t\t\t<section class=\"elementor-section elementor-top-section elementor-element elementor-element-37e5da0 elementor-section-boxed elementor-section-height-default elementor-section-height-default\" data-id=\"37e5da0\" data-element_type=\"section\">\n\t\t\t\t\t\t<div class=\"elementor-container elementor-column-gap-default\">\n\t\t\t\t\t\t\t<div class=\"elementor-row\">\n\t\t\t\t\t<div class=\"elementor-column elementor-col-100 elementor-top-column elementor-element elementor-element-a603d78\" data-id=\"a603d78\" data-element_type=\"column\">\n\t\t\t<div class=\"elementor-column-wrap elementor-element-populated\">\n\t\t\t\t\t\t\t<div class=\"elementor-widget-wrap\">\n\t\t\t\t\t\t<div class=\"elementor-element elementor-element-63d91b2 elementor-widget elementor-widget-text-editor\" data-id=\"63d91b2\" data-element_type=\"widget\" data-widget_type=\"text-editor.default\">\n\t\t\t\t<div class=\"elementor-widget-container\">\n\t\t\t\t\t\t\t\t<div class=\"elementor-text-editor elementor-clearfix\">\n\t\t\t\t\t<p style=\"text-align: center;\"><span style=\"color: #0000ff;\"><strong>D\u00f6vl\u0259t \u0130dar\u0259\u00e7ilik Akademiyas\u0131n\u0131n komandas\u0131 \u201cH\u00fcquq viktorinas\u0131\u201d<\/strong><\/span><\/p>\n<p style=\"text-align: center;\"><span style=\"color: #0000ff;\"><strong>m\u00fcsabiq\u0259sind\u0259 i\u015ftirak edib<\/strong><\/span><\/p>\n<p>Az\u0259rbaycan Respublikas\u0131 Prokurorlu\u011funun i\u015f&ccedil;il\u0259rinin pe\u015f\u0259 bayram\u0131 v\u0259 Az\u0259rbaycan Prokurorlu\u011funun yaranmas\u0131n\u0131n 103-c&uuml; il d&ouml;n&uuml;m&uuml; il\u0259 \u0259laq\u0259dar Ba\u015f Prokurorlu\u011fun Elm T\u0259dris M\u0259rk\u0259zi t\u0259r\u0259find\u0259n ali t\u0259hsil m&uuml;\u0259ssis\u0259l\u0259rinin h&uuml;quq fak&uuml;lt\u0259l\u0259rind\u0259 t\u0259hsil alan t\u0259l\u0259b\u0259l\u0259r aras\u0131nda &ldquo;H&uuml;quq viktorinas\u0131&rdquo; m&uuml;sabiq\u0259si ke&ccedil;irilmi\u015fdir. &ldquo;Konstitusiya h&uuml;ququ&rdquo;, &ldquo;Cinay\u0259t h&uuml;ququ&rdquo;, &ldquo;Cinay\u0259t-prosessual h&uuml;quq&rdquo; f\u0259nl\u0259ri &uuml;zr\u0259 ke&ccedil;irilmi\u015f m&uuml;sabiq\u0259 bir ne&ccedil;\u0259 m\u0259rh\u0259l\u0259d\u0259 davam etmi\u015fdir. M&uuml;sabiq\u0259nin universitet komandalar\u0131n\u0131n kapitanlar\u0131 aras\u0131nda n&ouml;vb\u0259ti m\u0259rh\u0259l\u0259sind\u0259 ke&ccedil;iril\u0259n f\u0259rdi yar\u0131\u015f\u0131n qalibi Az\u0259baycan Respublikas\u0131n\u0131n Prezidenti yannda D&ouml;vl\u0259t \u0130dar\u0259&ccedil;ilik Akademiyas\u0131 Siyasi \u0130dar\u0259etm\u0259 fak&uuml;lt\u0259sinin IV kurs t\u0259l\u0259b\u0259si Maya Eyvazzad\u0259 olmu\u015fdur.<\/p>\n<p>T\u0259dbird\u0259 Ba\u015f Prokuror Kamran \u018fliyev qalibl\u0259ri t\u0259brik etmi\u015f, onlara sertifikatlar t\u0259qdim etmi\u015fdir.<\/p>\n<p>Eyni zamanda Az\u0259baycan Respublikas\u0131n\u0131n Prezidenti yannda D&ouml;vl\u0259t \u0130dar\u0259&ccedil;ilik Akademiyas\u0131n\u0131n rektoru akademik Urxan \u018fl\u0259kb\u0259rov qal\u0131b olan t\u0259l\u0259b\u0259 Maya Eyvazzad\u0259ni q\u0259bul edib, m&uuml;sabiq\u0259d\u0259 y&uuml;ks\u0259k n\u0259tic\u0259 g&ouml;st\u0259rm\u0259si m&uuml;nasib\u0259til\u0259 t\u0259brik edib, ona t\u0259hsilind\u0259 u\u011furlar arzulay\u0131b. Rektor g\u0259nc h&uuml;quq\u015f&uuml;naslar\u0131n t\u0259hsili, ali t\u0259hsil m&uuml;\u0259ssis\u0259l\u0259ri il\u0259 \u0259m\u0259kda\u015fl\u0131q \u0259laq\u0259l\u0259rinin geni\u015fl\u0259ndirilm\u0259si istiqam\u0259tind\u0259 ke&ccedil;iril\u0259n s\u0259m\u0259r\u0259li v\u0259 ard\u0131c\u0131l t\u0259dbirl\u0259rin \u0259h\u0259miyy\u0259tini qeyd edib. Az\u0259rbaycan Respublikas\u0131n\u0131n Prezidenti yan\u0131nda D&ouml;vl\u0259t \u0130dar\u0259&ccedil;ilik Akademiyas\u0131 v\u0259 Az\u0259rbaycan Respublikas\u0131n\u0131n Ba\u015f Prokurorlu\u011fu aras\u0131nda ba\u011flanm\u0131\u015f \u0259m\u0259kda\u015fl\u0131q sazi\u015fin\u0259 \u0259sas\u0259n h\u0259r iki qurum aras\u0131da \u0259m\u0259kda\u015fl\u0131\u011f\u0131n u\u011furla davam etdiyini bildirib.<\/p>\t\t\t\t\t<\/div>\n\t\t\t\t\t\t<\/div>\n\t\t\t\t<\/div>\n\t\t\t\t\t\t<\/div>\n\t\t\t\t\t<\/div>\n\t\t<\/div>\n\t\t\t\t\t\t\t\t<\/div>\n\t\t\t\t\t<\/div>\n\t\t<\/section>\n\t\t\t\t<section class=\"elementor-section elementor-top-section elementor-element elementor-element-63f0ac6 elementor-section-boxed elementor-section-height-default elementor-section-height-default\" data-id=\"63f0ac6\" data-element_type=\"section\">\n\t\t\t\t\t\t<div class=\"elementor-container elementor-column-gap-default\">\n\t\t\t\t\t\t\t<div class=\"elementor-row\">\n\t\t\t\t\t<div class=\"elementor-column elementor-col-33 elementor-top-column elementor-element elementor-element-8e71bdd\" data-id=\"8e71bdd\" data-element_type=\"column\" data-settings=\"{&quot;background_background&quot;:&quot;gradient&quot;}\">\n\t\t\t<div class=\"elementor-column-wrap elementor-element-populated\">\n\t\t\t\t\t\t\t<div class=\"elementor-widget-wrap\">\n\t\t\t\t\t\t<div class=\"elementor-element elementor-element-748085c elementor-widget elementor-widget-image\" data-id=\"748085c\" data-element_type=\"widget\" data-widget_type=\"image.default\">\n\t\t\t\t<div class=\"elementor-widget-container\">\n\t\t\t\t\t\t\t\t<div class=\"elementor-image\">\n\t\t\t\t\t\t\t\t\t\t\t\t<img width=\"450\" height=\"298\" src=\"https:\/\/legacy.dia.edu.az\/wp-content\/uploads\/2021\/10\/DSC_2619-450x298.jpg\" class=\"attachment-large size-large\" alt=\"\" srcset=\"https:\/\/legacy.dia.edu.az\/wp-content\/uploads\/2021\/10\/DSC_2619-450x298.jpg 450w, https:\/\/legacy.dia.edu.az\/wp-content\/uploads\/2021\/10\/DSC_2619-200x132.jpg 200w, https:\/\/legacy.dia.edu.az\/wp-content\/uploads\/2021\/10\/DSC_2619-768x509.jpg 768w, https:\/\/legacy.dia.edu.az\/wp-content\/uploads\/2021\/10\/DSC_2619-1536x1017.jpg 1536w, https:\/\/legacy.dia.edu.az\/wp-content\/uploads\/2021\/10\/DSC_2619-2048x1356.jpg 2048w, https:\/\/legacy.dia.edu.az\/wp-content\/uploads\/2021\/10\/DSC_2619-16x12.jpg 16w, https:\/\/legacy.dia.edu.az\/wp-content\/uploads\/2021\/10\/DSC_2619-150x100.jpg 150w\" sizes=\"(max-width: 450px) 100vw, 450px\" \/>\t\t\t\t\t\t\t\t\t\t\t\t\t\t<\/div>\n\t\t\t\t\t\t<\/div>\n\t\t\t\t<\/div>\n\t\t\t\t\t\t<\/div>\n\t\t\t\t\t<\/div>\n\t\t<\/div>\n\t\t\t\t<div class=\"elementor-column elementor-col-33 elementor-top-column elementor-element elementor-element-a802c84\" data-id=\"a802c84\" data-element_type=\"column\">\n\t\t\t<div class=\"elementor-column-wrap elementor-element-populated\">\n\t\t\t\t\t\t\t<div class=\"elementor-widget-wrap\">\n\t\t\t\t\t\t<div class=\"elementor-element elementor-element-15b34d1 elementor-widget elementor-widget-image\" data-id=\"15b34d1\" data-element_type=\"widget\" data-widget_type=\"image.default\">\n\t\t\t\t<div class=\"elementor-widget-container\">\n\t\t\t\t\t\t\t\t<div class=\"elementor-image\">\n\t\t\t\t\t\t\t\t\t\t\t\t<img width=\"450\" height=\"300\" src=\"https:\/\/legacy.dia.edu.az\/wp-content\/uploads\/2021\/10\/0710.21-450x300.jpg\" class=\"attachment-large size-large\" alt=\"\" srcset=\"https:\/\/legacy.dia.edu.az\/wp-content\/uploads\/2021\/10\/0710.21-450x300.jpg 450w, https:\/\/legacy.dia.edu.az\/wp-content\/uploads\/2021\/10\/0710.21-200x133.jpg 200w, https:\/\/legacy.dia.edu.az\/wp-content\/uploads\/2021\/10\/0710.21-768x512.jpg 768w, https:\/\/legacy.dia.edu.az\/wp-content\/uploads\/2021\/10\/0710.21-16x12.jpg 16w, https:\/\/legacy.dia.edu.az\/wp-content\/uploads\/2021\/10\/0710.21-150x100.jpg 150w, https:\/\/legacy.dia.edu.az\/wp-content\/uploads\/2021\/10\/0710.21.jpg 1280w\" sizes=\"(max-width: 450px) 100vw, 450px\" \/>\t\t\t\t\t\t\t\t\t\t\t\t\t\t<\/div>\n\t\t\t\t\t\t<\/div>\n\t\t\t\t<\/div>\n\t\t\t\t\t\t<\/div>\n\t\t\t\t\t<\/div>\n\t\t<\/div>\n\t\t\t\t<div class=\"elementor-column elementor-col-33 elementor-top-column elementor-element elementor-element-0bdd0c5\" data-id=\"0bdd0c5\" data-element_type=\"column\">\n\t\t\t<div class=\"elementor-column-wrap elementor-element-populated\">\n\t\t\t\t\t\t\t<div class=\"elementor-widget-wrap\">\n\t\t\t\t\t\t\t\t<\/div>\n\t\t\t\t\t<\/div>\n\t\t<\/div>\n\t\t\t\t\t\t\t\t<\/div>\n\t\t\t\t\t<\/div>\n\t\t<\/section>\n\t\t\t\t\t\t<\/div>\n\t\t\t\t\t\t<\/div>\n\t\t\t\t\t<\/div>","protected":false},"excerpt":{"rendered":"<p>D\u00f6vl\u0259t \u0130dar\u0259\u00e7ilik Akademiyas\u0131n\u0131n komandas\u0131 \u201cH\u00fcquq viktorinas\u0131\u201d m\u00fcsabiq\u0259sind\u0259 i\u015ftirak edib Az\u0259rbaycan Respublikas\u0131 Prokurorlu\u011funun i\u015f&ccedil;il\u0259rinin pe\u015f\u0259 bayram\u0131 v\u0259 Az\u0259rbaycan Prokurorlu\u011funun yaranmas\u0131n\u0131n 103-c&uuml; il d&ouml;n&uuml;m&uuml; il\u0259 \u0259laq\u0259dar Ba\u015f Prokurorlu\u011fun Elm T\u0259dris M\u0259rk\u0259zi t\u0259r\u0259find\u0259n ali t\u0259hsil m&uuml;\u0259ssis\u0259l\u0259rinin h&uuml;quq fak&uuml;lt\u0259l\u0259rind\u0259 t\u0259hsil alan t\u0259l\u0259b\u0259l\u0259r aras\u0131nda &ldquo;H&uuml;quq viktorinas\u0131&rdquo; m&uuml;sabiq\u0259si ke&ccedil;irilmi\u015fdir. &ldquo;Konstitusiya h&uuml;ququ&rdquo;, &ldquo;Cinay\u0259t h&uuml;ququ&rdquo;, &ldquo;Cinay\u0259t-prosessual h&uuml;quq&rdquo; f\u0259nl\u0259ri &uuml;zr\u0259 ke&ccedil;irilmi\u015f m&uuml;sabiq\u0259 bir ne&ccedil;\u0259 [&hellip;]<\/p>","protected":false},"author":2,"featured_media":14778,"comment_status":"closed","ping_status":"closed","sticky":false,"template":"","format":"standard","meta":[],"categories":[137],"tags":[],"_links":{"self":[{"href":"https:\/\/legacy.dia.edu.az\/ru\/wp-json\/wp\/v2\/posts\/14772"}],"collection":[{"href":"https:\/\/legacy.dia.edu.az\/ru\/wp-json\/wp\/v2\/posts"}],"about":[{"href":"https:\/\/legacy.dia.edu.az\/ru\/wp-json\/wp\/v2\/types\/post"}],"author":[{"embeddable":true,"href":"https:\/\/legacy.dia.edu.az\/ru\/wp-json\/wp\/v2\/users\/2"}],"replies":[{"embeddable":true,"href":"https:\/\/legacy.dia.edu.az\/ru\/wp-json\/wp\/v2\/comments?post=14772"}],"version-history":[{"count":23,"href":"https:\/\/legacy.dia.edu.az\/ru\/wp-json\/wp\/v2\/posts\/14772\/revisions"}],"predecessor-version":[{"id":14811,"href":"https:\/\/legacy.dia.edu.az\/ru\/wp-json\/wp\/v2\/posts\/14772\/revisions\/14811"}],"wp:featuredmedia":[{"embeddable":true,"href":"https:\/\/legacy.dia.edu.az\/ru\/wp-json\/wp\/v2\/media\/14778"}],"wp:attachment":[{"href":"https:\/\/legacy.dia.edu.az\/ru\/wp-json\/wp\/v2\/media?parent=14772"}],"wp:term":[{"taxonomy":"category","embeddable":true,"href":"https:\/\/legacy.dia.edu.az\/ru\/wp-json\/wp\/v2\/categories?post=14772"},{"taxonomy":"post_tag","embeddable":true,"href":"https:\/\/legacy.dia.edu.az\/ru\/wp-json\/wp\/v2\/tags?post=14772"}],"curies":[{"name":"wp","href":"https:\/\/api.w.org\/{rel}","templated":true}]}}