{"id":14718,"date":"2021-09-29T22:02:07","date_gmt":"2021-09-29T19:02:07","guid":{"rendered":"https:\/\/dia.edu.az\/?p=14718"},"modified":"2021-09-29T22:04:17","modified_gmt":"2021-09-29T19:04:17","slug":"dovl%c9%99t-idar%c9%99cilik-akademiyasinda-ilk-muhazir%c9%99-heyd%c9%99r-%c9%99liyev-dovl%c9%99t-idar%c9%99ciliyi-m%c9%99kt%c9%99bind%c9%99-dinl%c9%99nilib-2","status":"publish","type":"post","link":"https:\/\/legacy.dia.edu.az\/ru\/arxivl\u0259r\/14718","title":{"rendered":"D\u00f6vl\u0259t \u0130dar\u0259\u00e7ilik Akademiyas\u0131nda ilk m\u00fchazir\u0259 Heyd\u0259r \u018fliyev D\u00f6vl\u0259t \u0130dar\u0259\u00e7iliyi M\u0259kt\u0259bind\u0259 dinl\u0259nilib"},"content":{"rendered":"<div data-elementor-type=\"wp-post\" data-elementor-id=\"14718\" class=\"elementor elementor-14718\" data-elementor-settings=\"[]\">\n\t\t\t\t\t\t<div class=\"elementor-inner\">\n\t\t\t\t\t\t\t<div class=\"elementor-section-wrap\">\n\t\t\t\t\t\t\t<section class=\"elementor-section elementor-top-section elementor-element elementor-element-fc55402 elementor-section-boxed elementor-section-height-default elementor-section-height-default\" data-id=\"fc55402\" data-element_type=\"section\">\n\t\t\t\t\t\t<div class=\"elementor-container elementor-column-gap-default\">\n\t\t\t\t\t\t\t<div class=\"elementor-row\">\n\t\t\t\t\t<div class=\"elementor-column elementor-col-100 elementor-top-column elementor-element elementor-element-845c879\" data-id=\"845c879\" data-element_type=\"column\">\n\t\t\t<div class=\"elementor-column-wrap elementor-element-populated\">\n\t\t\t\t\t\t\t<div class=\"elementor-widget-wrap\">\n\t\t\t\t\t\t<div class=\"elementor-element elementor-element-1322d64 elementor-widget elementor-widget-text-editor\" data-id=\"1322d64\" data-element_type=\"widget\" data-widget_type=\"text-editor.default\">\n\t\t\t\t<div class=\"elementor-widget-container\">\n\t\t\t\t\t\t\t\t<div class=\"elementor-text-editor elementor-clearfix\">\n\t\t\t\t\t<h1 style=\"text-align: center;\"><span style=\"color: #000080;\"><strong>D&ouml;vl\u0259t \u0130dar\u0259&ccedil;ilik Akademiyas\u0131nda ilk m&uuml;hazir\u0259 Heyd\u0259r \u018fliyev D&ouml;vl\u0259t \u0130dar\u0259&ccedil;iliyi M\u0259kt\u0259bind\u0259 dinl\u0259nilib<\/strong><\/span><\/h1>\n<p style=\"text-align: justify;\">Az\u0259rbaycan Respublikas\u0131n\u0131n Prezidenti yan\u0131nda D&ouml;vl\u0259t \u0130dar\u0259&ccedil;ilik Akademiyas\u0131nda f\u0259aliyy\u0259t g&ouml;st\u0259r\u0259n Heyd\u0259r \u018fliyev D&ouml;vl\u0259t \u0130dar\u0259&ccedil;iliyi M\u0259kt\u0259bind\u0259 2021\/2022-ci t\u0259dris ilind\u0259 bakalavriat pill\u0259sin\u0259 q\u0259bul olunan birinci kurs t\u0259l\u0259b\u0259l\u0259ri ilk m&uuml;hazir\u0259ni dinl\u0259yibl\u0259r.<\/p>\n<p style=\"text-align: justify;\">Akademiyas\u0131n\u0131n rektoru, akademik Urxan \u018fl\u0259kb\u0259rov &ldquo;Prezident \u0130lham \u018fliyevin innovativ idar\u0259&ccedil;ilik texnologiyalar\u0131 v\u0259 Az\u0259rbaycan Respublikas\u0131n\u0131n siyasi, iqtisadi, h\u0259rbi u\u011furlar\u0131&rdquo; adl\u0131 ilk m&uuml;hazir\u0259ni t\u0259qdim edib.<\/p>\n<p style=\"text-align: justify;\">Rektor D&ouml;vl\u0259t \u0130dar\u0259&ccedil;ilik Akademiyas\u0131nda f\u0259aliyy\u0259t g&ouml;st\u0259r\u0259n Heyd\u0259r \u018fliyev D&ouml;vl\u0259t \u0130dar\u0259&ccedil;iliyi M\u0259kt\u0259bi haqq\u0131nda m\u0259lumat verib. O qeyd edib ki, m\u0259kt\u0259b &uuml;mummilli lider, m&uuml;asir m&uuml;st\u0259qil d&ouml;vl\u0259timizin memar\u0131 v\u0259 qurucusu Heyd\u0259r \u018fliyevin siyasi irsinin, az\u0259rbaycan&ccedil;\u0131l\u0131q m\u0259fkur\u0259si v\u0259 d&ouml;vl\u0259t&ccedil;ilik f\u0259ls\u0259f\u0259sinin t\u0259bli\u011fi m\u0259qs\u0259dil\u0259 yarad\u0131l\u0131b. Rektor g&ouml;rk\u0259mli siyasi v\u0259 d&ouml;vl\u0259t xadimi Heyd\u0259r \u018fliyevin misilsiz tarixi xidm\u0259tl\u0259rind\u0259n b\u0259hs edib, Ulu &Ouml;nd\u0259rin siyasi x\u0259ttinin Prezident \u0130lham \u018fliyev t\u0259r\u0259find\u0259n u\u011furla davam etdirildiyini diqq\u0259t\u0259 &ccedil;atd\u0131r\u0131b. Bildirib ki, m&uuml;st\u0259qilliyinin b\u0259rpas\u0131ndan ke&ccedil;\u0259n 30 il \u0259rzind\u0259 Az\u0259rbaycan Respublikas\u0131 u\u011furla inki\u015faf etmi\u015f v\u0259 tarixi bax\u0131mdan &ccedil;ox q\u0131sa zaman k\u0259siyind\u0259 &ouml;lk\u0259 b&uuml;t&uuml;n sah\u0259l\u0259rd\u0259 b&ouml;y&uuml;k u\u011furlar qazan\u0131b.<\/p>\n<p style=\"text-align: justify;\">Akademik U.\u018fl\u0259kb\u0259rov qazan\u0131lan u\u011furlar\u0131n \u0259sas\u0131nda ulu &ouml;nd\u0259r Heyd\u0259r \u018fliyevin m&uuml;\u0259yy\u0259nl\u0259\u015fdirdiyi v\u0259 Prezident \u0130lham \u018fliyev t\u0259r\u0259find\u0259n u\u011furla davam etdiril\u0259n d\u0259rin d&uuml;\u015f&uuml;n&uuml;lm&uuml;\u015f innovativ inki\u015faf siyas\u0259tinin dayand\u0131\u011f\u0131n\u0131 vur\u011fulay\u0131b. Rektor, eyni zamanda, diqq\u0259t\u0259 &ccedil;atd\u0131r\u0131b ki, &ouml;lk\u0259d\u0259 b&uuml;t&uuml;n istiqam\u0259tl\u0259rd\u0259 nailiyy\u0259tl\u0259rin qazan\u0131lmas\u0131nda Birinci vitse-prezident Mehriban xan\u0131m \u018fliyevan\u0131n &ouml;n\u0259mli rolu var. Akademik vur\u011fulay\u0131b ki, \u0259slind\u0259, daha az v\u0259saitl\u0259rl\u0259 y&uuml;ks\u0259k g&ouml;st\u0259ricil\u0259r\u0259 nail olunmas\u0131 d&ouml;vl\u0259t inki\u015faf\u0131 prosesl\u0259rinin idar\u0259 edilm\u0259sind\u0259 Prezident \u0130lham \u018fliyev t\u0259r\u0259find\u0259n i\u015fl\u0259nmi\u015f innovativ sinergetik, komplimentar v\u0259 kompensasion texnologiyalar kompleksinin t\u0259tbiqinin n\u0259tic\u0259sidir. H\u0259min texnologiyalar &ouml;lk\u0259nin h\u0259rt\u0259r\u0259fli inki\u015faf\u0131 v\u0259 \u0259halinin rifah\u0131n\u0131n y&uuml;ks\u0259lm\u0259si &uuml;&ccedil;&uuml;n iqtisadi imkanlardan s\u0259m\u0259r\u0259li istifad\u0259ni t\u0259min edib. M&uuml;hazir\u0259d\u0259 &ouml;lk\u0259nin s&uuml;r\u0259tli inki\u015faf\u0131 istiqam\u0259tind\u0259 apar\u0131lan u\u011furlu siyas\u0259tin \u0259sas h\u0259d\u0259fl\u0259ri, el\u0259c\u0259 d\u0259 davaml\u0131 inkl&uuml;ziv inki\u015faf\u0131 xarakteriz\u0259 ed\u0259n g&ouml;st\u0259ricil\u0259ri m&uuml;qayis\u0259li \u015f\u0259kild\u0259 t\u0259l\u0259b\u0259l\u0259rin diqq\u0259tin\u0259 &ccedil;atd\u0131r\u0131l\u0131b.<\/p>\n<p style=\"text-align: justify;\">Rektor U.\u018fl\u0259kb\u0259rov qeyd edib ki, V\u0259t\u0259n m&uuml;harib\u0259sinin 44 g&uuml;n&uuml; Az\u0259rbaycan d&ouml;vl\u0259t&ccedil;iliyi tarixind\u0259 x&uuml;susi m\u0259rh\u0259l\u0259 kimi qalacaq. &ldquo;Qaraba\u011f Az\u0259rbaycand\u0131r!&rdquo; \u015f&uuml;ar\u0131 il\u0259 s\u0259f\u0259rb\u0259r olan h\u0259min g&uuml;nl\u0259r xalq-d&ouml;vl\u0259t, xalq-hakimiyy\u0259t birliyinin n&uuml;mayi\u015fi idi. Bu, hakimiyy\u0259t v\u0259 xalq aras\u0131nda qar\u015f\u0131l\u0131ql\u0131 inam v\u0259 etimad\u0131n n\u0259 q\u0259d\u0259r vacib oldu\u011funu parlaq sur\u0259td\u0259 n&uuml;mayi\u015f etdirdi. Az\u0259rbaycan\u0131 bu m&ouml;ht\u0259\u015f\u0259m Q\u0259l\u0259b\u0259y\u0259 aparan Ali Ba\u015f Komandan\u0131n m&uuml;drik q\u0259rarlar\u0131, m&uuml;z\u0259ff\u0259r Ordumuzun g&uuml;c&uuml; v\u0259 xalq\u0131m\u0131z\u0131n sars\u0131lmaz h\u0259mr\u0259yliyi oldu. Qazand\u0131\u011f\u0131m\u0131z bu Q\u0259l\u0259b\u0259, h\u0259m&ccedil;inin g\u0259ncliyimiz\u0259 &ouml;rn\u0259k oldu. Onlar g&ouml;rd&uuml;l\u0259r ki, &ouml;z lideri \u0259traf\u0131nda bir yumruq kimi birl\u0259\u015f\u0259n xalq yenilm\u0259zdir v\u0259 qalibdir.<\/p>\n<p style=\"text-align: justify;\">Otuzillik m&uuml;st\u0259qillik yolunda Az\u0259rbaycan\u0131n bir &ccedil;ox istiqam\u0259tl\u0259rd\u0259 regional v\u0259 qlobal lider\u0259 &ccedil;evrildiyini qeyd ed\u0259n rektor &ouml;lk\u0259mizin inki\u015faf g&ouml;st\u0259ricil\u0259rinin bir &ccedil;ox beyn\u0259lxalq t\u0259\u015fkilatlar, o c&uuml;ml\u0259d\u0259n BMT, UNESCO, D&uuml;nya Bank\u0131 v\u0259 dig\u0259r n&uuml;fuzlu qurumlar\u0131n r\u0259smi s\u0259n\u0259dl\u0259rind\u0259, m&uuml;st\u0259qil ekspertl\u0259r t\u0259r\u0259find\u0259n haz\u0131rlanm\u0131\u015f hesabatlarda t\u0259sdiqini tapd\u0131\u011f\u0131n\u0131 bildirib.<\/p>\n<p style=\"text-align: justify;\">Sonda t\u0259l\u0259b\u0259l\u0259rin suallar\u0131 cavabland\u0131r\u0131l\u0131b.<\/p>\t\t\t\t\t<\/div>\n\t\t\t\t\t\t<\/div>\n\t\t\t\t<\/div>\n\t\t\t\t\t\t<\/div>\n\t\t\t\t\t<\/div>\n\t\t<\/div>\n\t\t\t\t\t\t\t\t<\/div>\n\t\t\t\t\t<\/div>\n\t\t<\/section>\n\t\t\t\t<section class=\"elementor-section elementor-top-section elementor-element elementor-element-c5e0c10 elementor-section-boxed elementor-section-height-default elementor-section-height-default\" data-id=\"c5e0c10\" data-element_type=\"section\">\n\t\t\t\t\t\t<div class=\"elementor-container elementor-column-gap-default\">\n\t\t\t\t\t\t\t<div class=\"elementor-row\">\n\t\t\t\t\t<div class=\"elementor-column elementor-col-100 elementor-top-column elementor-element elementor-element-a896454\" data-id=\"a896454\" data-element_type=\"column\">\n\t\t\t<div class=\"elementor-column-wrap elementor-element-populated\">\n\t\t\t\t\t\t\t<div class=\"elementor-widget-wrap\">\n\t\t\t\t\t\t<div class=\"elementor-element elementor-element-211bbc8 elementor-widget elementor-widget-image\" data-id=\"211bbc8\" data-element_type=\"widget\" data-widget_type=\"image.default\">\n\t\t\t\t<div class=\"elementor-widget-container\">\n\t\t\t\t\t\t\t\t<div class=\"elementor-image\">\n\t\t\t\t\t\t\t\t\t\t\t\t<img width=\"450\" height=\"298\" src=\"https:\/\/legacy.dia.edu.az\/wp-content\/uploads\/2021\/09\/urx29-450x298.jpg\" class=\"attachment-large size-large\" alt=\"\" srcset=\"https:\/\/legacy.dia.edu.az\/wp-content\/uploads\/2021\/09\/urx29-450x298.jpg 450w, https:\/\/legacy.dia.edu.az\/wp-content\/uploads\/2021\/09\/urx29-200x132.jpg 200w, https:\/\/legacy.dia.edu.az\/wp-content\/uploads\/2021\/09\/urx29-768x508.jpg 768w, https:\/\/legacy.dia.edu.az\/wp-content\/uploads\/2021\/09\/urx29-16x12.jpg 16w, https:\/\/legacy.dia.edu.az\/wp-content\/uploads\/2021\/09\/urx29-150x100.jpg 150w, https:\/\/legacy.dia.edu.az\/wp-content\/uploads\/2021\/09\/urx29.jpg 1000w\" sizes=\"(max-width: 450px) 100vw, 450px\" \/>\t\t\t\t\t\t\t\t\t\t\t\t\t\t<\/div>\n\t\t\t\t\t\t<\/div>\n\t\t\t\t<\/div>\n\t\t\t\t\t\t<\/div>\n\t\t\t\t\t<\/div>\n\t\t<\/div>\n\t\t\t\t\t\t\t\t<\/div>\n\t\t\t\t\t<\/div>\n\t\t<\/section>\n\t\t\t\t\t\t<\/div>\n\t\t\t\t\t\t<\/div>\n\t\t\t\t\t<\/div>","protected":false},"excerpt":{"rendered":"<p>D\u00f6vl\u0259t \u0130dar\u0259\u00e7ilik Akademiyas\u0131nda ilk m\u00fchazir\u0259 Heyd\u0259r \u018fliyev D\u00f6vl\u0259t \u0130dar\u0259\u00e7iliyi M\u0259kt\u0259bind\u0259 dinl\u0259nilib Az\u0259rbaycan Respublikas\u0131n\u0131n Prezidenti yan\u0131nda D\u00f6vl\u0259t \u0130dar\u0259\u00e7ilik Akademiyas\u0131nda f\u0259aliyy\u0259t g\u00f6st\u0259r\u0259n Heyd\u0259r \u018fliyev D\u00f6vl\u0259t \u0130dar\u0259\u00e7iliyi M\u0259kt\u0259bind\u0259 2021\/2022-ci t\u0259dris ilind\u0259 bakalavriat pill\u0259sin\u0259 q\u0259bul olunan birinci kurs t\u0259l\u0259b\u0259l\u0259ri ilk m\u00fchazir\u0259ni dinl\u0259yibl\u0259r. Akademiyas\u0131n\u0131n rektoru, akademik Urxan \u018fl\u0259kb\u0259rov \u201cPrezident \u0130lham \u018fliyevin innovativ idar\u0259\u00e7ilik texnologiyalar\u0131 v\u0259 Az\u0259rbaycan Respublikas\u0131n\u0131n siyasi, iqtisadi, h\u0259rbi [&hellip;]<\/p>","protected":false},"author":2,"featured_media":14720,"comment_status":"closed","ping_status":"closed","sticky":false,"template":"","format":"standard","meta":[],"categories":[137],"tags":[],"_links":{"self":[{"href":"https:\/\/legacy.dia.edu.az\/ru\/wp-json\/wp\/v2\/posts\/14718"}],"collection":[{"href":"https:\/\/legacy.dia.edu.az\/ru\/wp-json\/wp\/v2\/posts"}],"about":[{"href":"https:\/\/legacy.dia.edu.az\/ru\/wp-json\/wp\/v2\/types\/post"}],"author":[{"embeddable":true,"href":"https:\/\/legacy.dia.edu.az\/ru\/wp-json\/wp\/v2\/users\/2"}],"replies":[{"embeddable":true,"href":"https:\/\/legacy.dia.edu.az\/ru\/wp-json\/wp\/v2\/comments?post=14718"}],"version-history":[{"count":4,"href":"https:\/\/legacy.dia.edu.az\/ru\/wp-json\/wp\/v2\/posts\/14718\/revisions"}],"predecessor-version":[{"id":14724,"href":"https:\/\/legacy.dia.edu.az\/ru\/wp-json\/wp\/v2\/posts\/14718\/revisions\/14724"}],"wp:featuredmedia":[{"embeddable":true,"href":"https:\/\/legacy.dia.edu.az\/ru\/wp-json\/wp\/v2\/media\/14720"}],"wp:attachment":[{"href":"https:\/\/legacy.dia.edu.az\/ru\/wp-json\/wp\/v2\/media?parent=14718"}],"wp:term":[{"taxonomy":"category","embeddable":true,"href":"https:\/\/legacy.dia.edu.az\/ru\/wp-json\/wp\/v2\/categories?post=14718"},{"taxonomy":"post_tag","embeddable":true,"href":"https:\/\/legacy.dia.edu.az\/ru\/wp-json\/wp\/v2\/tags?post=14718"}],"curies":[{"name":"wp","href":"https:\/\/api.w.org\/{rel}","templated":true}]}}