{"id":14627,"date":"2021-09-21T08:26:44","date_gmt":"2021-09-21T05:26:44","guid":{"rendered":"https:\/\/dia.edu.az\/?p=14627"},"modified":"2021-09-21T08:29:29","modified_gmt":"2021-09-21T05:29:29","slug":"az%c9%99rbaycanda-t%c9%99tbiq-edil%c9%99n-yeni-idar%c9%99cilik-texnologiyalarinin-n%c9%99tic%c9%99l%c9%99ri-beyn%c9%99lxalq-platformada","status":"publish","type":"post","link":"https:\/\/legacy.dia.edu.az\/ru\/arxivl\u0259r\/14627","title":{"rendered":"Az\u0259rbaycanda t\u0259tbiq edil\u0259n yeni idar\u0259\u00e7ilik texnologiyalar\u0131n\u0131n\u00a0n\u0259tic\u0259l\u0259ri beyn\u0259lxalq platformada"},"content":{"rendered":"<h1 class=\"content-title\" style=\"text-align: center;\"><strong><span style=\"color: #003366;\">Az\u0259rbaycanda t\u0259tbiq edil\u0259n yeni idar\u0259\u00e7ilik texnologiyalar\u0131n\u0131n&nbsp;n\u0259tic\u0259l\u0259ri beyn\u0259lxalq platformada<\/span><\/strong><\/h1>\n<h4 style=\"text-align: justify;\">Son ill\u0259r iqlim d\u0259yi\u015fiklikl\u0259ri, enerji s\u0259m\u0259r\u0259liliyi v\u0259 ya\u015f\u0131l enerjiy\u0259 ke\u00e7id m\u0259s\u0259l\u0259l\u0259ri qlobal miqyasda b\u00f6y\u00fck aktuall\u0131q qazan\u0131b. H\u0259min s\u0259b\u0259bd\u0259n bu sah\u0259d\u0259 d\u0259rc olunan elmi \u0259s\u0259rl\u0259r\u0259 m\u00fcxt\u0259lif beyn\u0259lxalq platformalarda maraq g\u00fcnd\u0259n-g\u00fcn\u0259 artmaqdad\u0131r. Bu g\u00fcnl\u0259rd\u0259 Kaliforniyada f\u0259aliyy\u0259t g\u00f6st\u0259r\u0259n v\u0259 aliml\u0259rin \u0259m\u0259kda\u015fl\u0131\u011f\u0131 \u00fc\u00e7\u00fcn n\u0259z\u0259rd\u0259 tutulmu\u015f academia.edu platformas\u0131nda Az\u0259rbaycan Respublikas\u0131n\u0131n Prezidenti yan\u0131nda D\u00f6vl\u0259t \u0130dar\u0259\u00e7ilik Akademiyas\u0131n\u0131n (D\u0130A) rektoru akademik Urxan \u018fl\u0259kb\u0259rovun \u201cEnerji s\u0259m\u0259r\u0259liliyi davaml\u0131 inki\u015faf indikatoru kimi: Az\u0259rbaycan\u0131n t\u0259cr\u00fcb\u0259si\u201d adl\u0131 m\u0259qal\u0259si d\u0259rc edilib. 2017-ci ild\u0259 Kanadan\u0131n \u201cDavaml\u0131 inki\u015faf\u201d jurnal\u0131nda Nyu-Yorkun Kolumbiya Universitetinin professoru Jon Lourensin h\u0259mm\u00fc\u0259llifliyi il\u0259 \u00e7ap olunan m\u0259qal\u0259 63 milyon qeydiyyatdan ke\u00e7mi\u015f istifad\u0259\u00e7isi olan platformada se\u00e7ilmi\u015f m\u0259qal\u0259l\u0259r s\u0131ras\u0131nda q\u0131sa zamanda b\u00f6y\u00fck mara\u011fa s\u0259b\u0259b olub.<\/h4>\n<h4 style=\"text-align: justify;\">M\u0259qal\u0259d\u0259 Az\u0259rbaycan Respublikas\u0131n\u0131n q\u0131sa d\u00f6n\u0259md\u0259 innovativ davaml\u0131 inki\u015faf siyas\u0259ti realla\u015fd\u0131rma\u011fa m\u00fcv\u0259ff\u0259q oldu\u011fu vur\u011fulan\u0131b. Beyn\u0259lxalq qurumlar v\u0259 m\u00fcst\u0259qil ekspertl\u0259rin s\u0259n\u0259dl\u0259ri bu fakt\u0131n a\u015fkar t\u0259sdiqidir. Bildirilib ki, m\u00fcst\u0259qillik ill\u0259rind\u0259 Az\u0259rbaycan Respublikas\u0131nda davaml\u0131 inki\u015faf namin\u0259 t\u0259bii ehtiyatlar\u0131n idar\u0259edilm\u0259si, x\u00fcsusil\u0259 d\u0259 enerji s\u0259m\u0259r\u0259liliyi sah\u0259sind\u0259 qazan\u0131lm\u0131\u015f n\u0259tic\u0259l\u0259r postsovet \u00f6lk\u0259l\u0259ri, o c\u00fcml\u0259d\u0259n indi Avropa \u0130ttifaq\u0131na \u00fczv olan ke\u00e7mi\u015f sovet respublikalar\u0131 aras\u0131nda \u0259n y\u00fcks\u0259k g\u00f6st\u0259ricidir. D\u00fcnya Bank\u0131n\u0131n 2017-ci ilin fevral ay\u0131nda d\u0259rc olunan m\u0259lumatlar\u0131ndan g\u00f6r\u00fcnd\u00fcy\u00fc kimi, bu qrupa daxil olan b\u00fct\u00fcn \u00f6lk\u0259l\u0259rd\u0259 eyni iqtisadi effekt\u0259 nail olmaq \u00fc\u00e7\u00fcn Az\u0259rbaycanla m\u00fcqayis\u0259d\u0259 daha \u00e7ox enerji s\u0259rf edilir. \u00d6lk\u0259nin enerji s\u0259m\u0259r\u0259liliyi g\u00f6st\u0259ricil\u0259ri 2003-c\u00fc ill\u0259 m\u00fcqayis\u0259d\u0259 3 d\u0259f\u0259d\u0259n \u00e7ox art\u0131b. G\u00f6st\u0259ril\u0259n nailiyy\u0259t \u00f6lk\u0259d\u0259 d\u00f6vl\u0259t idar\u0259\u00e7iliyi sah\u0259sind\u0259 Prezident \u0130lham \u018fliyev t\u0259r\u0259find\u0259n t\u0259tbiq edil\u0259n unikal d\u00f6vl\u0259t idar\u0259\u00e7iliyi texnologiyalar\u0131n\u0131n yekunu v\u0259 ger\u00e7\u0259kl\u0259\u015fdiril\u0259n u\u011furlu siyas\u0259tin parlaq t\u0259c\u0259ss\u00fcm\u00fcd\u00fcr. Eyni zamanda, bu, Az\u0259rbaycan Respublikas\u0131n\u0131n ekoloji t\u0259hl\u00fck\u0259sizliyinin t\u0259min olunmas\u0131 v\u0259 qlobal iqlim d\u0259yi\u015fm\u0259l\u0259rin\u0259 t\u0259sirl\u0259rin azald\u0131lmas\u0131na dair beyn\u0259lxalq \u00f6hd\u0259likl\u0259rin\u0259 m\u0259suliyy\u0259tl\u0259 yana\u015fmas\u0131ndan x\u0259b\u0259r verir. \u00dcDM-nin istehsal\u0131 \u00fc\u00e7\u00fcn enerji s\u0259rfinin azald\u0131lmas\u0131 \u0259sas\u0259n yeni y\u00fcks\u0259k texnologiyalar\u0131n t\u0259tbiqi v\u0259 iqtisadi inki\u015faf prosesl\u0259rinin idar\u0259edilm\u0259si sisteml\u0259rinin optimalla\u015fd\u0131r\u0131lmas\u0131 hesab\u0131na m\u00fcmk\u00fcnd\u00fcr. Platformada d\u0259rc edil\u0259n materialdan ayd\u0131n olur ki, Az\u0259rbaycan h\u0259r min dollarl\u0131q \u00dcDM \u00fc\u00e7\u00fcn s\u0259rf olunan enerji g\u00f6st\u0259ricil\u0259rin\u0259 g\u00f6r\u0259 Kanada, AB\u015e, Fransa v\u0259 Yaponiyadan ir\u0259lid\u0259dir. Neft ixrac ed\u0259n d\u00f6vl\u0259tl\u0259r aras\u0131nda is\u0259 \u00f6lk\u0259 Norve\u00e7l\u0259 1-2-ci yerl\u0259ri b\u00f6l\u00fc\u015f\u00fcr.<\/h4>\n<h4 style=\"text-align: justify;\">&nbsp;<\/h4>","protected":false},"excerpt":{"rendered":"<p>Az\u0259rbaycanda t\u0259tbiq edil\u0259n yeni idar\u0259\u00e7ilik texnologiyalar\u0131n\u0131n&nbsp;n\u0259tic\u0259l\u0259ri beyn\u0259lxalq platformada Son ill\u0259r iqlim d\u0259yi\u015fiklikl\u0259ri, enerji s\u0259m\u0259r\u0259liliyi v\u0259 ya\u015f\u0131l enerjiy\u0259 ke\u00e7id m\u0259s\u0259l\u0259l\u0259ri qlobal miqyasda b\u00f6y\u00fck aktuall\u0131q qazan\u0131b. H\u0259min s\u0259b\u0259bd\u0259n bu sah\u0259d\u0259 d\u0259rc olunan elmi \u0259s\u0259rl\u0259r\u0259 m\u00fcxt\u0259lif beyn\u0259lxalq platformalarda maraq g\u00fcnd\u0259n-g\u00fcn\u0259 artmaqdad\u0131r. Bu g\u00fcnl\u0259rd\u0259 Kaliforniyada f\u0259aliyy\u0259t g\u00f6st\u0259r\u0259n v\u0259 aliml\u0259rin \u0259m\u0259kda\u015fl\u0131\u011f\u0131 \u00fc\u00e7\u00fcn n\u0259z\u0259rd\u0259 tutulmu\u015f academia.edu platformas\u0131nda Az\u0259rbaycan Respublikas\u0131n\u0131n Prezidenti yan\u0131nda [&hellip;]<\/p>","protected":false},"author":2,"featured_media":14080,"comment_status":"closed","ping_status":"closed","sticky":false,"template":"","format":"standard","meta":[],"categories":[137],"tags":[],"_links":{"self":[{"href":"https:\/\/legacy.dia.edu.az\/ru\/wp-json\/wp\/v2\/posts\/14627"}],"collection":[{"href":"https:\/\/legacy.dia.edu.az\/ru\/wp-json\/wp\/v2\/posts"}],"about":[{"href":"https:\/\/legacy.dia.edu.az\/ru\/wp-json\/wp\/v2\/types\/post"}],"author":[{"embeddable":true,"href":"https:\/\/legacy.dia.edu.az\/ru\/wp-json\/wp\/v2\/users\/2"}],"replies":[{"embeddable":true,"href":"https:\/\/legacy.dia.edu.az\/ru\/wp-json\/wp\/v2\/comments?post=14627"}],"version-history":[{"count":1,"href":"https:\/\/legacy.dia.edu.az\/ru\/wp-json\/wp\/v2\/posts\/14627\/revisions"}],"predecessor-version":[{"id":14628,"href":"https:\/\/legacy.dia.edu.az\/ru\/wp-json\/wp\/v2\/posts\/14627\/revisions\/14628"}],"wp:featuredmedia":[{"embeddable":true,"href":"https:\/\/legacy.dia.edu.az\/ru\/wp-json\/wp\/v2\/media\/14080"}],"wp:attachment":[{"href":"https:\/\/legacy.dia.edu.az\/ru\/wp-json\/wp\/v2\/media?parent=14627"}],"wp:term":[{"taxonomy":"category","embeddable":true,"href":"https:\/\/legacy.dia.edu.az\/ru\/wp-json\/wp\/v2\/categories?post=14627"},{"taxonomy":"post_tag","embeddable":true,"href":"https:\/\/legacy.dia.edu.az\/ru\/wp-json\/wp\/v2\/tags?post=14627"}],"curies":[{"name":"wp","href":"https:\/\/api.w.org\/{rel}","templated":true}]}}