{"id":14561,"date":"2021-09-16T16:42:50","date_gmt":"2021-09-16T13:42:50","guid":{"rendered":"https:\/\/dia.edu.az\/?p=14561"},"modified":"2021-09-16T16:44:37","modified_gmt":"2021-09-16T13:44:37","slug":"dovl%c9%99t-idar%c9%99cilik-akademiyasi-%c9%99m%c9%99kdasinin-m%c9%99qal%c9%99si-turkiy%c9%99nin-nufuzlu-jurnalda-d%c9%99rc-edilib","status":"publish","type":"post","link":"https:\/\/legacy.dia.edu.az\/ru\/arxivl\u0259r\/14561","title":{"rendered":"D\u00f6vl\u0259t \u0130dar\u0259\u00e7ilik Akademiyas\u0131 \u0259m\u0259kda\u015f\u0131n\u0131n m\u0259qal\u0259si T\u00fcrkiy\u0259nin n\u00fcfuzlu jurnalda d\u0259rc edilib"},"content":{"rendered":"<p style=\"text-align: center;\"><strong>D\u00f6vl\u0259t \u0130dar\u0259\u00e7ilik Akademiyas\u0131 \u0259m\u0259kda\u015f\u0131n\u0131n m\u0259qal\u0259si T\u00fcrkiy\u0259nin n\u00fcfuzlu jurnalda d\u0259rc edilib<\/strong><\/p>\n<p>&nbsp;<\/p>\n<p style=\"text-align: justify;\">Az\u0259rbaycan Respublikas\u0131n\u0131n Prezidenti yan\u0131nda D\u00f6vl\u0259t Idar\u0259\u00e7ilik Akademiyas\u0131n\u0131n \u0130nzibati \u0130dar\u0259etm\u0259 fak\u00fclt\u0259sinin dekan m\u00fcavini Anar \u015e\u00fck\u00fcrovun <strong>\u201c<\/strong>Kamu Y\u00f6netiminde Halkla \u0130li\u015fkilerin Rol\u00fc: Azerbaycan. Asan Hizmet \u00f6rne\u011fi\u201d (D\u00f6vl\u0259t idar\u0259\u00e7iliyind\u0259 ictimaiyy\u0259tl\u0259 \u0259laq\u0259l\u0259rin rolu: Az\u0259rbaycan. ASAN Xidm\u0259t n\u00fcmun\u0259sind\u0259) adl\u0131 m\u0259qal\u0259si 27 yerli v\u0259 beyn\u0259lxalq indeksl\u0259r \u00fczr\u0259 tan\u0131nan \u201cUluslararas\u0131 Y\u00f6netim Akademisi Dergisi\u201dnin IV Cildinin 2-ci n\u00f6mr\u0259sind\u0259 \u00e7ap edilmi\u015fdir.<\/p>\n<p>M\u0259qal\u0259ni oxumaq \u00fc\u00e7\u00fcn a\u015fa\u011f\u0131dak\u0131 linkl\u0259 ke\u00e7id ed\u0259 bil\u0259rsiz:<\/p>\n<p><a href=\"https:\/\/dergipark.org.tr\/tr\/pub\/mana\/issue\/64779\">https:\/\/dergipark.org.tr\/tr\/pub\/mana\/issue\/64779<\/a><\/p>","protected":false},"excerpt":{"rendered":"<p>D\u00f6vl\u0259t \u0130dar\u0259\u00e7ilik Akademiyas\u0131 \u0259m\u0259kda\u015f\u0131n\u0131n m\u0259qal\u0259si T\u00fcrkiy\u0259nin n\u00fcfuzlu jurnalda d\u0259rc edilib &nbsp; Az\u0259rbaycan Respublikas\u0131n\u0131n Prezidenti yan\u0131nda D\u00f6vl\u0259t Idar\u0259\u00e7ilik Akademiyas\u0131n\u0131n \u0130nzibati \u0130dar\u0259etm\u0259 fak\u00fclt\u0259sinin dekan m\u00fcavini Anar \u015e\u00fck\u00fcrovun \u201cKamu Y\u00f6netiminde Halkla \u0130li\u015fkilerin Rol\u00fc: Azerbaycan. Asan Hizmet \u00f6rne\u011fi\u201d (D\u00f6vl\u0259t idar\u0259\u00e7iliyind\u0259 ictimaiyy\u0259tl\u0259 \u0259laq\u0259l\u0259rin rolu: Az\u0259rbaycan. ASAN Xidm\u0259t n\u00fcmun\u0259sind\u0259) adl\u0131 m\u0259qal\u0259si 27 yerli v\u0259 beyn\u0259lxalq indeksl\u0259r \u00fczr\u0259 tan\u0131nan \u201cUluslararas\u0131 Y\u00f6netim Akademisi [&hellip;]<\/p>","protected":false},"author":2,"featured_media":0,"comment_status":"closed","ping_status":"closed","sticky":false,"template":"","format":"standard","meta":[],"categories":[137],"tags":[],"_links":{"self":[{"href":"https:\/\/legacy.dia.edu.az\/ru\/wp-json\/wp\/v2\/posts\/14561"}],"collection":[{"href":"https:\/\/legacy.dia.edu.az\/ru\/wp-json\/wp\/v2\/posts"}],"about":[{"href":"https:\/\/legacy.dia.edu.az\/ru\/wp-json\/wp\/v2\/types\/post"}],"author":[{"embeddable":true,"href":"https:\/\/legacy.dia.edu.az\/ru\/wp-json\/wp\/v2\/users\/2"}],"replies":[{"embeddable":true,"href":"https:\/\/legacy.dia.edu.az\/ru\/wp-json\/wp\/v2\/comments?post=14561"}],"version-history":[{"count":1,"href":"https:\/\/legacy.dia.edu.az\/ru\/wp-json\/wp\/v2\/posts\/14561\/revisions"}],"predecessor-version":[{"id":14563,"href":"https:\/\/legacy.dia.edu.az\/ru\/wp-json\/wp\/v2\/posts\/14561\/revisions\/14563"}],"wp:attachment":[{"href":"https:\/\/legacy.dia.edu.az\/ru\/wp-json\/wp\/v2\/media?parent=14561"}],"wp:term":[{"taxonomy":"category","embeddable":true,"href":"https:\/\/legacy.dia.edu.az\/ru\/wp-json\/wp\/v2\/categories?post=14561"},{"taxonomy":"post_tag","embeddable":true,"href":"https:\/\/legacy.dia.edu.az\/ru\/wp-json\/wp\/v2\/tags?post=14561"}],"curies":[{"name":"wp","href":"https:\/\/api.w.org\/{rel}","templated":true}]}}