{"id":14333,"date":"2021-06-18T18:02:30","date_gmt":"2021-06-18T15:02:30","guid":{"rendered":"https:\/\/dia.edu.az\/?p=14333"},"modified":"2021-06-18T18:02:49","modified_gmt":"2021-06-18T15:02:49","slug":"turkiy%c9%99-respublikasi-prezidenti-administrasiyasi-insan-resurslari-ofisinin-r%c9%99hb%c9%99ri-salim-atay-dovl%c9%99t-idar%c9%99cilik-akademiyasinda-gorus-kecirib","status":"publish","type":"post","link":"https:\/\/legacy.dia.edu.az\/ru\/arxivl\u0259r\/14333","title":{"rendered":"T\u00fcrkiy\u0259 Respublikas\u0131 Prezidenti Administrasiyas\u0131 \u0130nsan Resurslar\u0131 Ofisinin r\u0259hb\u0259ri Salim Atay D\u00f6vl\u0259t \u0130dar\u0259\u00e7ilik Akademiyas\u0131nda g\u00f6r\u00fc\u015f ke\u00e7irib"},"content":{"rendered":"<div data-elementor-type=\"wp-post\" data-elementor-id=\"14333\" class=\"elementor elementor-14333\" data-elementor-settings=\"[]\">\n\t\t\t\t\t\t<div class=\"elementor-inner\">\n\t\t\t\t\t\t\t<div class=\"elementor-section-wrap\">\n\t\t\t\t\t\t\t<section class=\"elementor-section elementor-top-section elementor-element elementor-element-774142e elementor-section-boxed elementor-section-height-default elementor-section-height-default\" data-id=\"774142e\" data-element_type=\"section\">\n\t\t\t\t\t\t<div class=\"elementor-container elementor-column-gap-default\">\n\t\t\t\t\t\t\t<div class=\"elementor-row\">\n\t\t\t\t\t<div class=\"elementor-column elementor-col-100 elementor-top-column elementor-element elementor-element-b728660\" data-id=\"b728660\" data-element_type=\"column\">\n\t\t\t<div class=\"elementor-column-wrap elementor-element-populated\">\n\t\t\t\t\t\t\t<div class=\"elementor-widget-wrap\">\n\t\t\t\t\t\t<div class=\"elementor-element elementor-element-031498e elementor-widget elementor-widget-text-editor\" data-id=\"031498e\" data-element_type=\"widget\" data-widget_type=\"text-editor.default\">\n\t\t\t\t<div class=\"elementor-widget-container\">\n\t\t\t\t\t\t\t\t<div class=\"elementor-text-editor elementor-clearfix\">\n\t\t\t\t\t<p style=\"text-align: center;\">&nbsp; &nbsp;<strong>T&uuml;rkiy\u0259 Respublikas\u0131 Prezidenti Administrasiyas\u0131&nbsp; \u0130nsan Resurslar\u0131 Ofisinin r\u0259hb\u0259ri Salim Atay D&ouml;vl\u0259t \u0130dar\u0259&ccedil;ilik Akademiyas\u0131nda g&ouml;r&uuml;\u015f ke&ccedil;irib<\/strong><\/p>\n<p style=\"text-align: justify;\">2021-ci ilin 19 fevral tarixind\u0259 Ankarada Az\u0259rbaycan Respublikas\u0131 il\u0259 T&uuml;rkiy\u0259 Respublikas\u0131 aras\u0131nda iqtisadi \u0259m\u0259kda\u015fl\u0131q &uuml;zr\u0259 birg\u0259 h&ouml;kum\u0259tl\u0259raras\u0131 komissiyan\u0131n doqquzuncu iclas\u0131nda imzalanan protokol &ccedil;\u0259r&ccedil;iv\u0259sind\u0259 iki &ouml;lk\u0259nin d&ouml;vl\u0259t kadrlar\u0131n\u0131n haz\u0131rlanmas\u0131 v\u0259 inki\u015faf\u0131 sah\u0259sind\u0259 i\u015fbirliyin\u0259 dair q\u0259rar q\u0259bul olunub. Protokola \u0259lav\u0259 edilmi\u015f F\u0259aliyy\u0259t Plan\u0131nda h\u0259m&ccedil;inin t\u0259hsil v\u0259 insan resurslar\u0131n\u0131n inki\u015faf\u0131 il\u0259 ba\u011fl\u0131 birg\u0259 f\u0259aliyy\u0259tin qar\u015f\u0131l\u0131ql\u0131 m&uuml;nasib\u0259tl\u0259r\u0259 t\u0259kan ver\u0259c\u0259yi vur\u011fulan\u0131b. Bu &ccedil;\u0259r&ccedil;iv\u0259d\u0259 T&uuml;rkiy\u0259 Prezidenti Administrasiyas\u0131 \u0130nsan Resurslar\u0131 Ofisinin r\u0259hb\u0259rliyinin d&ouml;vl\u0259t qulluq&ccedil;ular\u0131n\u0131n t\u0259lim v\u0259 inki\u015faf\u0131 &uuml;&ccedil;&uuml;n vasit\u0259l\u0259rin tan\u0131d\u0131lmas\u0131na y&ouml;n\u0259lik Az\u0259rbaycan Respublikas\u0131n\u0131n Prezidenti yan\u0131nda D&ouml;vl\u0259t \u0130dar\u0259&ccedil;ilik Akademiyas\u0131 il\u0259 birg\u0259 f\u0259aliyy\u0259ti n\u0259z\u0259rd\u0259 tutulub. \u0130yunun 16-17-d\u0259 T&uuml;rkiy\u0259 Prezidenti Administrasiyas\u0131 yan\u0131nda \u0130nsan Resurslar\u0131 Ofisinin r\u0259hb\u0259ri Salim Atay, \u015f&ouml;b\u0259 m&uuml;dirl\u0259ri Sava\u015f Ceylan, Ne\u015f\u0259 G&uuml;lm\u0259z v\u0259 layih\u0259 r\u0259hb\u0259ri Aysun Ko&ccedil; qeyd edil\u0259n F\u0259aliyy\u0259t Plan\u0131n\u0131n icras\u0131 il\u0259 ba\u011fl\u0131 m\u0259s\u0259l\u0259l\u0259rin m&uuml;zakir\u0259si &uuml;&ccedil;&uuml;n&nbsp; D&ouml;vl\u0259t \u0130dar\u0259&ccedil;ilik Akademiyas\u0131nda toplant\u0131 ke&ccedil;iribl\u0259r. Az\u0259rbaycan Respublikas\u0131n\u0131n Prezidenti yan\u0131nda D&ouml;vl\u0259t \u0130dar\u0259&ccedil;ilik Akademiyas\u0131n\u0131n rektoru, akademik Urxan \u018fl\u0259kb\u0259rov T&uuml;rkiy\u0259 t\u0259msil&ccedil;il\u0259rin\u0259 Az\u0259rbaycan\u0131n Respublikas\u0131n\u0131n son ill\u0259rd\u0259 iqtisadi, siyasi, humanitar inki\u015faf\u0131 il\u0259 ba\u011fl\u0131 m\u0259lumat verib. Natiq qeyd olunan u\u011furlar\u0131n k&ouml;k&uuml;nd\u0259 \u0259sas\u0131 Ulu &ouml;nd\u0259r Heyd\u0259r \u018fliyev t\u0259r\u0259find\u0259n qoyulmu\u015f v\u0259 Prezident \u0130lham \u018fliyevin yarad\u0131c\u0131l\u0131qla inki\u015faf etdirdiyi innovativ d&ouml;vl\u0259t idar\u0259&ccedil;iliyi strategiyas\u0131n\u0131n durdu\u011funu x&uuml;susi vur\u011fulay\u0131b. Diqq\u0259t\u0259 &ccedil;atd\u0131r\u0131l\u0131b ki, T&uuml;rkiy\u0259 Respublikas\u0131 m&uuml;st\u0259qilliyinin b\u0259rpas\u0131ndan indiy\u0259d\u0259k h\u0259r zaman Az\u0259rbaycan\u0131n yan\u0131nda olub v\u0259 &ouml;lk\u0259nin u\u011furlu inki\u015faf\u0131na d\u0259st\u0259yini \u0259sirg\u0259m\u0259yib. Rektor Az\u0259rbaycan Respublikas\u0131n\u0131n b&uuml;t&uuml;n d&uuml;nya &uuml;&ccedil;&uuml;n prioritet kimi q\u0259bul edil\u0259n davaml\u0131 inkl&uuml;ziv inki\u015faf siyas\u0259tini s\u0259m\u0259r\u0259li \u015f\u0259kild\u0259 realla\u015fd\u0131ran d&uuml;nya lideri oldu\u011funu dil\u0259 g\u0259tirib. Akademik U.\u018fl\u0259kb\u0259rov inkl&uuml;ziv inki\u015faf g&ouml;st\u0259ricil\u0259ri Az\u0259rbaycandan a\u015fa\u011f\u0131 olan &ouml;lk\u0259l\u0259r aras\u0131nda AB\u015e, Yaponiya, \u0130srail, \u0130taliya, \u0130spaniya, T&uuml;rkiy\u0259, Portuqaliya, Yunan\u0131stan v\u0259 s. oldu\u011funu vur\u011fulay\u0131b. Rektor diqq\u0259t\u0259 &ccedil;atd\u0131r\u0131b ki, nisb\u0259t\u0259n m\u0259hdud maliyy\u0259 imkanlar\u0131 \u015f\u0259raitind\u0259 Az\u0259rbaycan\u0131n inkl&uuml;ziv inki\u015faf\u0131 indeksinin iqtisadi bax\u0131mdan daha inki\u015faf etmi\u015f &ouml;lk\u0259l\u0259rd\u0259kind\u0259n y&uuml;ks\u0259k olmas\u0131 &ouml;lk\u0259nin iqtisadi potensial\u0131n\u0131n h\u0259rt\u0259r\u0259fli inki\u015faf\u0131 v\u0259 \u0259halinin rifah hal\u0131n\u0131n y&uuml;ks\u0259ldilm\u0259si &uuml;&ccedil;&uuml;n daha s\u0259m\u0259r\u0259li istifad\u0259sinin beyn\u0259lxalq t\u0259sdiqidir. Rektor vur\u011fulay\u0131b ki, inkl&uuml;ziv inki\u015faf sah\u0259sind\u0259 Az\u0259rbaycan Respublikas\u0131n\u0131n y&uuml;ks\u0259k g&ouml;st\u0259ricil\u0259r \u0259ld\u0259 etm\u0259si v\u0259 sosial siyas\u0259tin realla\u015fd\u0131r\u0131lmas\u0131 bax\u0131m\u0131ndan d&uuml;nya liderin\u0259 &ccedil;evrilm\u0259sind\u0259 &ouml;lk\u0259nin Birinci Vitse-Prezidenti, Heyd\u0259r \u018fliyev Fondunun Prezidenti Mehriban xan\u0131m \u018fliyevan\u0131n da m&uuml;st\u0259sna xidm\u0259tl\u0259ri var. U.\u018fl\u0259kb\u0259rov qazan\u0131lan u\u011furlar\u0131n 44 g&uuml;nl&uuml;k V\u0259t\u0259n m&uuml;harib\u0259sind\u0259ki parlaq Q\u0259l\u0259b\u0259d\u0259 b&ouml;y&uuml;k pay\u0131n\u0131n oldu\u011funu da x&uuml;susi vur\u011fulay\u0131b. Bildirilib ki, &ouml;lk\u0259nin haz\u0131rk\u0131 davaml\u0131 inki\u015faf\u0131 d&ouml;vl\u0259t idar\u0259&ccedil;iliyi v\u0259 d&ouml;vl\u0259t qullu\u011fu sah\u0259sind\u0259 realla\u015fd\u0131r\u0131lan ard\u0131c\u0131l islahatlar v\u0259 d\u0259yi\u015fiklikl\u0259rin n\u0259tic\u0259sidir.<\/p>\n<p style=\"text-align: justify;\">T&uuml;rkiy\u0259 Prezidenti Administrasiyas\u0131 yan\u0131nda \u0130nsan Resurslar\u0131 Ofisinin r\u0259hb\u0259ri Salim Atay d&ouml;vl\u0259t kadrlar\u0131n\u0131n haz\u0131rlanmas\u0131 sah\u0259sind\u0259 &ouml;lk\u0259sinin t\u0259cr&uuml;b\u0259si bar\u0259d\u0259 \u0259trafl\u0131 bilgi verib. Eyni zamanda T&uuml;rkiy\u0259 r\u0259smisi kadr potensial\u0131n\u0131n t\u0259kmill\u0259\u015fdirilm\u0259si sah\u0259sind\u0259 innovasiyalar\u0131n Az\u0259rbaycanda t\u0259tbiqi imkanlar\u0131 il\u0259 ba\u011fl\u0131 fikirl\u0259rini b&ouml;l&uuml;\u015f&uuml;b. M&uuml;zakir\u0259l\u0259rd\u0259 D&ouml;vl\u0259t \u0130dar\u0259&ccedil;ilik Akademiyas\u0131n\u0131n prorektorlar\u0131 professor \u018flikram Abdullayev, dosent C\u0259f\u0259r Eyvazl\u0131, \u015f&ouml;b\u0259 m&uuml;dirl\u0259ri&nbsp; dosent R\u0259c\u0259b R\u0259himli v\u0259 professor Ziyaf\u0259t H\u0259bibova i\u015ftirak edibl\u0259r.<\/p>\n<p style=\"text-align: justify;\">D\u0130A-n\u0131n &ldquo;D&ouml;vl\u0259t qullu\u011fu v\u0259 kadr siyas\u0259ti kafedras\u0131&rdquo;n\u0131n m&uuml;diri, dosent R\u0259c\u0259b R\u0259himli D&ouml;vl\u0259t \u0130dar\u0259&ccedil;ilik Akademiyas\u0131nda d&ouml;vl\u0259t qulluq&ccedil;ular\u0131n\u0131n haz\u0131rlanmas\u0131 v\u0259 yenid\u0259n haz\u0131rlanmas\u0131 sistemi bar\u0259d\u0259 m\u0259lumat verib. Natiq d&ouml;vl\u0259t qulluq&ccedil;ular\u0131n\u0131n&nbsp; haz\u0131rlanmas\u0131 prosesind\u0259 iki &ouml;lk\u0259nin \u0259m\u0259kda\u015fl\u0131\u011f\u0131n\u0131n b&ouml;y&uuml;k fayda ver\u0259c\u0259yini vur\u011fulay\u0131b.&nbsp;<\/p>\n<p style=\"text-align: justify;\">Toplant\u0131n\u0131n sonunda g\u0259l\u0259c\u0259k birg\u0259 f\u0259aliyy\u0259t\u0259 dair m\u0259s\u0259l\u0259rl\u0259 ba\u011fl\u0131 fikir m&uuml;badil\u0259si apar\u0131l\u0131b v\u0259 perspektiv i\u015fbirliyi istiqam\u0259tl\u0259ri m&uuml;\u0259yy\u0259nl\u0259\u015fdirilib.<\/p>\n<p style=\"text-align: justify;\">&nbsp;<\/p>\n<p style=\"text-align: justify;\">&nbsp;<\/p>\n\t\t\t\t\t<\/div>\n\t\t\t\t\t\t<\/div>\n\t\t\t\t<\/div>\n\t\t\t\t\t\t<\/div>\n\t\t\t\t\t<\/div>\n\t\t<\/div>\n\t\t\t\t\t\t\t\t<\/div>\n\t\t\t\t\t<\/div>\n\t\t<\/section>\n\t\t\t\t\t\t<\/div>\n\t\t\t\t\t\t<\/div>\n\t\t\t\t\t<\/div>","protected":false},"excerpt":{"rendered":"<p>&nbsp; &nbsp;T&uuml;rkiy\u0259 Respublikas\u0131 Prezidenti Administrasiyas\u0131&nbsp; \u0130nsan Resurslar\u0131 Ofisinin r\u0259hb\u0259ri Salim Atay D&ouml;vl\u0259t \u0130dar\u0259&ccedil;ilik Akademiyas\u0131nda g&ouml;r&uuml;\u015f ke&ccedil;irib 2021-ci ilin 19 fevral tarixind\u0259 Ankarada Az\u0259rbaycan Respublikas\u0131 il\u0259 T&uuml;rkiy\u0259 Respublikas\u0131 aras\u0131nda iqtisadi \u0259m\u0259kda\u015fl\u0131q &uuml;zr\u0259 birg\u0259 h&ouml;kum\u0259tl\u0259raras\u0131 komissiyan\u0131n doqquzuncu iclas\u0131nda imzalanan protokol &ccedil;\u0259r&ccedil;iv\u0259sind\u0259 iki &ouml;lk\u0259nin d&ouml;vl\u0259t kadrlar\u0131n\u0131n haz\u0131rlanmas\u0131 v\u0259 inki\u015faf\u0131 sah\u0259sind\u0259 i\u015fbirliyin\u0259 dair q\u0259rar q\u0259bul olunub. Protokola \u0259lav\u0259 edilmi\u015f [&hellip;]<\/p>","protected":false},"author":2,"featured_media":14334,"comment_status":"closed","ping_status":"closed","sticky":false,"template":"","format":"standard","meta":[],"categories":[137],"tags":[],"_links":{"self":[{"href":"https:\/\/legacy.dia.edu.az\/ru\/wp-json\/wp\/v2\/posts\/14333"}],"collection":[{"href":"https:\/\/legacy.dia.edu.az\/ru\/wp-json\/wp\/v2\/posts"}],"about":[{"href":"https:\/\/legacy.dia.edu.az\/ru\/wp-json\/wp\/v2\/types\/post"}],"author":[{"embeddable":true,"href":"https:\/\/legacy.dia.edu.az\/ru\/wp-json\/wp\/v2\/users\/2"}],"replies":[{"embeddable":true,"href":"https:\/\/legacy.dia.edu.az\/ru\/wp-json\/wp\/v2\/comments?post=14333"}],"version-history":[{"count":4,"href":"https:\/\/legacy.dia.edu.az\/ru\/wp-json\/wp\/v2\/posts\/14333\/revisions"}],"predecessor-version":[{"id":14338,"href":"https:\/\/legacy.dia.edu.az\/ru\/wp-json\/wp\/v2\/posts\/14333\/revisions\/14338"}],"wp:featuredmedia":[{"embeddable":true,"href":"https:\/\/legacy.dia.edu.az\/ru\/wp-json\/wp\/v2\/media\/14334"}],"wp:attachment":[{"href":"https:\/\/legacy.dia.edu.az\/ru\/wp-json\/wp\/v2\/media?parent=14333"}],"wp:term":[{"taxonomy":"category","embeddable":true,"href":"https:\/\/legacy.dia.edu.az\/ru\/wp-json\/wp\/v2\/categories?post=14333"},{"taxonomy":"post_tag","embeddable":true,"href":"https:\/\/legacy.dia.edu.az\/ru\/wp-json\/wp\/v2\/tags?post=14333"}],"curies":[{"name":"wp","href":"https:\/\/api.w.org\/{rel}","templated":true}]}}