{"id":14327,"date":"2021-06-14T14:42:04","date_gmt":"2021-06-14T11:42:04","guid":{"rendered":"https:\/\/dia.edu.az\/?p=14327"},"modified":"2021-06-14T14:43:50","modified_gmt":"2021-06-14T11:43:50","slug":"dovl%c9%99t-idar%c9%99cilik-akademiyasinda-milli-qurtulus-gunu-qeyd-edilib-2","status":"publish","type":"post","link":"https:\/\/legacy.dia.edu.az\/ru\/arxivl\u0259r\/14327","title":{"rendered":"D\u00f6vl\u0259t \u0130dar\u0259\u00e7ilik Akademiyas\u0131nda Milli Qurtulu\u015f G\u00fcn\u00fc qeyd edilib"},"content":{"rendered":"<div data-elementor-type=\"wp-post\" data-elementor-id=\"14327\" class=\"elementor elementor-14327\" data-elementor-settings=\"[]\">\n\t\t\t\t\t\t<div class=\"elementor-inner\">\n\t\t\t\t\t\t\t<div class=\"elementor-section-wrap\">\n\t\t\t\t\t\t\t<section class=\"elementor-section elementor-top-section elementor-element elementor-element-6f962ff elementor-section-boxed elementor-section-height-default elementor-section-height-default\" data-id=\"6f962ff\" data-element_type=\"section\">\n\t\t\t\t\t\t<div class=\"elementor-container elementor-column-gap-default\">\n\t\t\t\t\t\t\t<div class=\"elementor-row\">\n\t\t\t\t\t<div class=\"elementor-column elementor-col-100 elementor-top-column elementor-element elementor-element-9cbf745\" data-id=\"9cbf745\" data-element_type=\"column\">\n\t\t\t<div class=\"elementor-column-wrap elementor-element-populated\">\n\t\t\t\t\t\t\t<div class=\"elementor-widget-wrap\">\n\t\t\t\t\t\t<div class=\"elementor-element elementor-element-03f8348 elementor-widget elementor-widget-text-editor\" data-id=\"03f8348\" data-element_type=\"widget\" data-widget_type=\"text-editor.default\">\n\t\t\t\t<div class=\"elementor-widget-container\">\n\t\t\t\t\t\t\t\t<div class=\"elementor-text-editor elementor-clearfix\">\n\t\t\t\t\t<p style=\"text-align: center;\"><strong>D&ouml;vl\u0259t \u0130dar\u0259&ccedil;ilik Akademiyas\u0131nda Milli Qurtulu\u015f G&uuml;n&uuml; <\/strong><\/p>\n<p style=\"text-align: center;\"><strong>qeyd edilib<\/strong><\/p>\n<p style=\"text-align: justify;\">\u0130yunun 14-d\u0259 Az\u0259rbaycan Respublikas\u0131n\u0131n Prezidenti yan\u0131nda D&ouml;vl\u0259t \u0130dar\u0259&ccedil;ilik Akademiyas\u0131nda 15 iyun Milli Qurtulu\u015f G&uuml;n&uuml;n\u0259 h\u0259sr olunmu\u015f onlayn elmi-praktik konfrans ke&ccedil;irilib.<\/p>\n<p style=\"text-align: justify;\">D\u0130A-n\u0131n n\u0259zdind\u0259 f\u0259aliyy\u0259t g&ouml;st\u0259r\u0259n &ldquo;Heyd\u0259r \u018fliyev D&ouml;vl\u0259t \u0130dar\u0259&ccedil;ilik M\u0259kt\u0259bi&rdquo;nd\u0259n onlayn davam ed\u0259n konfransda D\u0130A-n\u0131n rektoru, akademik Urxan \u018fl\u0259kb\u0259rov m&uuml;st\u0259qil d&ouml;vl\u0259timizin qurucusu &uuml;mummilli lider Heyd\u0259r \u018fliyevin tarixi xidm\u0259tl\u0259rini vur\u011fulay\u0131b. Rektor m&uuml;st\u0259qil Az\u0259rbaycan\u0131n qurucusu, &uuml;mummilli lider Heyd\u0259r \u018fliyevin siyasi hakimiyy\u0259t\u0259 qay\u0131d\u0131\u015f\u0131n\u0131 m&uuml;st\u0259qillik tarixin\u0259 Milli Qurtulu\u015f G&uuml;n&uuml; kimi daxil olmas\u0131ndan, 1993-c&uuml; ild\u0259 xalq\u0131n t\u0259kidli t\u0259l\u0259bi il\u0259 hakimiyy\u0259t\u0259 yenid\u0259n g\u0259l\u0259n ulu &ouml;nd\u0259rin Az\u0259rbaycan\u0131 par&ccedil;alanmaqdan, m\u0259hv olma t\u0259hl&uuml;k\u0259sind\u0259n v\u0259 v\u0259t\u0259nda\u015f m&uuml;harib\u0259sind\u0259n xilas etdiyini xat\u0131rlatd\u0131. Heyd\u0259r \u018fliyev siyasi x\u0259ttinin u\u011furlu n\u0259tic\u0259l\u0259rind\u0259n dan\u0131\u015fan rektor dahi r\u0259hb\u0259rin ideyalar\u0131n\u0131n Prezident \u0130lham \u018fliyev t\u0259r\u0259find\u0259n \u0259zml\u0259 h\u0259yata ke&ccedil;irildiyini, Az\u0259rbaycan\u0131n &ccedil;ox s&uuml;r\u0259tl\u0259 davaml\u0131 inki\u015faf etdiyini bildirib.<\/p>\n<p style=\"text-align: justify;\">Rektor qeyd edib ki, bu g&uuml;n dahi r\u0259hb\u0259r Heyd\u0259r \u018fliyev t\u0259r\u0259find\u0259n \u0259sas\u0131 qoyulmu\u015f v\u0259 Prezident \u0130lham \u018fliyevin u\u011furla inki\u015faf etdirdiyi innovativ idar\u0259etm\u0259 texnologiyalar\u0131n\u0131n n\u0259z\u0259ri \u0259saslar\u0131n\u0131n i\u015fl\u0259nilm\u0259si, onlar\u0131n t\u0259cr&uuml;b\u0259d\u0259 t\u0259tbiqi n\u0259tic\u0259sind\u0259 bir &ccedil;ox u\u011furlara imza at\u0131b. U.\u018fl\u0259kb\u0259rov m&uuml;st\u0259qil Az\u0259rbaycan\u0131n u\u011furlu inki\u015faf\u0131n\u0131nda Az\u0259rbaycan Respublikas\u0131n\u0131n Birinci vitse-prezidenti Mehriban xan\u0131m \u018fliyevan\u0131n x&uuml;susi rolu oldu\u011funu qeyd edib.<\/p>\n<p style=\"text-align: justify;\">Elmi-praktik konfransda &ccedil;\u0131x\u0131\u015f ed\u0259n Milli M\u0259clisin deputat\u0131 D&ouml;vl\u0259t \u0130dar\u0259&ccedil;ilik Akademiyas\u0131 &ldquo;D&ouml;vl\u0259t qullu\u011fu v\u0259 kard siyas\u0259ti&rdquo; kafedras\u0131n\u0131n dosenti Ayd\u0131n Mirz\u0259zad\u0259, D&ouml;vl\u0259t \u0130dar\u0259&ccedil;ilik Akademiyas\u0131 Siyasi idar\u0259etm\u0259 fak&uuml;lt\u0259sinin dekan\u0131, professor El&ccedil;in \u018fhm\u0259dov &nbsp;D&ouml;vl\u0259t \u0130dar\u0259&ccedil;ilik Akademiyas\u0131 &ldquo;Politologiya v\u0259 siyasi idar\u0259etm\u0259&rdquo; kafedras\u0131n\u0131n m&uuml;\u0259lllimi Zaur M\u0259mm\u0259dov v\u0259 dig\u0259r m\u0259ruz\u0259&ccedil;il\u0259r &uuml;mummilli lider Heyd\u0259r \u018fliyevin \u015f\u0259xsiyy\u0259tinin b&ouml;y&uuml;kl&uuml;y&uuml;nd\u0259n, &ouml;lk\u0259mizd\u0259 demokratik, h&uuml;quqi d&ouml;vl\u0259t quruculu\u011fu istiqam\u0259tind\u0259 h\u0259yata ke&ccedil;irdiyi u\u011furlu islahatlardan b\u0259hs edib, Ulu &Ouml;nd\u0259rin Az\u0259rbaycan\u0131n d&ouml;vl\u0259t&ccedil;ilik maraqlar\u0131n\u0131 h\u0259mi\u015f\u0259 &uuml;st&uuml;n tutdu\u011funu vur\u011fulay\u0131blar. M\u0259ruz\u0259l\u0259rd\u0259 qeyd edilib ki, &Uuml;mummilli lider Heyd\u0259r \u018fliyev xalq\u0131n t\u0259kidli d\u0259v\u0259tini q\u0259bul edib Bak\u0131ya g\u0259ldi. Xilaskarl\u0131q missiyas\u0131n\u0131 &ouml;z &uuml;z\u0259rin\u0259 g&ouml;t&uuml;r\u0259n dahi \u015f\u0259xsiyy\u0259t h\u0259yat\u0131n\u0131 t\u0259hl&uuml;k\u0259 alt\u0131nda qoyaraq G\u0259nc\u0259y\u0259 getdi. Hadis\u0259l\u0259rin daha faci\u0259li n\u0259tic\u0259l\u0259r\u0259 g\u0259tirib &ccedil;\u0131xarmamas\u0131 &uuml;&ccedil;&uuml;n &ouml;z m&uuml;drik s&ouml;z&uuml;n&uuml; dedi, v\u0259t\u0259nda\u015f qar\u015f\u0131durmas\u0131n\u0131n qar\u015f\u0131s\u0131n\u0131 ald\u0131. Heyd\u0259r \u018fliyevin xilaskarl\u0131q missiyas\u0131 tariximiz\u0259 Milli Qurtulu\u015f G&uuml;n&uuml; kimi daxil oldu. Ulu &Ouml;nd\u0259r Heyd\u0259r \u018fliyevin respublika r\u0259hb\u0259rliyin\u0259 vaxt\u0131nda v\u0259 yenid\u0259n qay\u0131d\u0131\u015f\u0131 &ouml;lk\u0259mizi m\u0259hv olmaqdan qurtarm\u0131\u015f, onun q\u0259tiyy\u0259ti xalqa ruh y&uuml;ks\u0259kliyi g\u0259tirmi\u015f, &ouml;lk\u0259d\u0259 sabitlik v\u0259 \u0259min-amanl\u0131q yaratm\u0131\u015fd\u0131r.<\/p>\n<p style=\"text-align: justify;\">&nbsp;<\/p>\t\t\t\t\t<\/div>\n\t\t\t\t\t\t<\/div>\n\t\t\t\t<\/div>\n\t\t\t\t\t\t<\/div>\n\t\t\t\t\t<\/div>\n\t\t<\/div>\n\t\t\t\t\t\t\t\t<\/div>\n\t\t\t\t\t<\/div>\n\t\t<\/section>\n\t\t\t\t\t\t<\/div>\n\t\t\t\t\t\t<\/div>\n\t\t\t\t\t<\/div>","protected":false},"excerpt":{"rendered":"<p>D&ouml;vl\u0259t \u0130dar\u0259&ccedil;ilik Akademiyas\u0131nda Milli Qurtulu\u015f G&uuml;n&uuml; qeyd edilib \u0130yunun 14-d\u0259 Az\u0259rbaycan Respublikas\u0131n\u0131n Prezidenti yan\u0131nda D&ouml;vl\u0259t \u0130dar\u0259&ccedil;ilik Akademiyas\u0131nda 15 iyun Milli Qurtulu\u015f G&uuml;n&uuml;n\u0259 h\u0259sr olunmu\u015f onlayn elmi-praktik konfrans ke&ccedil;irilib. D\u0130A-n\u0131n n\u0259zdind\u0259 f\u0259aliyy\u0259t g&ouml;st\u0259r\u0259n &ldquo;Heyd\u0259r \u018fliyev D&ouml;vl\u0259t \u0130dar\u0259&ccedil;ilik M\u0259kt\u0259bi&rdquo;nd\u0259n onlayn davam ed\u0259n konfransda D\u0130A-n\u0131n rektoru, akademik Urxan \u018fl\u0259kb\u0259rov m&uuml;st\u0259qil d&ouml;vl\u0259timizin qurucusu &uuml;mummilli lider Heyd\u0259r \u018fliyevin tarixi xidm\u0259tl\u0259rini [&hellip;]<\/p>","protected":false},"author":2,"featured_media":14328,"comment_status":"closed","ping_status":"closed","sticky":false,"template":"","format":"standard","meta":[],"categories":[137],"tags":[],"_links":{"self":[{"href":"https:\/\/legacy.dia.edu.az\/ru\/wp-json\/wp\/v2\/posts\/14327"}],"collection":[{"href":"https:\/\/legacy.dia.edu.az\/ru\/wp-json\/wp\/v2\/posts"}],"about":[{"href":"https:\/\/legacy.dia.edu.az\/ru\/wp-json\/wp\/v2\/types\/post"}],"author":[{"embeddable":true,"href":"https:\/\/legacy.dia.edu.az\/ru\/wp-json\/wp\/v2\/users\/2"}],"replies":[{"embeddable":true,"href":"https:\/\/legacy.dia.edu.az\/ru\/wp-json\/wp\/v2\/comments?post=14327"}],"version-history":[{"count":4,"href":"https:\/\/legacy.dia.edu.az\/ru\/wp-json\/wp\/v2\/posts\/14327\/revisions"}],"predecessor-version":[{"id":14332,"href":"https:\/\/legacy.dia.edu.az\/ru\/wp-json\/wp\/v2\/posts\/14327\/revisions\/14332"}],"wp:featuredmedia":[{"embeddable":true,"href":"https:\/\/legacy.dia.edu.az\/ru\/wp-json\/wp\/v2\/media\/14328"}],"wp:attachment":[{"href":"https:\/\/legacy.dia.edu.az\/ru\/wp-json\/wp\/v2\/media?parent=14327"}],"wp:term":[{"taxonomy":"category","embeddable":true,"href":"https:\/\/legacy.dia.edu.az\/ru\/wp-json\/wp\/v2\/categories?post=14327"},{"taxonomy":"post_tag","embeddable":true,"href":"https:\/\/legacy.dia.edu.az\/ru\/wp-json\/wp\/v2\/tags?post=14327"}],"curies":[{"name":"wp","href":"https:\/\/api.w.org\/{rel}","templated":true}]}}