{"id":14294,"date":"2021-06-10T17:24:40","date_gmt":"2021-06-10T14:24:40","guid":{"rendered":"https:\/\/dia.edu.az\/?p=14294"},"modified":"2021-06-11T08:33:11","modified_gmt":"2021-06-11T05:33:11","slug":"dovl%c9%99t-idar%c9%99cilik-akademiyasinda-yuks%c9%99k-ixtisasli-huquqsunas-kadrlarin-hazirlanmasi-dovl%c9%99t-siyas%c9%99tinin-prioritet-istiqam%c9%99tl%c9%99rind%c9%99n-biri-kimi","status":"publish","type":"post","link":"https:\/\/legacy.dia.edu.az\/ru\/arxivl\u0259r\/14294","title":{"rendered":"D\u00f6vl\u0259t \u0130dar\u0259\u00e7ilik Akademiyas\u0131nda  \u201cY\u00fcks\u0259k ixtisasl\u0131 h\u00fcquq\u015f\u00fcnas kadrlar\u0131n haz\u0131rlanmas\u0131 d\u00f6vl\u0259t siyas\u0259tinin prioritet istiqam\u0259tl\u0259rind\u0259n biri kimi\u201d m\u00f6vzusunda elmi konfrans ke\u00e7irilib"},"content":{"rendered":"<p style=\"text-align: center;\">D\u00f6vl\u0259t \u0130dar\u0259\u00e7ilik Akademiyas\u0131nda &nbsp;\u201cY\u00fcks\u0259k ixtisasl\u0131 h\u00fcquq\u015f\u00fcnas kadrlar\u0131n haz\u0131rlanmas\u0131 d\u00f6vl\u0259t siyas\u0259tinin prioritet istiqam\u0259tl\u0259rind\u0259n biri kimi\u201d m\u00f6vzusunda elmi konfrans ke\u00e7irilib<\/p>\n<p style=\"text-align: justify;\">10 iyun 2021-ci il tarixind\u0259 Az\u0259rbaycan Respublikas\u0131n\u0131n Prezidenti yan\u0131nda D\u00f6vl\u0259t \u0130dar\u0259\u00e7ilik Akademiyas\u0131n\u0131n v\u0259 Az\u0259rbaycan Respublikas\u0131n\u0131n V\u0259kill\u0259r Kollegiyas\u0131n\u0131n birg\u0259 t\u0259\u015fkilat\u00e7\u0131l\u0131\u011f\u0131 il\u0259 \u201cY\u00fcks\u0259k ixtisasl\u0131 h\u00fcquq\u015f\u00fcnas kadrlar\u0131n haz\u0131rlanmas\u0131 d\u00f6vl\u0259t siyas\u0259tinin prioritet istiqam\u0259tl\u0259rind\u0259n biri kimi\u201d m\u00f6vzusunda elmi konfrans ke\u00e7irilib.<\/p>\n<p style=\"text-align: justify;\">Elmi konfransda d\u00f6vl\u0259t qurumlar\u0131n\u0131n r\u0259hb\u0259rl\u0259ri, ali t\u0259hsil m\u00fc\u0259ssis\u0259l\u0259rinin rektorlar\u0131, Mlli M\u0259clisin deputatlar\u0131, h\u00fcquq\u015f\u00fcnas al\u0131ml\u0259r, n\u00fcfuzlu ekspertl\u0259r, ictimai-siyasi xadiml\u0259r v\u0259 g\u0259nc h\u00fcquq\u015f\u00fcnaslar i\u015ftirak edibl\u0259r.<\/p>\n<p style=\"text-align: justify;\">Onlayn ke\u00e7iril\u0259n elmi konfransda a\u00e7\u0131l\u0131\u015f nitq\u0131 il\u0259 \u00e7\u0131x\u0131\u015f ed\u0259n Az\u0259rbaycan Respublikas\u0131n\u0131n Prezidenti yan\u0131nda D\u00f6vl\u0259t \u0130dar\u0259\u00e7ilik Akademiyas\u0131n\u0131n rektoru, akademik Urxan \u018fl\u0259kb\u0259rov Ulu \u00d6nd\u0259r Heyd\u0259r \u018fliyev t\u0259r\u0259find\u0259n m\u00fc\u0259yy\u0259n edilmi\u015f v\u0259 Az\u0259rbaycan Respublikas\u0131n\u0131n Prezidenti c\u0259nab \u0130lham \u018fliyevin u\u011furla davam etdirdiyi inki\u015faf strategiyas\u0131 say\u0259sind\u0259 Az\u0259rbaycan Respublikas\u0131n\u0131n qazand\u0131\u011f\u0131 nailiyy\u0259tl\u0259r\u0259 diqq\u0259t \u00e7\u0259kib. Rektor Prezident \u0130lham \u018fliyev t\u0259r\u0259find\u0259n i\u015fl\u0259nmi\u015f v\u0259 t\u0259tbiq edilmi\u015f sinergetik, komplementar v\u0259 kompensasion prinsip v\u0259 yana\u015fmalar kompleksini ehtiva ed\u0259n yeni d\u00f6vl\u0259t idar\u0259\u00e7iliyi texnologiyalar\u0131n\u0131n Az\u0259rbaycan\u0131n davaml\u0131 inkl\u00fcziv inki\u015faf namin\u0259 resurslardan s\u0259m\u0259r\u0259li istifad\u0259 sah\u0259sind\u0259 regional v\u0259 qlobal lider\u0259 cevrilm\u0259sin\u0259 yol a\u00e7d\u0131\u011f\u0131n\u0131 x\u00fcsusi vur\u011fulay\u0131b. Eyni zamanda Az\u0259rbaycanda t\u0259tbiq edil\u0259n innovativ idar\u0259\u00e7ilik texnologiyalar\u0131 kompleksinin y\u00fcks\u0259k s\u0259m\u0259r\u0259liliyinin BMT T\u0259hl\u00fck\u0259sizlik \u015euras\u0131n\u0131n 4 q\u0259tnam\u0259sinin u\u011furla yerin\u0259 yetirilm\u0259sind\u0259 v\u0259 30 il Erm\u0259nistan t\u0259r\u0259find\u0259n i\u015f\u011fal alt\u0131nda saxlan\u0131lan \u0259razil\u0259rin azad edilm\u0259sind\u0259 t\u0259zah\u00fcr\u00fcn\u00fc tapd\u0131\u011f\u0131n\u0131 da x\u00fcsusi vur\u011fulay\u0131b. Bu Z\u0259f\u0259rin c\u0259mi 44 g\u00fcn\u0259 ba\u015fa g\u0259lm\u0259si v\u0259 Az\u0259rbaycan\u0131n \u0259razi b\u00fct\u00f6vl\u00fcy\u00fcn\u00fcn tam b\u0259rpas\u0131n\u0131 \u00f6lk\u0259 Prezidentinin innovativ inki\u015faf strategiyas\u0131n\u0131n t\u0259nt\u0259n\u0259li yekunu kimi d\u0259y\u0259rl\u0259ndirib.<\/p>\n<p style=\"text-align: justify;\">Daha sonra V\u0259kill\u0259r Kollegiyas\u0131 R\u0259yas\u0259t Hey\u0259tinin s\u0259dri Anar Ba\u011f\u0131rov&nbsp;\u00e7\u0131x\u0131\u015f ed\u0259r\u0259k bildirib ki, \u00f6lk\u0259mizd\u0259 idar\u0259\u00e7ilik sah\u0259sind\u0259 pe\u015f\u0259kar kadrlar\u0131n yeti\u015fdirilm\u0259sin\u0259 x\u00fcsusi diqq\u0259t ay\u0131ran qabaqc\u0131l apar\u0131c\u0131 t\u0259dris, metodik, elm v\u0259 analitik informasiya m\u0259rk\u0259zi olan D\u00f6vl\u0259t \u0130dar\u0259\u00e7ilik Akademiyas\u0131 il\u0259 birg\u0259 \u0259m\u0259kda\u015fl\u0131q \u00f6n\u0259mli add\u0131mlardan biridir.<\/p>\n<p style=\"text-align: justify;\">V\u0259kill\u0259r Kollegiyas\u0131 R\u0259yas\u0259t Hey\u0259tinin s\u0259dri Anar Ba\u011f\u0131rov v\u0259killik institutunun tarixin\u0259 ekskurs ed\u0259r\u0259k m\u00fcqayis\u0259li t\u0259hlil aparm\u0131\u015f, Az\u0259rbaycanda&nbsp; m\u00fcasir v\u0259killiyin d\u00fcnya \u00f6lk\u0259l\u0259rinin v\u0259killik qurumlar\u0131 il\u0259 m\u00fcqais\u0259d\u0259 \u0259h\u0259miyy\u0259tli m\u00fcsb\u0259t&nbsp; d\u0259yi\u015fikliy\u0259 m\u0259ruz qald\u0131\u011f\u0131n\u0131 bildirmi\u015f, bu d\u0259yi\u015fikliyin \u00f6lk\u0259 r\u0259hb\u0259ri t\u0259r\u0259find\u0259n m\u00fc\u0259yy\u0259n edilmi\u015f h\u0259d\u0259fl\u0259r\u0259 uy\u011fun olaraq h\u0259yata ke\u00e7irildiyini vurqulam\u0131\u015fd\u0131r. Eyni zamanda h\u00fcquq t\u0259hsilinin \u0259h\u0259miyy\u0259tini, \u00f6lk\u0259d\u0259 bu sah\u0259d\u0259 t\u0259hsilalan g\u0259ncl\u0259r\u0259 x\u00fcsusi diqq\u0259t v\u0259 qay\u011f\u0131n\u0131n g\u00f6st\u0131rilm\u0259sinin vacibliyin\u0259 doqq\u0259t \u00e7\u0259kmi\u015fdir.<\/p>\n<p style=\"text-align: justify;\">D\u00f6vl\u0259t \u0130dar\u0259\u00e7ilik Akademiyas\u0131n\u0131n \u201cH\u00fcquq\u201d kafedras\u0131n\u0131n m\u00fcdiri, h\u00fcquq \u00fczr\u0259 elml\u0259r doktoru, professor \u0130saxan V\u0259liyevin moderatorlu\u011fu il\u0259 davam ed\u0259n elmi konfransda \u00e7\u0131x\u0131\u015f ed\u0259n Mill\u0259t v\u0259kili, Az\u0259rbaycan Respublikas\u0131 Milli M\u0259clisinin M\u00fcdafi\u0259, t\u0259hl\u00fck\u0259sizlik v\u0259 korrupsiya il\u0259 m\u00fcbariz\u0259 komit\u0259sinin s\u0259dri, h\u00fcquq \u00fczr\u0259 elml\u0259r doktoru, professor Ziyaf\u0259t \u018fsg\u0259rov \u201cM\u00fcasir d\u00f6vl\u0259t quruculu\u011fu d\u00f6vr\u00fcnd\u0259 h\u00fcquq\u015f\u00fcnas kadrlara qoyulan t\u0259l\u0259bl\u0259r\u201d, Az\u0259rbaycan Respublikas\u0131 D\u00f6vl\u0259t G\u00f6mr\u00fck Komit\u0259sinin Akademiyas\u0131n\u0131n r\u0259isi, G\u00f6mr\u00fck xidm\u0259ti general-mayoru, professor Qulu Novruzov \u201cG\u00f6mr\u00fck xidm\u0259tinin s\u0259m\u0259r\u0259liliyind\u0259 h\u00fcquqi bilikl\u0259rin rolu\u201d, Mill\u0259t v\u0259kili, Az\u0259rbaycan Respublikas\u0131 Milli M\u0259clisinin H\u00fcquq siyas\u0259ti v\u0259 d\u00f6vl\u0259t quruculu\u011fu komit\u0259sinin s\u0259dr m\u00fcavini Q\u00fcdr\u0259t H\u0259s\u0259nquliyev \u201cY\u00fcks\u0259k ixtisasl\u0131 h\u00fcquq\u015f\u00fcnas kadrlar insan h\u00fcquq v\u0259 azadl\u0131qlar\u0131n\u0131n t\u0259minat\u0131n\u0131 \u015f\u0259rtl\u0259ndir\u0259n amill\u0259rd\u0259n biri kimi\u201d, Az\u0259rbaycan Respublikas\u0131 Ba\u015f Prokurorlu\u011funun Elm-T\u0259dris M\u0259rk\u0259zinin r\u0259isi, ba\u015f \u0259dliyy\u0259 m\u00fc\u015faviri M\u00fcbariz \u018fhm\u0259dov \u201cM\u00fcasir \u00e7a\u011f\u0131r\u0131\u015flara cavab ver\u0259n kadr korpusunun formala\u015fd\u0131r\u0131lmas\u0131 prokurorluqda apar\u0131lan ard\u0131c\u0131l islahatlar\u0131n ba\u015fl\u0131ca h\u0259d\u0259fl\u0259rind\u0259n biri kimi\u201d Mill\u0259t v\u0259kili, Az\u0259rbaycan Respublikas\u0131 Milli M\u0259clisinin Ail\u0259, Qad\u0131n v\u0259 U\u015faq m\u0259s\u0259l\u0259l\u0259ri komit\u0259sinin s\u0259dr m\u00fcavini, professor Jal\u0259 \u018fliyeva \u201cAz\u0259rbaycanda h\u00fcquq t\u0259hsili: tarix v\u0259 m\u00fcasirlik\u201d, Mill\u0259t v\u0259kili, Az\u0259rbaycan Respublikas\u0131 Milli M\u0259clisinin Elm v\u0259 t\u0259hsil komit\u0259sinin \u00fczv\u00fc, f\u0259ls\u0259f\u0259 \u00fczr\u0259 f\u0259ls\u0259f\u0259 doktoru Etibar \u018fliyev \u201cH\u00fcquq t\u0259hsili f\u0259nl\u0259raras\u0131 yana\u015fma kontekstind\u0259\u201d, Az\u0259rbaycan Respublikas\u0131n\u0131n Prezidenti yan\u0131nda Ali Attestasiya Komissiyas\u0131n\u0131n 3 sayl\u0131 elm sah\u0259l\u0259ri \u015f\u00f6b\u0259sinin m\u00fcdiri, dosent M\u00fcbariz M\u0259mm\u0259dli \u201cH\u00fcquq elml\u0259ri sah\u0259sind\u0259 m\u00fcasir \u00e7a\u011f\u0131r\u0131\u015flara uy\u011fun y\u00fcks\u0259kixtisasl\u0131 m\u00fct\u0259x\u0259ssis haz\u0131rl\u0131\u011f\u0131na yeni yana\u015fma\u201d, D\u0130N-in Polis Akademiyas\u0131 r\u0259isinin 1-ci m\u00fcavini, polis polkovniki, h\u00fcquq elml\u0259ri doktoru, professor, \u0259m\u0259kdar m\u00fc\u0259llim Mahir \u018fhm\u0259dov \u201cPolis Akademiyas\u0131nda kadr haz\u0131rl\u0131\u011f\u0131n\u0131n x\u00fcsusiyy\u0259tl\u0259ri&#8221;, Az\u0259rbaycan Respublikas\u0131 \u018fdliyy\u0259 Nazirliyinin \u018fdliyy\u0259 Akademiyas\u0131n\u0131n rektor v\u0259zif\u0259sini icra ed\u0259n, h\u00fcquq \u00fczr\u0259 f\u0259ls\u0259f\u0259 doktoru, dosent, ba\u015f \u0259dliyy\u0259 m\u00fc\u015faviri El\u00e7in X\u0259l\u0259fov \u201cAz\u0259rbaycanda yeni n\u0259sil pe\u015f\u0259kar h\u00fcquq\u015f\u00fcnas kadrlar\u0131n haz\u0131rlanmas\u0131 m\u0259s\u0259l\u0259l\u0259ri\u201d, Az\u0259rbaycan Respublikas\u0131n\u0131n Prezidenti yan\u0131nda D\u00f6vl\u0259t \u0130dar\u0259\u00e7ilik Akademiyas\u0131n\u0131n H\u00fcquq kafedras\u0131n\u0131n m\u00fcdiri, professor \u0130saxan V\u0259liyev \u201cElm\u0259 \u0259saslanan t\u0259hsil y\u00fcks\u0259k ixtisasl\u0131 h\u00fcquq\u015f\u00fcnas kadrlar\u0131n haz\u0131rlanmas\u0131n\u0131n \u0259sas \u015f\u0259rtl\u0259rind\u0259n biri kimi\u201d, Az\u0259rbaycan Respublikas\u0131 D\u00f6vl\u0259t T\u0259hl\u00fck\u0259sizliyi Xidm\u0259tinin Heyd\u0259r \u018fliyev ad\u0131na Akademiyas\u0131 r\u0259isinin 1-ci m\u00fcavini, h\u00fcquq \u00fczr\u0259 f\u0259ls\u0259f\u0259 doktoru El\u015fad N\u0259sirov \u201cAz\u0259rbaycanda pe\u015fakar h\u00fcquq\u015f\u00fcnas kadrlar\u0131n haz\u0131rlanmas\u0131; probleml\u0259r v\u0259 perspektivl\u0259r\u201d, H\u00fcquqi Yard\u0131m v\u0259 T\u0259dris M\u0259rk\u0259zinin direktoru, V\u0259kill\u0259rin \u0130ntizam Komissiyas\u0131n\u0131n s\u0259dri \u015eahmar M\u0259mm\u0259dov \u201cV\u0259killik y\u00fcks\u0259k ixtisasl\u0131 kadrlar\u0131n haz\u0131rlanmas\u0131nda \u0259sas institutlardan biri kimi\u201d, Az\u0259rbaycan Respublikas\u0131n\u0131n Prezidenti yan\u0131nda D\u00f6vl\u0259t \u0130dar\u0259\u00e7ilik Akademiyas\u0131n\u0131n H\u00fcquq kafedras\u0131n\u0131n dosenti, h\u00fcquq \u00fczr\u0259 f\u0259ls\u0259f\u0259 doktoru F\u0259xr\u0259ddin Na\u011f\u0131yev \u201cY\u00fcks\u0259k ixtisasl\u0131 h\u00fcquq\u015f\u00fcnas kadrlar\u0131n\u0131n haz\u0131rlanmas\u0131 m\u00fcasir \u00e7a\u011f\u0131r\u0131\u015flar kontekstind\u0259\u201d adl\u0131 m\u00f6vzularda m\u0259ruz\u0259l\u0259r dinl\u0259nilib.<\/p>\n<p style=\"text-align: justify;\">\n<p>\t\t\t\t\t\t\t\t\t\t\t\t<img width=\"450\" height=\"251\" src=\"https:\/\/dia.edu.az\/wp-content\/uploads\/2021\/06\/5a5e3844-35e9-4851-bdb4-1303fb28fdab-450x251.jpg\" alt=\"\" loading=\"lazy\" srcset=\"https:\/\/dia.edu.az\/wp-content\/uploads\/2021\/06\/5a5e3844-35e9-4851-bdb4-1303fb28fdab-450x251.jpg 450w, https:\/\/dia.edu.az\/wp-content\/uploads\/2021\/06\/5a5e3844-35e9-4851-bdb4-1303fb28fdab-200x111.jpg 200w, https:\/\/dia.edu.az\/wp-content\/uploads\/2021\/06\/5a5e3844-35e9-4851-bdb4-1303fb28fdab-768x428.jpg 768w, https:\/\/dia.edu.az\/wp-content\/uploads\/2021\/06\/5a5e3844-35e9-4851-bdb4-1303fb28fdab-1536x856.jpg 1536w, https:\/\/dia.edu.az\/wp-content\/uploads\/2021\/06\/5a5e3844-35e9-4851-bdb4-1303fb28fdab-2048x1141.jpg 2048w, https:\/\/dia.edu.az\/wp-content\/uploads\/2021\/06\/5a5e3844-35e9-4851-bdb4-1303fb28fdab-16x9.jpg 16w\" sizes=\"(max-width: 450px) 100vw, 450px\"><br \/>\n<img width=\"450\" height=\"338\" src=\"https:\/\/dia.edu.az\/wp-content\/uploads\/2021\/06\/f5-450x338.jpg\" alt=\"\" loading=\"lazy\" srcset=\"https:\/\/dia.edu.az\/wp-content\/uploads\/2021\/06\/f5-450x338.jpg 450w, https:\/\/dia.edu.az\/wp-content\/uploads\/2021\/06\/f5-200x150.jpg 200w, https:\/\/dia.edu.az\/wp-content\/uploads\/2021\/06\/f5-768x576.jpg 768w, https:\/\/dia.edu.az\/wp-content\/uploads\/2021\/06\/f5-1536x1152.jpg 1536w, https:\/\/dia.edu.az\/wp-content\/uploads\/2021\/06\/f5-2048x1536.jpg 2048w, https:\/\/dia.edu.az\/wp-content\/uploads\/2021\/06\/f5-16x12.jpg 16w\" sizes=\"(max-width: 450px) 100vw, 450px\"><br \/>\n<img width=\"450\" height=\"338\" src=\"https:\/\/dia.edu.az\/wp-content\/uploads\/2021\/06\/f2-450x338.jpg\" alt=\"\" loading=\"lazy\" srcset=\"https:\/\/dia.edu.az\/wp-content\/uploads\/2021\/06\/f2-450x338.jpg 450w, https:\/\/dia.edu.az\/wp-content\/uploads\/2021\/06\/f2-200x150.jpg 200w, https:\/\/dia.edu.az\/wp-content\/uploads\/2021\/06\/f2-768x576.jpg 768w, https:\/\/dia.edu.az\/wp-content\/uploads\/2021\/06\/f2-1536x1152.jpg 1536w, https:\/\/dia.edu.az\/wp-content\/uploads\/2021\/06\/f2-2048x1536.jpg 2048w, https:\/\/dia.edu.az\/wp-content\/uploads\/2021\/06\/f2-16x12.jpg 16w\" sizes=\"(max-width: 450px) 100vw, 450px\"><br \/>\n<img width=\"450\" height=\"304\" src=\"https:\/\/dia.edu.az\/wp-content\/uploads\/2021\/06\/f7-450x304.jpg\" alt=\"\" loading=\"lazy\" srcset=\"https:\/\/dia.edu.az\/wp-content\/uploads\/2021\/06\/f7-450x304.jpg 450w, https:\/\/dia.edu.az\/wp-content\/uploads\/2021\/06\/f7-200x135.jpg 200w, https:\/\/dia.edu.az\/wp-content\/uploads\/2021\/06\/f7-768x519.jpg 768w, https:\/\/dia.edu.az\/wp-content\/uploads\/2021\/06\/f7-1536x1038.jpg 1536w, https:\/\/dia.edu.az\/wp-content\/uploads\/2021\/06\/f7-2048x1384.jpg 2048w, https:\/\/dia.edu.az\/wp-content\/uploads\/2021\/06\/f7-16x12.jpg 16w, https:\/\/dia.edu.az\/wp-content\/uploads\/2021\/06\/f7-150x100.jpg 150w\" sizes=\"(max-width: 450px) 100vw, 450px\"><br \/>\n<img width=\"450\" height=\"338\" src=\"https:\/\/dia.edu.az\/wp-content\/uploads\/2021\/06\/f6-450x338.jpg\" alt=\"\" loading=\"lazy\" srcset=\"https:\/\/dia.edu.az\/wp-content\/uploads\/2021\/06\/f6-450x338.jpg 450w, https:\/\/dia.edu.az\/wp-content\/uploads\/2021\/06\/f6-200x150.jpg 200w, https:\/\/dia.edu.az\/wp-content\/uploads\/2021\/06\/f6-768x576.jpg 768w, https:\/\/dia.edu.az\/wp-content\/uploads\/2021\/06\/f6-1536x1152.jpg 1536w, https:\/\/dia.edu.az\/wp-content\/uploads\/2021\/06\/f6-2048x1536.jpg 2048w, https:\/\/dia.edu.az\/wp-content\/uploads\/2021\/06\/f6-16x12.jpg 16w\" sizes=\"(max-width: 450px) 100vw, 450px\"><br \/>\n<img width=\"450\" height=\"338\" src=\"https:\/\/dia.edu.az\/wp-content\/uploads\/2021\/06\/f1-1-450x338.jpg\" alt=\"\" loading=\"lazy\" srcset=\"https:\/\/dia.edu.az\/wp-content\/uploads\/2021\/06\/f1-1-450x338.jpg 450w, https:\/\/dia.edu.az\/wp-content\/uploads\/2021\/06\/f1-1-200x150.jpg 200w, https:\/\/dia.edu.az\/wp-content\/uploads\/2021\/06\/f1-1-768x576.jpg 768w, https:\/\/dia.edu.az\/wp-content\/uploads\/2021\/06\/f1-1-1536x1152.jpg 1536w, https:\/\/dia.edu.az\/wp-content\/uploads\/2021\/06\/f1-1-2048x1536.jpg 2048w, https:\/\/dia.edu.az\/wp-content\/uploads\/2021\/06\/f1-1-16x12.jpg 16w\" sizes=\"(max-width: 450px) 100vw, 450px\"><br \/>\n<img width=\"450\" height=\"338\" src=\"https:\/\/dia.edu.az\/wp-content\/uploads\/2021\/06\/f3-1-450x338.jpg\" alt=\"\" loading=\"lazy\" srcset=\"https:\/\/dia.edu.az\/wp-content\/uploads\/2021\/06\/f3-1-450x338.jpg 450w, https:\/\/dia.edu.az\/wp-content\/uploads\/2021\/06\/f3-1-200x150.jpg 200w, https:\/\/dia.edu.az\/wp-content\/uploads\/2021\/06\/f3-1-768x576.jpg 768w, https:\/\/dia.edu.az\/wp-content\/uploads\/2021\/06\/f3-1-1536x1152.jpg 1536w, https:\/\/dia.edu.az\/wp-content\/uploads\/2021\/06\/f3-1-2048x1536.jpg 2048w, https:\/\/dia.edu.az\/wp-content\/uploads\/2021\/06\/f3-1-16x12.jpg 16w\" sizes=\"(max-width: 450px) 100vw, 450px\"><\/p>","protected":false},"excerpt":{"rendered":"<p>D\u00f6vl\u0259t \u0130dar\u0259\u00e7ilik Akademiyas\u0131nda &nbsp;\u201cY\u00fcks\u0259k ixtisasl\u0131 h\u00fcquq\u015f\u00fcnas kadrlar\u0131n haz\u0131rlanmas\u0131 d\u00f6vl\u0259t siyas\u0259tinin prioritet istiqam\u0259tl\u0259rind\u0259n biri kimi\u201d m\u00f6vzusunda elmi konfrans ke\u00e7irilib 10 iyun 2021-ci il tarixind\u0259 Az\u0259rbaycan Respublikas\u0131n\u0131n Prezidenti yan\u0131nda D\u00f6vl\u0259t \u0130dar\u0259\u00e7ilik Akademiyas\u0131n\u0131n v\u0259 Az\u0259rbaycan Respublikas\u0131n\u0131n V\u0259kill\u0259r Kollegiyas\u0131n\u0131n birg\u0259 t\u0259\u015fkilat\u00e7\u0131l\u0131\u011f\u0131 il\u0259 \u201cY\u00fcks\u0259k ixtisasl\u0131 h\u00fcquq\u015f\u00fcnas kadrlar\u0131n haz\u0131rlanmas\u0131 d\u00f6vl\u0259t siyas\u0259tinin prioritet istiqam\u0259tl\u0259rind\u0259n biri kimi\u201d m\u00f6vzusunda elmi konfrans ke\u00e7irilib. Elmi konfransda [&hellip;]<\/p>","protected":false},"author":2,"featured_media":14322,"comment_status":"closed","ping_status":"closed","sticky":false,"template":"","format":"standard","meta":[],"categories":[137],"tags":[],"_links":{"self":[{"href":"https:\/\/legacy.dia.edu.az\/ru\/wp-json\/wp\/v2\/posts\/14294"}],"collection":[{"href":"https:\/\/legacy.dia.edu.az\/ru\/wp-json\/wp\/v2\/posts"}],"about":[{"href":"https:\/\/legacy.dia.edu.az\/ru\/wp-json\/wp\/v2\/types\/post"}],"author":[{"embeddable":true,"href":"https:\/\/legacy.dia.edu.az\/ru\/wp-json\/wp\/v2\/users\/2"}],"replies":[{"embeddable":true,"href":"https:\/\/legacy.dia.edu.az\/ru\/wp-json\/wp\/v2\/comments?post=14294"}],"version-history":[{"count":21,"href":"https:\/\/legacy.dia.edu.az\/ru\/wp-json\/wp\/v2\/posts\/14294\/revisions"}],"predecessor-version":[{"id":14326,"href":"https:\/\/legacy.dia.edu.az\/ru\/wp-json\/wp\/v2\/posts\/14294\/revisions\/14326"}],"wp:featuredmedia":[{"embeddable":true,"href":"https:\/\/legacy.dia.edu.az\/ru\/wp-json\/wp\/v2\/media\/14322"}],"wp:attachment":[{"href":"https:\/\/legacy.dia.edu.az\/ru\/wp-json\/wp\/v2\/media?parent=14294"}],"wp:term":[{"taxonomy":"category","embeddable":true,"href":"https:\/\/legacy.dia.edu.az\/ru\/wp-json\/wp\/v2\/categories?post=14294"},{"taxonomy":"post_tag","embeddable":true,"href":"https:\/\/legacy.dia.edu.az\/ru\/wp-json\/wp\/v2\/tags?post=14294"}],"curies":[{"name":"wp","href":"https:\/\/api.w.org\/{rel}","templated":true}]}}