{"id":14181,"date":"2021-05-08T14:08:00","date_gmt":"2021-05-08T11:08:00","guid":{"rendered":"https:\/\/dia.edu.az\/?p=14181"},"modified":"2021-06-01T14:37:09","modified_gmt":"2021-06-01T11:37:09","slug":"mayin-7-d%c9%99-az%c9%99rbaycan-respublikasinin-prezidenti-yaninda-dovl%c9%99t-idar%c9%99cilik-akademiyasinda-doktorant-v%c9%99-dissertantlarin-umummilli-lider-heyd%c9%99r-%c9%99liyevin-anadan-olmasin","status":"publish","type":"post","link":"https:\/\/legacy.dia.edu.az\/ru\/arxivl\u0259r\/14181","title":{"rendered":"May\u0131n 7-d\u0259 Az\u0259rbaycan Respublikas\u0131n\u0131n Prezidenti yan\u0131nda D\u00f6vl\u0259t \u0130dar\u0259\u00e7ilik Akademiyas\u0131nda doktorant v\u0259 dissertantlar\u0131n \u00dcmummilli lider Heyd\u0259r \u018fliyevin anadan olmas\u0131n\u0131n 98-ci ild\u00f6n\u00fcm\u00fcn\u0259 h\u0259sr olunmu\u015f \u201cHeyd\u0259r \u018fliyev v\u0259 Az\u0259rbaycan Respublikas\u0131n\u0131n m\u00fcasir innovativ inki\u015faf\u0131\u201d m\u00f6vzusunda elmi-praktiki konfrans\u0131 ke\u00e7irilib"},"content":{"rendered":"<div data-elementor-type=\"wp-post\" data-elementor-id=\"14181\" class=\"elementor elementor-14181\" data-elementor-settings=\"[]\">\n\t\t\t\t\t\t<div class=\"elementor-inner\">\n\t\t\t\t\t\t\t<div class=\"elementor-section-wrap\">\n\t\t\t\t\t\t\t<section class=\"elementor-section elementor-top-section elementor-element elementor-element-7f7e007 elementor-section-boxed elementor-section-height-default elementor-section-height-default\" data-id=\"7f7e007\" data-element_type=\"section\">\n\t\t\t\t\t\t<div class=\"elementor-container elementor-column-gap-default\">\n\t\t\t\t\t\t\t<div class=\"elementor-row\">\n\t\t\t\t\t<div class=\"elementor-column elementor-col-100 elementor-top-column elementor-element elementor-element-a0507bc\" data-id=\"a0507bc\" data-element_type=\"column\">\n\t\t\t<div class=\"elementor-column-wrap elementor-element-populated\">\n\t\t\t\t\t\t\t<div class=\"elementor-widget-wrap\">\n\t\t\t\t\t\t<div class=\"elementor-element elementor-element-7f3badc elementor-widget elementor-widget-text-editor\" data-id=\"7f3badc\" data-element_type=\"widget\" data-widget_type=\"text-editor.default\">\n\t\t\t\t<div class=\"elementor-widget-container\">\n\t\t\t\t\t\t\t\t<div class=\"elementor-text-editor elementor-clearfix\">\n\t\t\t\t\t<p>May\u0131n 7-d\u0259 Az\u0259rbaycan Respublikas\u0131n\u0131n Prezidenti yan\u0131nda D\u00f6vl\u0259t \u0130dar\u0259\u00e7ilik Akademiyas\u0131nda doktorant v\u0259 dissertantlar\u0131n \u00dcmummilli lider Heyd\u0259r \u018fliyevin anadan olmas\u0131n\u0131n 98-ci ild\u00f6n\u00fcm\u00fcn\u0259 h\u0259sr olunmu\u015f \u201cHeyd\u0259r \u018fliyev v\u0259 Az\u0259rbaycan Respublikas\u0131n\u0131n m\u00fcasir innovativ inki\u015faf\u0131\u201d m\u00f6vzusunda elmi-praktiki konfrans\u0131 ke\u00e7irilib. Elmi t\u0259\u015fkilat v\u0259 Beyn\u0259lxalq \u0259laq\u0259l\u0259r \u015f\u00f6b\u0259sinin t\u0259\u015fkilat\u00e7\u0131l\u0131\u011f\u0131 il\u0259 ba\u015f tutan konfrans\u0131 giri\u015f s\u00f6z\u00fc il\u0259 D\u0130A-n\u0131n rektoru akademik Urxan \u018fl\u0259kb\u0259rov a\u00e7\u0131b. Az\u0259rbaycan Respublikas\u0131n\u0131n s\u00fcr\u0259tl\u0259 inki\u015faf etdiyini dil\u0259 g\u0259tir\u0259n natiq bu t\u0259r\u0259qqi prosesinin h\u0259rt\u0259r\u0259fli v\u0259 universal oldu\u011funu v\u0259 iqtisadi, sosial, humanitar, h\u0259rbi t\u0259hl\u00fck\u0259sizlik sah\u0259l\u0259rind\u0259 t\u0259tbiq edil\u0259n innovativ d\u00f6vl\u0259t idar\u0259\u00e7ilik texnologiyalar\u0131na \u0259sasland\u0131\u011f\u0131n\u0131 vur\u011fulay\u0131b. U. \u018fl\u0259kb\u0259rov \u00f6lk\u0259 Prezidenti, Ali Ba\u015f Komandan \u0130lham \u018fliyevin r\u0259hb\u0259rliyi il\u0259 apar\u0131lan 44 g\u00fcnl\u00fck \u015fanl\u0131 V\u0259t\u0259n M\u00fcharib\u0259sind\u0259 qazan\u0131lm\u0131\u015f parlaq q\u0259l\u0259b\u0259ni d\u0259 m\u0259hz bu inki\u015faf\u0131n n\u0259tic\u0259si kimi d\u0259y\u0259rl\u0259ndirib. Qeyd edilib ki, Az\u0259rbaycan\u0131n bug\u00fcnk\u00fc h\u0259rt\u0259r\u0259fli u\u011furlu inki\u015faf\u0131n\u0131n k\u00f6k\u00fcnd\u0259\u00a0 \u0259sas\u0131 \u00dcmummilli Lider Heyd\u0259r \u018fliyev qoyulmu\u015f s\u0259m\u0259r\u0259li v\u0259 innovativ d\u00f6vl\u0259t idar\u0259\u00e7iliyi durur. Akademik son 18 ild\u0259 is\u0259 bu prosesin daha da g\u00fccl\u0259ndiyini v\u0259 yeni s\u0259viyy\u0259y\u0259 qalxd\u0131\u011f\u0131n\u0131 v\u0259 bunun Prezident \u0130lham \u018fliyev t\u0259r\u0259find\u0259n innovativ d\u00f6vl\u0259t idar\u0259\u00e7ilik elmin\u0259 \u0259saslanan tam yeni texnologiyalar\u0131n t\u0259tbiqinin n\u0259tic\u0259si oldu\u011funu bildirib. U. \u018fl\u0259kb\u0259rov h\u0259m\u00e7inin \u00f6lk\u0259d\u0259 birinci Vitse-Prezident institutunun t\u0259sisi, bu v\u0259zif\u0259d\u0259 Heyd\u0259r \u018fliyev Fondunun Prezidenti, YUNESKO v\u0259 \u0130SESKO-nun Xo\u015fm\u0259raml\u0131 S\u0259firi Mehriban xan\u0131m \u018fliyevan\u0131n milli v\u0259 beyn\u0259lxalq s\u0259viyy\u0259d\u0259 parlaq f\u0259aliyy\u0259tinin iqtisadi nailiyy\u0259tl\u0259rin sosial v\u0259 humanitar u\u011furlara s\u0259m\u0259r\u0259li transformasiyas\u0131n\u0131n t\u0259min edilm\u0259sind\u0259 \u0259v\u0259zsiz xidm\u0259tl\u0259ri oldu\u011funa diqq\u0259t \u00e7\u0259kib. Bildirilib ki, bu x\u00fcsusi il\u0259 d\u00fcnyan\u0131n \u0259n m\u00fcasir prioriteti olan inkl\u00fcziv c\u0259miyy\u0259tin formala\u015fd\u0131r\u0131lmas\u0131nda da \u00f6z \u0259ksini tapm\u0131\u015fd\u0131r v\u0259 Mehriban xan\u0131m \u018fliyevan\u0131n t\u0259\u015f\u0259bb\u00fcs\u00fc il\u0259 Az\u0259rbaycanda v\u0259 xarici \u00f6lk\u0259l\u0259rd\u0259 h\u0259yata ke\u00e7iril\u0259n inkl\u00fcziv t\u0259hsil, inkl\u00fcziv sa\u011flaml\u0131q v\u0259 dig\u0259r \u00e7oxsayl\u0131 sosial t\u0259\u015f\u0259bb\u00fcs v\u0259 layih\u0259l\u0259r \u00f6lk\u0259nin davaml\u0131 inki\u015faf\u0131na v\u0259 inkl\u00fcziv c\u0259miyy\u0259tin formala\u015fmas\u0131na g\u00fccl\u00fc t\u0259kan vermi\u015fdir.\u00a0\u00a0\u00a0\u00a0\u00a0\u00a0\u00a0\u00a0\u00a0\u00a0 Rektor U.\u018fl\u0259kb\u0259rov t\u0259hlill\u0259r \u0259sas\u0131nda m\u00fcst\u0259qilliyini yaln\u0131z 30 il \u0259vv\u0259l b\u0259rpa etmi\u015f Az\u0259rbaycan\u0131n inkl\u00fcziv inki\u015faf indeksin\u0259\u00a0 g\u00f6r\u0259 d\u00fcnyan\u0131n bir \u00e7ox lider \u00f6lk\u0259l\u0259rini gerid\u0259 qoydu\u011funu diqq\u0259t\u0259 \u00e7atd\u0131r\u0131b. Bu \u00f6lk\u0259l\u0259r aras\u0131nda \u201cb\u00f6y\u00fck yeddilik\u201d (G7) qrupuna daxil olan d\u00fcnya liderl\u0259ri (AB\u015e, \u0130taliya, Yaponiya), d\u00fcnyan\u0131n iqtisadi bax\u0131m\u0131ndan \u0259n inki\u015faf etmi\u015f 39 \u00f6lk\u0259sini birl\u0259\u015fdir\u0259n \u0130qtisadi \u018fm\u0259kda\u015fl\u0131q v\u0259 \u0130nki\u015faf T\u0259\u015fkilat\u0131n\u0131n \u00fczvl\u0259ri (\u0130srail, Argentina, \u00c7ili, Yunan\u0131stan, Portuqaliya, Meksika v\u0259 s.), Avropa \u0130ttifaq\u0131n\u0131n \u00fczvl\u0259ri (Latviya, Pol\u015fa, Rum\u0131niya, Bolqar\u0131stan v\u0259 s.) d\u0259 var. X\u00fcsusi vur\u011fulan\u0131b ki, m\u0259hdud resurslarla daha y\u00fcks\u0259k n\u0259tic\u0259l\u0259rin \u0259ld\u0259 edilm\u0259si yaln\u0131z \u00e7ox y\u00fcks\u0259k s\u0259viyy\u0259li d\u00f6vl\u0259t idar\u0259\u00e7iliyinin t\u0259zah\u00fcr\u00fc v\u0259 Heyd\u0259r \u018fliyev d\u00f6vl\u0259t idar\u0259\u00e7ilik m\u0259kt\u0259binin b\u0259hr\u0259sidir.\u00a0<\/p>\n<p>\u00a0\u00a0\u00a0\u00a0\u00a0\u00a0\u00a0\u00a0 Daha sonra konfransda \u00e7\u0131x\u0131\u015f ed\u0259n g\u0259nc aliml\u0259r \u201cXalqa m\u0259nsub olan h\u0259yat\u201d, \u201cHeyd\u0259r \u018fliyevin d\u00f6vl\u0259t\u00e7ilik ideyalar\u0131:Az\u0259rbaycan\u0131 z\u0259f\u0259r\u0259 aparan inki\u015fafa konseptual bax\u0131\u015f\u201d, \u201cHeyd\u0259r \u018fliyev \u0130kinci Qaraba\u011f m\u00fcharib\u0259sind\u0259 diplomatik u\u011fura aparan yolun qurucusu kimi\u201d, \u201c\u00dcmummilli lider Heyd\u0259r \u018fliyevin Az\u0259rbaycan Respublikas\u0131n\u0131n davaml\u0131 inki\u015faf\u0131n\u0131n t\u0259min olunmas\u0131nda rolu\u201d, v\u0259 s. maraql\u0131 m\u00f6vzularda m\u0259ruz\u0259l\u0259r edibl\u0259r.<\/p>\n<p>Konfrans\u0131n sonunda s\u0259sl\u0259ndiril\u0259n m\u0259ruz\u0259l\u0259rl\u0259 ba\u011fl\u0131 fikir m\u00fcbadil\u0259si apar\u0131l\u0131b.<\/p>\n<p>\u00a0<\/p>\n\n\t\t\t\t\t<\/div>\n\t\t\t\t\t\t<\/div>\n\t\t\t\t<\/div>\n\t\t\t\t\t\t<\/div>\n\t\t\t\t\t<\/div>\n\t\t<\/div>\n\t\t\t\t\t\t\t\t<\/div>\n\t\t\t\t\t<\/div>\n\t\t<\/section>\n\t\t\t\t<section class=\"elementor-section elementor-top-section elementor-element elementor-element-f9074ee elementor-section-boxed elementor-section-height-default elementor-section-height-default\" data-id=\"f9074ee\" data-element_type=\"section\">\n\t\t\t\t\t\t<div class=\"elementor-container elementor-column-gap-default\">\n\t\t\t\t\t\t\t<div class=\"elementor-row\">\n\t\t\t\t\t<div class=\"elementor-column elementor-col-100 elementor-top-column elementor-element elementor-element-d6e4702\" data-id=\"d6e4702\" data-element_type=\"column\">\n\t\t\t<div class=\"elementor-column-wrap elementor-element-populated\">\n\t\t\t\t\t\t\t<div class=\"elementor-widget-wrap\">\n\t\t\t\t\t\t<div class=\"elementor-element elementor-element-d43bb87 elementor-widget elementor-widget-image\" data-id=\"d43bb87\" data-element_type=\"widget\" data-widget_type=\"image.default\">\n\t\t\t\t<div class=\"elementor-widget-container\">\n\t\t\t\t\t\t\t\t<div class=\"elementor-image\">\n\t\t\t\t\t\t\t\t\t\t\t\t<img width=\"450\" height=\"338\" src=\"https:\/\/legacy.dia.edu.az\/wp-content\/uploads\/2021\/06\/20210507_110420-1-450x338.jpg\" class=\"attachment-large size-large\" alt=\"\" srcset=\"https:\/\/legacy.dia.edu.az\/wp-content\/uploads\/2021\/06\/20210507_110420-1-450x338.jpg 450w, https:\/\/legacy.dia.edu.az\/wp-content\/uploads\/2021\/06\/20210507_110420-1-200x150.jpg 200w, https:\/\/legacy.dia.edu.az\/wp-content\/uploads\/2021\/06\/20210507_110420-1-768x576.jpg 768w, https:\/\/legacy.dia.edu.az\/wp-content\/uploads\/2021\/06\/20210507_110420-1-1536x1152.jpg 1536w, https:\/\/legacy.dia.edu.az\/wp-content\/uploads\/2021\/06\/20210507_110420-1-2048x1536.jpg 2048w, https:\/\/legacy.dia.edu.az\/wp-content\/uploads\/2021\/06\/20210507_110420-1-16x12.jpg 16w\" sizes=\"(max-width: 450px) 100vw, 450px\" \/>\t\t\t\t\t\t\t\t\t\t\t\t\t\t<\/div>\n\t\t\t\t\t\t<\/div>\n\t\t\t\t<\/div>\n\t\t\t\t\t\t<\/div>\n\t\t\t\t\t<\/div>\n\t\t<\/div>\n\t\t\t\t\t\t\t\t<\/div>\n\t\t\t\t\t<\/div>\n\t\t<\/section>\n\t\t\t\t\t\t<\/div>\n\t\t\t\t\t\t<\/div>\n\t\t\t\t\t<\/div>","protected":false},"excerpt":{"rendered":"<p>May\u0131n 7-d\u0259 Az\u0259rbaycan Respublikas\u0131n\u0131n Prezidenti yan\u0131nda D\u00f6vl\u0259t \u0130dar\u0259\u00e7ilik Akademiyas\u0131nda doktorant v\u0259 dissertantlar\u0131n \u00dcmummilli lider Heyd\u0259r \u018fliyevin anadan olmas\u0131n\u0131n 98-ci ild\u00f6n\u00fcm\u00fcn\u0259 h\u0259sr olunmu\u015f \u201cHeyd\u0259r \u018fliyev v\u0259 Az\u0259rbaycan Respublikas\u0131n\u0131n m\u00fcasir innovativ inki\u015faf\u0131\u201d m\u00f6vzusunda elmi-praktiki konfrans\u0131 ke\u00e7irilib. Elmi t\u0259\u015fkilat v\u0259 Beyn\u0259lxalq \u0259laq\u0259l\u0259r \u015f\u00f6b\u0259sinin t\u0259\u015fkilat\u00e7\u0131l\u0131\u011f\u0131 il\u0259 ba\u015f tutan konfrans\u0131 giri\u015f s\u00f6z\u00fc il\u0259 D\u0130A-n\u0131n rektoru akademik Urxan \u018fl\u0259kb\u0259rov a\u00e7\u0131b. Az\u0259rbaycan [&hellip;]<\/p>","protected":false},"author":2,"featured_media":14187,"comment_status":"closed","ping_status":"closed","sticky":false,"template":"","format":"standard","meta":[],"categories":[137],"tags":[],"_links":{"self":[{"href":"https:\/\/legacy.dia.edu.az\/ru\/wp-json\/wp\/v2\/posts\/14181"}],"collection":[{"href":"https:\/\/legacy.dia.edu.az\/ru\/wp-json\/wp\/v2\/posts"}],"about":[{"href":"https:\/\/legacy.dia.edu.az\/ru\/wp-json\/wp\/v2\/types\/post"}],"author":[{"embeddable":true,"href":"https:\/\/legacy.dia.edu.az\/ru\/wp-json\/wp\/v2\/users\/2"}],"replies":[{"embeddable":true,"href":"https:\/\/legacy.dia.edu.az\/ru\/wp-json\/wp\/v2\/comments?post=14181"}],"version-history":[{"count":22,"href":"https:\/\/legacy.dia.edu.az\/ru\/wp-json\/wp\/v2\/posts\/14181\/revisions"}],"predecessor-version":[{"id":14205,"href":"https:\/\/legacy.dia.edu.az\/ru\/wp-json\/wp\/v2\/posts\/14181\/revisions\/14205"}],"wp:featuredmedia":[{"embeddable":true,"href":"https:\/\/legacy.dia.edu.az\/ru\/wp-json\/wp\/v2\/media\/14187"}],"wp:attachment":[{"href":"https:\/\/legacy.dia.edu.az\/ru\/wp-json\/wp\/v2\/media?parent=14181"}],"wp:term":[{"taxonomy":"category","embeddable":true,"href":"https:\/\/legacy.dia.edu.az\/ru\/wp-json\/wp\/v2\/categories?post=14181"},{"taxonomy":"post_tag","embeddable":true,"href":"https:\/\/legacy.dia.edu.az\/ru\/wp-json\/wp\/v2\/tags?post=14181"}],"curies":[{"name":"wp","href":"https:\/\/api.w.org\/{rel}","templated":true}]}}