{"id":14149,"date":"2021-05-29T12:03:00","date_gmt":"2021-05-29T09:03:00","guid":{"rendered":"https:\/\/dia.edu.az\/?p=14149"},"modified":"2021-06-01T14:40:11","modified_gmt":"2021-06-01T11:40:11","slug":"dovl%c9%99t-idar%c9%99cilik-akademiyasinda-v%c9%99t%c9%99ndas-m%c9%99mnunlugunun-t%c9%99min-olunmasinin-muasir-texnologiyalari-layih%c9%99si-c%c9%99rciv%c9%99sind%c9%99-novb%c9%99ti","status":"publish","type":"post","link":"https:\/\/legacy.dia.edu.az\/ru\/arxivl\u0259r\/14149","title":{"rendered":"D\u00f6vl\u0259t \u0130dar\u0259\u00e7ilik Akademiyas\u0131nda \u201cV\u0259t\u0259nda\u015f m\u0259mnunlu\u011funun t\u0259min olunmas\u0131n\u0131n m\u00fcasir texnologiyalar\u0131\u201d layih\u0259si \u00e7\u0259r\u00e7iv\u0259sind\u0259 n\u00f6vb\u0259ti t\u0259lim ke\u00e7irilib"},"content":{"rendered":"<div data-elementor-type=\"wp-post\" data-elementor-id=\"14149\" class=\"elementor elementor-14149\" data-elementor-settings=\"[]\">\n\t\t\t\t\t\t<div class=\"elementor-inner\">\n\t\t\t\t\t\t\t<div class=\"elementor-section-wrap\">\n\t\t\t\t\t\t\t<section class=\"elementor-section elementor-top-section elementor-element elementor-element-4aea290 elementor-section-boxed elementor-section-height-default elementor-section-height-default\" data-id=\"4aea290\" data-element_type=\"section\">\n\t\t\t\t\t\t<div class=\"elementor-container elementor-column-gap-default\">\n\t\t\t\t\t\t\t<div class=\"elementor-row\">\n\t\t\t\t\t<div class=\"elementor-column elementor-col-100 elementor-top-column elementor-element elementor-element-b4b60a5\" data-id=\"b4b60a5\" data-element_type=\"column\">\n\t\t\t<div class=\"elementor-column-wrap elementor-element-populated\">\n\t\t\t\t\t\t\t<div class=\"elementor-widget-wrap\">\n\t\t\t\t\t\t<div class=\"elementor-element elementor-element-176dbae elementor-widget elementor-widget-text-editor\" data-id=\"176dbae\" data-element_type=\"widget\" data-widget_type=\"text-editor.default\">\n\t\t\t\t<div class=\"elementor-widget-container\">\n\t\t\t\t\t\t\t\t<div class=\"elementor-text-editor elementor-clearfix\">\n\t\t\t\t\t<p style=\"text-align: center;\"><b>D\u00f6vl\u0259t \u0130dar\u0259\u00e7ilik Akademiyas\u0131nda&nbsp;<\/b><\/p>\n<p style=\"text-align: center;\"><b>&nbsp; &nbsp; &nbsp; &nbsp; &nbsp; &nbsp; &nbsp; &nbsp; &nbsp; &nbsp; &nbsp;\u201cV\u0259t\u0259nda\u015f m\u0259mnunlu\u011funun t\u0259min&nbsp; &nbsp; &nbsp;olunmas\u0131n\u0131n m\u00fcasir texnologiyalar\u0131\u201d&nbsp; &nbsp; &nbsp; &nbsp; &nbsp; &nbsp; &nbsp;&nbsp;<\/b><\/p>\n<p style=\"text-align: center;\"><b>&nbsp; &nbsp; &nbsp; &nbsp; &nbsp; &nbsp; layih\u0259si \u00e7\u0259r\u00e7iv\u0259sind\u0259 n\u00f6vb\u0259ti t\u0259lim ke\u00e7irilib<\/b><\/p>\n<p style=\"text-align: justify;\">R\u0259hb\u0259r v\u0259zif\u0259li v\u0259 d\u00f6vl\u0259t qullu\u011funa yeni q\u0259bul olunan \u015f\u0259xsl\u0259rin etik davran\u0131\u015f qaydalar\u0131 sah\u0259sind\u0259 bilik v\u0259 bacar\u0131qlar\u0131n inki\u015faf etdirilm\u0259si m\u0259qs\u0259di il\u0259 Az\u0259rbaycan Respublikas\u0131n\u0131n Prezidenti yan\u0131nda D\u00f6vl\u0259t \u0130dar\u0259\u00e7ilik Akademiyas\u0131 t\u0259r\u0259find\u0259n \u201cASAN\u201d Xidm\u0259t m\u0259rk\u0259zl\u0259rinin \u0259m\u0259kda\u015flar\u0131 \u00fc\u00e7\u00fcn n\u00f6vb\u0259ti t\u0259lim ke\u00e7irilib.<\/p>\n<p style=\"text-align: justify;\">F\u0259aliyy\u0259t Az\u0259rbaycan Respublikas\u0131n\u0131n Prezidenti yan\u0131nda D\u00f6vl\u0259t \u0130dar\u0259\u00e7ilik Akademiyas\u0131 v\u0259 Az\u0259rbaycan Respublikas\u0131n\u0131n Prezidenti yan\u0131nda V\u0259t\u0259nda\u015flara Xidm\u0259t&nbsp; v\u0259 Sosial \u0130nnovasiyalar \u00fczr\u0259 D\u00f6vl\u0259t Agentliyi (\u201cAsan\u201d Xidm\u0259t) il\u0259 imzalam\u0131\u015f \u0259m\u0259kda\u015fl\u0131q memorandumunu \u0259hat\u0259 edir.<\/p>\n<p style=\"text-align: justify;\">T\u0259limd\u0259 Az\u0259rbaycan Respublikas\u0131n\u0131n Prezidenti yan\u0131nda D\u00f6vl\u0259t \u0130dar\u0259\u00e7ilik Akademiyas\u0131n\u0131n rektoru akademik U.\u018fl\u0259kb\u0259rov \u201cAz\u0259rbaycan Respublikas\u0131n\u0131n Milli prioritetl\u0259ri: planla\u015fd\u0131rma v\u0259 idar\u0259etm\u0259\u201d m\u00f6vzusunda m\u00fchazir\u0259 il\u0259 \u00e7\u0131x\u0131\u015f edib. Daha sonra t\u0259lim i\u015ftirak\u00e7\u0131lar\u0131 D\u00f6vl\u0259t \u0130dar\u0259\u00e7ilik Akademiyas\u0131n\u0131n \u201cD\u00f6vl\u0259t qullu\u011fu v\u0259 kadr siyas\u0259ti\u201d kadefras\u0131n\u0131n m\u00fc\u0259llimi Anar H\u0259s\u0259novun \u201cV\u0259t\u0259nda\u015f m\u0259mnuniyy\u0259tinin t\u0259min edilm\u0259sind\u0259 xidm\u0259t m\u0259d\u0259niyy\u0259tinin rolu\u201d, \u201cV\u0259t\u0259nda\u015f-m\u0259mur m\u00fcnasib\u0259tl\u0259rind\u0259 \u00fcnsiyy\u0259t bacar\u0131qlar\u0131\u201d adl\u0131 m\u00fchazir\u0259sini dinl\u0259yibl\u0259r.<\/p>\n<p style=\"text-align: justify;\">T\u0259limd\u0259 \u00f6lk\u0259d\u0259 h\u0259yata ke\u00e7iril\u0259n islahatlar\u0131n v\u0259 yenil\u0259\u015fm\u0259 prosesinin \u0259sas\u0131nda v\u0259t\u0259nda\u015flara xidm\u0259t v\u0259 v\u0259t\u0259nda\u015f m\u00fcraci\u0259tl\u0259rin\u0259 h\u0259ssas m\u00fcnasib\u0259t olmas\u0131n\u0131n elmi \u0259saslar\u0131, d\u00f6vl\u0259t v\u0259 v\u0259t\u0259nda\u015f aras\u0131nda m\u00fcnasib\u0259tin v\u0259 qar\u015f\u0131l\u0131ql\u0131 etimad\u0131n \u0259yani vasit\u0259si olan v\u0259t\u0259nda\u015f m\u0259mnunlu\u011fu v\u0259 bunun t\u0259min olunmas\u0131 \u00fc\u00e7\u00fcn n\u0259zar\u0259tin g\u00fccl\u0259ndirilm\u0259si kimi m\u0259s\u0259l\u0259l\u0259r bar\u0259d\u0259 fikir m\u00fcbadil\u0259si apar\u0131lm\u0131\u015fd\u0131r.<\/p>\n<p style=\"text-align: justify;\">Layih\u0259 2021-ci ilin sonunad\u0259k davam ed\u0259c\u0259k v\u0259 t\u0259lim i\u015ftirak\u00e7\u0131lar\u0131na&nbsp; sertifikatlar t\u0259qdim olunacaqd\u0131r.<\/p>\t\t\t\t\t<\/div>\n\t\t\t\t\t\t<\/div>\n\t\t\t\t<\/div>\n\t\t\t\t\t\t<\/div>\n\t\t\t\t\t<\/div>\n\t\t<\/div>\n\t\t\t\t\t\t\t\t<\/div>\n\t\t\t\t\t<\/div>\n\t\t<\/section>\n\t\t\t\t\t\t<\/div>\n\t\t\t\t\t\t<\/div>\n\t\t\t\t\t<\/div>","protected":false},"excerpt":{"rendered":"<p>D\u00f6vl\u0259t \u0130dar\u0259\u00e7ilik Akademiyas\u0131nda&nbsp; &nbsp; &nbsp; &nbsp; &nbsp; &nbsp; &nbsp; &nbsp; &nbsp; &nbsp; &nbsp; &nbsp;\u201cV\u0259t\u0259nda\u015f m\u0259mnunlu\u011funun t\u0259min&nbsp; &nbsp; &nbsp;olunmas\u0131n\u0131n m\u00fcasir texnologiyalar\u0131\u201d&nbsp; &nbsp; &nbsp; &nbsp; &nbsp; &nbsp; &nbsp;&nbsp; &nbsp; &nbsp; &nbsp; &nbsp; &nbsp; &nbsp; layih\u0259si \u00e7\u0259r\u00e7iv\u0259sind\u0259 n\u00f6vb\u0259ti t\u0259lim ke\u00e7irilib R\u0259hb\u0259r v\u0259zif\u0259li v\u0259 d\u00f6vl\u0259t qullu\u011funa yeni q\u0259bul olunan \u015f\u0259xsl\u0259rin etik davran\u0131\u015f qaydalar\u0131 sah\u0259sind\u0259 bilik v\u0259 bacar\u0131qlar\u0131n inki\u015faf etdirilm\u0259si [&hellip;]<\/p>","protected":false},"author":2,"featured_media":14151,"comment_status":"closed","ping_status":"closed","sticky":false,"template":"","format":"standard","meta":[],"categories":[137],"tags":[],"_links":{"self":[{"href":"https:\/\/legacy.dia.edu.az\/ru\/wp-json\/wp\/v2\/posts\/14149"}],"collection":[{"href":"https:\/\/legacy.dia.edu.az\/ru\/wp-json\/wp\/v2\/posts"}],"about":[{"href":"https:\/\/legacy.dia.edu.az\/ru\/wp-json\/wp\/v2\/types\/post"}],"author":[{"embeddable":true,"href":"https:\/\/legacy.dia.edu.az\/ru\/wp-json\/wp\/v2\/users\/2"}],"replies":[{"embeddable":true,"href":"https:\/\/legacy.dia.edu.az\/ru\/wp-json\/wp\/v2\/comments?post=14149"}],"version-history":[{"count":14,"href":"https:\/\/legacy.dia.edu.az\/ru\/wp-json\/wp\/v2\/posts\/14149\/revisions"}],"predecessor-version":[{"id":14164,"href":"https:\/\/legacy.dia.edu.az\/ru\/wp-json\/wp\/v2\/posts\/14149\/revisions\/14164"}],"wp:featuredmedia":[{"embeddable":true,"href":"https:\/\/legacy.dia.edu.az\/ru\/wp-json\/wp\/v2\/media\/14151"}],"wp:attachment":[{"href":"https:\/\/legacy.dia.edu.az\/ru\/wp-json\/wp\/v2\/media?parent=14149"}],"wp:term":[{"taxonomy":"category","embeddable":true,"href":"https:\/\/legacy.dia.edu.az\/ru\/wp-json\/wp\/v2\/categories?post=14149"},{"taxonomy":"post_tag","embeddable":true,"href":"https:\/\/legacy.dia.edu.az\/ru\/wp-json\/wp\/v2\/tags?post=14149"}],"curies":[{"name":"wp","href":"https:\/\/api.w.org\/{rel}","templated":true}]}}