{"id":13992,"date":"2020-12-08T14:35:00","date_gmt":"2020-12-08T11:35:00","guid":{"rendered":"https:\/\/dia.edu.az\/?p=13992"},"modified":"2021-05-27T17:16:41","modified_gmt":"2021-05-27T14:16:41","slug":"08-dekabr-2020-ci-il-tarixind%c9%99-az%c9%99rbaycan-respublikasinin-prezidenti-yaninda-dovl%c9%99t-idar%c9%99cilik-akademiyasinda-az%c9%99rbaycan-respublikasinin-sosial-iqtisadi-inkisaf-persp","status":"publish","type":"post","link":"https:\/\/legacy.dia.edu.az\/ru\/arxivl\u0259r\/13992","title":{"rendered":"08 dekabr 2020-ci il tarixind\u0259 Az\u0259rbaycan Respublikas\u0131n\u0131n Prezidenti yan\u0131nda D\u00f6vl\u0259t \u0130dar\u0259\u00e7ilik Akademiyas\u0131nda \u201cAz\u0259rbaycan Respublikas\u0131n\u0131n sosial-iqtisadi inki\u015faf perspektivl\u0259ri: M\u0259qs\u0259dl\u0259r, Vasit\u0259l\u0259r v\u0259 \u0130qtisadi \u0130nki\u015faf\u0131n \u0130nkl\u00fczivliyi\u201d m\u00f6vzusunda Virtual Respublika Elmi Konfrans\u0131 ke\u00e7irilmi\u015fdir"},"content":{"rendered":"<div data-elementor-type=\"wp-post\" data-elementor-id=\"13992\" class=\"elementor elementor-13992\" data-elementor-settings=\"[]\">\n\t\t\t\t\t\t<div class=\"elementor-inner\">\n\t\t\t\t\t\t\t<div class=\"elementor-section-wrap\">\n\t\t\t\t\t\t\t<section class=\"elementor-section elementor-top-section elementor-element elementor-element-f31f299 elementor-section-boxed elementor-section-height-default elementor-section-height-default\" data-id=\"f31f299\" data-element_type=\"section\">\n\t\t\t\t\t\t<div class=\"elementor-container elementor-column-gap-default\">\n\t\t\t\t\t\t\t<div class=\"elementor-row\">\n\t\t\t\t\t<div class=\"elementor-column elementor-col-100 elementor-top-column elementor-element elementor-element-30c3330\" data-id=\"30c3330\" data-element_type=\"column\">\n\t\t\t<div class=\"elementor-column-wrap elementor-element-populated\">\n\t\t\t\t\t\t\t<div class=\"elementor-widget-wrap\">\n\t\t\t\t\t\t<div class=\"elementor-element elementor-element-736b1a0 elementor-widget elementor-widget-text-editor\" data-id=\"736b1a0\" data-element_type=\"widget\" data-widget_type=\"text-editor.default\">\n\t\t\t\t<div class=\"elementor-widget-container\">\n\t\t\t\t\t\t\t\t<div class=\"elementor-text-editor elementor-clearfix\">\n\t\t\t\t\t<p>08 dekabr 2020-ci il tarixind\u0259 Az\u0259rbaycan Respublikas\u0131n\u0131n Prezidenti yan\u0131nda D&ouml;vl\u0259t \u0130dar\u0259&ccedil;ilik Akademiyas\u0131nda &ldquo;Az\u0259rbaycan Respublikas\u0131n\u0131n sosial-iqtisadi inki\u015faf perspektivl\u0259ri: M\u0259qs\u0259dl\u0259r, Vasit\u0259l\u0259r v\u0259 \u0130qtisadi \u0130nki\u015faf\u0131n \u0130nkl&uuml;zivliyi&rdquo; m&ouml;vzusunda Virtual Respublika Elmi Konfrans\u0131 ke&ccedil;irilmi\u015fdir. Az\u0259rbaycan Respublikas\u0131n\u0131n Prezidenti yan\u0131nda D&ouml;vl\u0259t \u0130dar\u0259&ccedil;ilik Akademiyas\u0131n\u0131n rektoru, akademik Urxan \u018fl\u0259kb\u0259rov konfrans\u0131n a&ccedil;\u0131l\u0131\u015f\u0131n\u0131 etmi\u015fdir. &Ccedil;\u0131x\u0131\u015f\u0131nda &ouml;lk\u0259 Prezidenti, Ali Ba\u015f Komandan \u0130lham \u018fliyevin r\u0259hb\u0259rliyi il\u0259 m&uuml;z\u0259ff\u0259r Az\u0259rbaycan ordusunun Qaraba\u011fda \u015fanl\u0131 tarix yazmas\u0131, torpaqlar\u0131m\u0131z\u0131n erm\u0259ni i\u015f\u011fal\u0131ndan azad edilm\u0259si v\u0259 bu q\u0259l\u0259b\u0259 il\u0259 Az\u0259rbaycan\u0131n n\u0259y\u0259 qadir oldu\u011funu d&uuml;nyaya g&ouml;st\u0259rildiyi bildirdi. Bu g&uuml;n ba\u015f ver\u0259nl\u0259r onu g&ouml;st\u0259rir ki, Az\u0259rbaycan &ouml;t\u0259n ill\u0259r \u0259rzind\u0259 sivil v\u0259t\u0259nda\u015f c\u0259miyy\u0259ti, g&uuml;cl&uuml; iqtisadiyyat v\u0259 m&uuml;z\u0259ff\u0259r ordu qurub, m&uuml;st\u0259qil d&ouml;vl\u0259t&ccedil;iliyini daha da g&uuml;cl\u0259ndirib, beyn\u0259lxalq al\u0259md\u0259 siyasi v\u0259 h&uuml;huqi m&uuml;st\u0259vid\u0259 Qaraba\u011f m\u0259s\u0259l\u0259sind\u0259 haql\u0131 t\u0259r\u0259f oldu\u011funu t\u0259sdiql\u0259yib. Azad edil\u0259n Qaraba\u011f torpaqlar\u0131 Az\u0259rbaycan iqtisadiyyat\u0131 &uuml;&ccedil;&uuml;n yeni potensial iqtisadi imkanlar yaratmas\u0131n\u0131 v\u0259 iqtisadiyyat\u0131m\u0131z\u0131n n\u0259z\u0259r\u0259 &ccedil;arpacaq d\u0259r\u0259c\u0259d\u0259 artaraq b&ouml;y&uuml;y\u0259c\u0259yini, davaml\u0131 v\u0259 inklyuziv inki\u015faf\u0131n t\u0259minat\u0131na z\u0259man\u0259t ver\u0259c\u0259yini vur\u011fulad\u0131.<\/p>\n<p>&nbsp;&nbsp;&nbsp;&nbsp;&nbsp;&nbsp;&nbsp;&nbsp; Konfrans\u0131n i\u015find\u0259 Az\u0259rbaycan D&ouml;vl\u0259t Neft v\u0259 S\u0259naye Universitetinin, UNEC, &nbsp;Az\u0259rbaycan Respublikas\u0131n\u0131n&nbsp;Milli M\u0259clisi, \u018fm\u0259k v\u0259 \u018fhalinin Sosial M&uuml;dafi\u0259si Nazirliyi, AMEA-nin \u0130qtisadiyyat \u0130nstitutu, \u0130lyas Ef\u0259ndiyev ad\u0131na Elitar gimnaziya, Kapital Bank ASC, Pirallah\u0131 rayon Icra Hakimiyy\u0259ti, ASAN tabeliyind\u0259 olan &ldquo;Elektron H&ouml;kum\u0259tin \u0130nki\u015faf\u0131 M\u0259rk\u0259zi&rdquo; v\u0259 s. t\u0259\u015fkilatlar, o c&uuml;ml\u0259d\u0259n, D\u0130A-n\u0131n professor m&uuml;\u0259llim hey\u0259ti i\u015ftirak etmi\u015fl\u0259r.<\/p>\n<p>Konfrans &nbsp;3 b&ouml;lm\u0259d\u0259 i\u015fini aparm\u0131\u015fd\u0131r:<\/p>\n<p>1.\u0130nk&uuml;zivliyin vahidliyi v\u0259 global &ccedil;a\u011firi\u015flar<\/p>\n<p>2.\u0130qtisadiyyatin intellektual idar\u0259edilm\u0259sind\u0259 bilik v\u0259 bacariqlar<\/p>\n<p>3.\u0130qtisadiinki\u015fafin ink&uuml;zivliyi: klassikadan yeni d&ouml;vr iqtisadiyyata do\u011fru<\/p>\n<p>Konfransda &nbsp;Az\u0259rbaycanda d&ouml;vl\u0259t siyas\u0259tinin \u0259sas strateji m\u0259qs\u0259dl\u0259rin\u0259 &ccedil;atmada, o c&uuml;ml\u0259d\u0259n, davaml\u0131 inkluziv inki\u015faf\u0131 istiqam\u0259tind\u0259 elm v\u0259 texnologiyalar\u0131 inki\u015faf etdirm\u0259k v\u0259 elmi \u0259saslarla innovasiya sistemini formala\u015fd\u0131rmaqda ali t\u0259hsil m&uuml;\u0259ssis\u0259l\u0259rinin&nbsp; \u0259h\u0259miyy\u0259tli rolu vur\u011fulanm\u0131\u015fd\u0131r.<\/p>\n<p><br \/><br \/><\/p><p><a href=\"https:\/\/dia.edu.az\/wp-content\/uploads\/2021\/05\/KONFRANS-PROQRAMI-V\u018f-XULAS\u018fL\u018fR.pdf\">KONFRANS PROQRAMI V\u018f X&Uuml;LAS\u018fL\u018fR<\/a><\/p>\n\n\t\t\t\t\t<\/div>\n\t\t\t\t\t\t<\/div>\n\t\t\t\t<\/div>\n\t\t\t\t\t\t<\/div>\n\t\t\t\t\t<\/div>\n\t\t<\/div>\n\t\t\t\t\t\t\t\t<\/div>\n\t\t\t\t\t<\/div>\n\t\t<\/section>\n\t\t\t\t\t\t<\/div>\n\t\t\t\t\t\t<\/div>\n\t\t\t\t\t<\/div>","protected":false},"excerpt":{"rendered":"<p>08 dekabr 2020-ci il tarixind\u0259 Az\u0259rbaycan Respublikas\u0131n\u0131n Prezidenti yan\u0131nda D&ouml;vl\u0259t \u0130dar\u0259&ccedil;ilik Akademiyas\u0131nda &ldquo;Az\u0259rbaycan Respublikas\u0131n\u0131n sosial-iqtisadi inki\u015faf perspektivl\u0259ri: M\u0259qs\u0259dl\u0259r, Vasit\u0259l\u0259r v\u0259 \u0130qtisadi \u0130nki\u015faf\u0131n \u0130nkl&uuml;zivliyi&rdquo; m&ouml;vzusunda Virtual Respublika Elmi Konfrans\u0131 ke&ccedil;irilmi\u015fdir. Az\u0259rbaycan Respublikas\u0131n\u0131n Prezidenti yan\u0131nda D&ouml;vl\u0259t \u0130dar\u0259&ccedil;ilik Akademiyas\u0131n\u0131n rektoru, akademik Urxan \u018fl\u0259kb\u0259rov konfrans\u0131n a&ccedil;\u0131l\u0131\u015f\u0131n\u0131 etmi\u015fdir. &Ccedil;\u0131x\u0131\u015f\u0131nda &ouml;lk\u0259 Prezidenti, Ali Ba\u015f Komandan \u0130lham \u018fliyevin r\u0259hb\u0259rliyi il\u0259 m&uuml;z\u0259ff\u0259r Az\u0259rbaycan [&hellip;]<\/p>","protected":false},"author":2,"featured_media":14001,"comment_status":"closed","ping_status":"closed","sticky":false,"template":"","format":"standard","meta":[],"categories":[137],"tags":[],"_links":{"self":[{"href":"https:\/\/legacy.dia.edu.az\/ru\/wp-json\/wp\/v2\/posts\/13992"}],"collection":[{"href":"https:\/\/legacy.dia.edu.az\/ru\/wp-json\/wp\/v2\/posts"}],"about":[{"href":"https:\/\/legacy.dia.edu.az\/ru\/wp-json\/wp\/v2\/types\/post"}],"author":[{"embeddable":true,"href":"https:\/\/legacy.dia.edu.az\/ru\/wp-json\/wp\/v2\/users\/2"}],"replies":[{"embeddable":true,"href":"https:\/\/legacy.dia.edu.az\/ru\/wp-json\/wp\/v2\/comments?post=13992"}],"version-history":[{"count":27,"href":"https:\/\/legacy.dia.edu.az\/ru\/wp-json\/wp\/v2\/posts\/13992\/revisions"}],"predecessor-version":[{"id":14144,"href":"https:\/\/legacy.dia.edu.az\/ru\/wp-json\/wp\/v2\/posts\/13992\/revisions\/14144"}],"wp:featuredmedia":[{"embeddable":true,"href":"https:\/\/legacy.dia.edu.az\/ru\/wp-json\/wp\/v2\/media\/14001"}],"wp:attachment":[{"href":"https:\/\/legacy.dia.edu.az\/ru\/wp-json\/wp\/v2\/media?parent=13992"}],"wp:term":[{"taxonomy":"category","embeddable":true,"href":"https:\/\/legacy.dia.edu.az\/ru\/wp-json\/wp\/v2\/categories?post=13992"},{"taxonomy":"post_tag","embeddable":true,"href":"https:\/\/legacy.dia.edu.az\/ru\/wp-json\/wp\/v2\/tags?post=13992"}],"curies":[{"name":"wp","href":"https:\/\/api.w.org\/{rel}","templated":true}]}}