{"id":13753,"date":"2021-05-07T10:36:00","date_gmt":"2021-05-07T07:36:00","guid":{"rendered":"https:\/\/dia.edu.az\/?p=13753"},"modified":"2021-05-08T11:06:25","modified_gmt":"2021-05-08T08:06:25","slug":"dovl%c9%99t-idar%c9%99cilik-akademiyasinda-heyd%c9%99r-%c9%99liyev-v%c9%99-az%c9%99rbaycan-respublikasinda-g%c9%99ncl%c9%99r-siyas%c9%99ti-adli-konfrans-kecirilib","status":"publish","type":"post","link":"https:\/\/legacy.dia.edu.az\/ru\/arxivl\u0259r\/13753","title":{"rendered":"D\u00f6vl\u0259t \u0130dar\u0259\u00e7ilik Akademiyas\u0131nda \u201cHeyd\u0259r \u018fliyev v\u0259 Az\u0259rbaycan Respublikas\u0131nda G\u0259ncl\u0259r Siyas\u0259ti\u201d adl\u0131 konfrans ke\u00e7irilib"},"content":{"rendered":"<div data-elementor-type=\"wp-post\" data-elementor-id=\"13753\" class=\"elementor elementor-13753\" data-elementor-settings=\"[]\">\n\t\t\t\t\t\t<div class=\"elementor-inner\">\n\t\t\t\t\t\t\t<div class=\"elementor-section-wrap\">\n\t\t\t\t\t\t\t<section class=\"elementor-section elementor-top-section elementor-element elementor-element-60e46d2 elementor-section-boxed elementor-section-height-default elementor-section-height-default\" data-id=\"60e46d2\" data-element_type=\"section\">\n\t\t\t\t\t\t<div class=\"elementor-container elementor-column-gap-default\">\n\t\t\t\t\t\t\t<div class=\"elementor-row\">\n\t\t\t\t\t<div class=\"elementor-column elementor-col-100 elementor-top-column elementor-element elementor-element-5b7434a\" data-id=\"5b7434a\" data-element_type=\"column\">\n\t\t\t<div class=\"elementor-column-wrap elementor-element-populated\">\n\t\t\t\t\t\t\t<div class=\"elementor-widget-wrap\">\n\t\t\t\t\t\t<div class=\"elementor-element elementor-element-392fd61 elementor-widget elementor-widget-text-editor\" data-id=\"392fd61\" data-element_type=\"widget\" data-widget_type=\"text-editor.default\">\n\t\t\t\t<div class=\"elementor-widget-container\">\n\t\t\t\t\t\t\t\t<div class=\"elementor-text-editor elementor-clearfix\">\n\t\t\t\t\t<p style=\"text-align: justify;\">&nbsp;<\/p>\n<p style=\"text-align: center;\"><strong>&nbsp; &nbsp; D\u00f6vl\u0259t \u0130dar\u0259\u00e7ilik Akademiyas\u0131<\/strong><strong>nda<\/strong> <strong>\u201cHeyd\u0259r \u018fliyev v\u0259&nbsp; Az\u0259rbaycan Respublikas\u0131nda G\u0259ncl\u0259r Siyas\u0259ti\u201d <\/strong><strong>adl\u0131 konfrans ke\u00e7irilib<\/strong><\/p>\n<p style=\"text-align: justify;\">Az\u0259rbaycan Respublikas\u0131n\u0131n Prezidenti yan\u0131nda D\u00f6vl\u0259t \u0130dar\u0259\u00e7ilik Akademiyas\u0131 v\u0259 Az\u0259rbaycan T\u0259l\u0259b\u0259 G\u0259ncl\u0259r T\u0259\u015fkilatlar\u0131 \u0130ttifaq\u0131n\u0131n birg\u0259 t\u0259\u015fkilat\u00e7\u0131l\u0131\u011f\u0131 il\u0259 \u00fcmummilli lider Heyd\u0259r \u018fliyevin anadan olmas\u0131n\u0131n 98-ci ild\u00f6n\u00fcm\u00fcn\u0259 h\u0259sr olunmu\u015f \u201cHeyd\u0259r \u018fliyev v\u0259 Az\u0259rbaycan Respublikas\u0131nda g\u0259ncl\u0259r siyas\u0259ti\u201d adl\u0131 konfrans ke\u00e7irilib.<\/p>\n<p style=\"text-align: justify;\">Konfransda D\u00f6vl\u0259t \u0130dar\u0259\u00e7ilik Akademiyas\u0131n\u0131n professor-m\u00fc\u0259llim v\u0259 t\u0259l\u0259b\u0259 hey\u0259ti, Milli M\u0259clisin \u00fczvl\u0259ri, d\u00f6vl\u0259t qurumlar\u0131n\u0131n t\u0259msil\u00e7il\u0259ri, ictimai v\u0259 siyasi xadiml\u0259r i\u015ftirak edibl\u0259r.<\/p>\n<p style=\"text-align: justify;\">Onlayn ke\u00e7iril\u0259n konfransda a\u00e7\u0131l\u0131\u015f nitq\u0131 il\u0259 \u00e7\u0131x\u0131\u015f ed\u0259n Az\u0259rbaycan Respublikas\u0131n\u0131n Prezidenti yan\u0131nda D\u00f6vl\u0259t \u0130dar\u0259\u00e7ilik Akademiyas\u0131n\u0131n rektoru, akademik Urxan \u018fl\u0259kb\u0259rov Ulu \u00d6nd\u0259r Heyd\u0259r \u018fliyev t\u0259r\u0259find\u0259n m\u00fc\u0259yy\u0259n edilmi\u015f v\u0259 Az\u0259rbaycan Respublikas\u0131n\u0131n Prezidenti c\u0259nab \u0130lham \u018fliyevin u\u011furla davam etdirdiyi inki\u015faf strategiyas\u0131 say\u0259sind\u0259 Az\u0259rbaycan Respublikas\u0131n\u0131n qazand\u0131\u011f\u0131 nailiyy\u0259tl\u0259r\u0259 diqq\u0259t \u00e7\u0259kib. Rektor Prezident \u0130lham \u018fliyev t\u0259r\u0259find\u0259n i\u015fl\u0259nmi\u015f v\u0259 t\u0259tbiq edilmi\u015f sinergetik, komplementar v\u0259 kompensasion prinsip v\u0259 yana\u015fmalar kompleksini ehtiva ed\u0259n yeni d\u00f6vl\u0259t idar\u0259\u00e7iliyi texnologiyalar\u0131n\u0131n Az\u0259rbaycan\u0131n davaml\u0131 inkl\u00fcziv inki\u015faf namin\u0259 resurslardan s\u0259m\u0259r\u0259li istifad\u0259 sah\u0259sind\u0259 regional v\u0259 qlobal lider\u0259 cevrilm\u0259sin\u0259 yol a\u00e7d\u0131\u011f\u0131n\u0131 x\u00fcsusi vur\u011fulay\u0131b. Eyni zamanda Az\u0259rbaycanda t\u0259tbiq edil\u0259n innovativ idar\u0259\u00e7ilik texnologiyalar\u0131 kompleksinin y\u00fcks\u0259k s\u0259m\u0259r\u0259liliyinin BMT T\u0259hl\u00fck\u0259sizlik \u015euras\u0131n\u0131n 4 q\u0259tnam\u0259sinin u\u011furla yerin\u0259 yetirilm\u0259sind\u0259 v\u0259 30 il Erm\u0259nistan t\u0259r\u0259find\u0259n i\u015f\u011fal alt\u0131nda saxlan\u0131lan \u0259razil\u0259rin azad edilm\u0259sind\u0259 t\u0259zah\u00fcr\u00fcn\u00fc tapd\u0131\u011f\u0131n\u0131 da x\u00fcsusi vur\u011fulay\u0131b. Bu Z\u0259f\u0259rin c\u0259mi 44 g\u00fcn\u0259 ba\u015fa g\u0259lm\u0259si v\u0259 Az\u0259rbaycan\u0131n \u0259razi b\u00fct\u00f6vl\u00fcy\u00fcn\u00fcn tam b\u0259rpas\u0131n\u0131 \u00f6lk\u0259 Prezidentinin innovativ inki\u015faf strategiyas\u0131n\u0131n t\u0259nt\u0259n\u0259li yekunu kimi d\u0259y\u0259rl\u0259ndirib.<\/p>\n<p style=\"text-align: justify;\">Daha sonra Milli M\u0259clisin deputat\u0131 Ayd\u0131n Mirz\u0259zad\u0259, Az\u0259rbaycan T\u0259l\u0259b\u0259 G\u0259ncl\u0259r T\u0259\u015fkilatlar\u0131 \u0130ttifaq\u0131n\u0131n s\u0259dri P\u0259rviz Mir\u0259l\u0259mli, D\u0130A Politologiya v\u0259 siyasi idar\u0259etm\u0259 kafedras\u0131n\u0131n m\u00fc\u0259llimi, politoloq Zaur M\u0259mm\u0259dov v\u0259 dig\u0259rl\u0259ri m\u0259ruz\u0259 il\u0259 \u00e7\u0131x\u0131\u015f edibl\u0259r.<\/p>\n<p style=\"text-align: justify;\">&nbsp;<\/p>\n<p style=\"text-align: justify;\">&nbsp;<\/p>\t\t\t\t\t<\/div>\n\t\t\t\t\t\t<\/div>\n\t\t\t\t<\/div>\n\t\t\t\t\t\t<\/div>\n\t\t\t\t\t<\/div>\n\t\t<\/div>\n\t\t\t\t\t\t\t\t<\/div>\n\t\t\t\t\t<\/div>\n\t\t<\/section>\n\t\t\t\t\t\t<\/div>\n\t\t\t\t\t\t<\/div>\n\t\t\t\t\t<\/div>","protected":false},"excerpt":{"rendered":"<p>&nbsp; &nbsp; &nbsp; D\u00f6vl\u0259t \u0130dar\u0259\u00e7ilik Akademiyas\u0131nda \u201cHeyd\u0259r \u018fliyev v\u0259&nbsp; Az\u0259rbaycan Respublikas\u0131nda G\u0259ncl\u0259r Siyas\u0259ti\u201d adl\u0131 konfrans ke\u00e7irilib Az\u0259rbaycan Respublikas\u0131n\u0131n Prezidenti yan\u0131nda D\u00f6vl\u0259t \u0130dar\u0259\u00e7ilik Akademiyas\u0131 v\u0259 Az\u0259rbaycan T\u0259l\u0259b\u0259 G\u0259ncl\u0259r T\u0259\u015fkilatlar\u0131 \u0130ttifaq\u0131n\u0131n birg\u0259 t\u0259\u015fkilat\u00e7\u0131l\u0131\u011f\u0131 il\u0259 \u00fcmummilli lider Heyd\u0259r \u018fliyevin anadan olmas\u0131n\u0131n 98-ci ild\u00f6n\u00fcm\u00fcn\u0259 h\u0259sr olunmu\u015f \u201cHeyd\u0259r \u018fliyev v\u0259 Az\u0259rbaycan Respublikas\u0131nda g\u0259ncl\u0259r siyas\u0259ti\u201d adl\u0131 konfrans ke\u00e7irilib. Konfransda D\u00f6vl\u0259t \u0130dar\u0259\u00e7ilik [&hellip;]<\/p>","protected":false},"author":2,"featured_media":13758,"comment_status":"closed","ping_status":"closed","sticky":false,"template":"","format":"standard","meta":[],"categories":[137],"tags":[],"_links":{"self":[{"href":"https:\/\/legacy.dia.edu.az\/ru\/wp-json\/wp\/v2\/posts\/13753"}],"collection":[{"href":"https:\/\/legacy.dia.edu.az\/ru\/wp-json\/wp\/v2\/posts"}],"about":[{"href":"https:\/\/legacy.dia.edu.az\/ru\/wp-json\/wp\/v2\/types\/post"}],"author":[{"embeddable":true,"href":"https:\/\/legacy.dia.edu.az\/ru\/wp-json\/wp\/v2\/users\/2"}],"replies":[{"embeddable":true,"href":"https:\/\/legacy.dia.edu.az\/ru\/wp-json\/wp\/v2\/comments?post=13753"}],"version-history":[{"count":8,"href":"https:\/\/legacy.dia.edu.az\/ru\/wp-json\/wp\/v2\/posts\/13753\/revisions"}],"predecessor-version":[{"id":13764,"href":"https:\/\/legacy.dia.edu.az\/ru\/wp-json\/wp\/v2\/posts\/13753\/revisions\/13764"}],"wp:featuredmedia":[{"embeddable":true,"href":"https:\/\/legacy.dia.edu.az\/ru\/wp-json\/wp\/v2\/media\/13758"}],"wp:attachment":[{"href":"https:\/\/legacy.dia.edu.az\/ru\/wp-json\/wp\/v2\/media?parent=13753"}],"wp:term":[{"taxonomy":"category","embeddable":true,"href":"https:\/\/legacy.dia.edu.az\/ru\/wp-json\/wp\/v2\/categories?post=13753"},{"taxonomy":"post_tag","embeddable":true,"href":"https:\/\/legacy.dia.edu.az\/ru\/wp-json\/wp\/v2\/tags?post=13753"}],"curies":[{"name":"wp","href":"https:\/\/api.w.org\/{rel}","templated":true}]}}