{"id":13730,"date":"2021-05-05T20:00:06","date_gmt":"2021-05-05T17:00:06","guid":{"rendered":"https:\/\/dia.edu.az\/?p=13730"},"modified":"2021-05-05T20:01:09","modified_gmt":"2021-05-05T17:01:09","slug":"dovl%c9%99t-idar%c9%99cilik-akademiyasinda-umumilli-lider-heyd%c9%99r-%c9%99liyevin-dovl%c9%99t-idar%c9%99cilik-t%c9%99crub%c9%99si-adli-onlayn-t%c9%99lim-kecirilib","status":"publish","type":"post","link":"https:\/\/legacy.dia.edu.az\/ru\/arxivl\u0259r\/13730","title":{"rendered":"D\u00f6vl\u0259t \u0130dar\u0259\u00e7ilik Akademiyas\u0131nda \u201c\u00dcmumilli Lider Heyd\u0259r \u018fliyevin d\u00f6vl\u0259t idar\u0259\u00e7ilik t\u0259cr\u00fcb\u0259si\u201d adl\u0131 onlayn t\u0259lim ke\u00e7irilib"},"content":{"rendered":"<div data-elementor-type=\"wp-post\" data-elementor-id=\"13730\" class=\"elementor elementor-13730\" data-elementor-settings=\"[]\">\n\t\t\t\t\t\t<div class=\"elementor-inner\">\n\t\t\t\t\t\t\t<div class=\"elementor-section-wrap\">\n\t\t\t\t\t\t\t<section class=\"elementor-section elementor-top-section elementor-element elementor-element-9c4b5f4 elementor-section-boxed elementor-section-height-default elementor-section-height-default\" data-id=\"9c4b5f4\" data-element_type=\"section\">\n\t\t\t\t\t\t<div class=\"elementor-container elementor-column-gap-default\">\n\t\t\t\t\t\t\t<div class=\"elementor-row\">\n\t\t\t\t\t<div class=\"elementor-column elementor-col-100 elementor-top-column elementor-element elementor-element-e65693b\" data-id=\"e65693b\" data-element_type=\"column\">\n\t\t\t<div class=\"elementor-column-wrap elementor-element-populated\">\n\t\t\t\t\t\t\t<div class=\"elementor-widget-wrap\">\n\t\t\t\t\t\t<div class=\"elementor-element elementor-element-0b6f969 elementor-widget elementor-widget-text-editor\" data-id=\"0b6f969\" data-element_type=\"widget\" data-widget_type=\"text-editor.default\">\n\t\t\t\t<div class=\"elementor-widget-container\">\n\t\t\t\t\t\t\t\t<div class=\"elementor-text-editor elementor-clearfix\">\n\t\t\t\t\t<p style=\"text-align: center;\"><strong>D&ouml;vl\u0259t \u0130dar\u0259&ccedil;ilik Akademiyas\u0131nda <\/strong><strong>&ldquo;&Uuml;mumilli Lider Heyd\u0259r \u018fliyevin d&ouml;vl\u0259t idar\u0259&ccedil;ilik t\u0259cr&uuml;b\u0259si&rdquo; adl\u0131 onlayn t\u0259lim ke&ccedil;irilib<\/strong><\/p>\n<p>&nbsp;<\/p>\n<p>Az\u0259rbaycan Respublikas\u0131n\u0131n Prezidenti yan\u0131nda D&ouml;vl\u0259t \u0130dar\u0259&ccedil;ilik Akademiyas\u0131 v\u0259 Az\u0259rbaycan Respublikas\u0131n\u0131n D&ouml;vl\u0259t Miqrasiya Xidm\u0259ti il\u0259 birg\u0259 \u0259m\u0259kda\u015fl\u0131q &ccedil;\u0259r&ccedil;iv\u0259sind\u0259&nbsp; &ldquo;&Uuml;mumilli Lider Heyd\u0259r \u018fliyevin d&ouml;vl\u0259t idar\u0259&ccedil;ilik t\u0259cr&uuml;b\u0259si&rdquo; m&ouml;vzusunda onlayn t\u0259lim ke&ccedil;irilib. T\u0259limd\u0259 Milli M\u0259clisin deputat\u0131, D&ouml;vl\u0259t \u0130dar\u0259&ccedil;ilik Akademiyas\u0131n\u0131n &ldquo;D&ouml;vl\u0259t qullu\u011fu v\u0259 kadr siyas\u0259ti&rdquo; kafedras\u0131n\u0131n dostenti Ayd\u0131n Mirz\u0259zad\u0259 &ccedil;\u0131x\u0131\u015f edib.<\/p>\n<p>Onlayn t\u0259limd\u0259 dosent A.Mirz\u0259zad\u0259 Ulu &Ouml;nd\u0259r Heyd\u0259r \u018fliyevin&nbsp; Az\u0259rbaycan xalq\u0131 v\u0259 d&ouml;vl\u0259ti &uuml;&ccedil;&uuml;n m&uuml;h&uuml;m tarixi xidm\u0259tl\u0259rind\u0259n geni\u015f s&ouml;hb\u0259t a&ccedil;\u0131b, xatir\u0259si ehtiramla yad edilib.<\/p>\t\t\t\t\t<\/div>\n\t\t\t\t\t\t<\/div>\n\t\t\t\t<\/div>\n\t\t\t\t\t\t<\/div>\n\t\t\t\t\t<\/div>\n\t\t<\/div>\n\t\t\t\t\t\t\t\t<\/div>\n\t\t\t\t\t<\/div>\n\t\t<\/section>\n\t\t\t\t<section class=\"elementor-section elementor-top-section elementor-element elementor-element-6f4684b elementor-section-boxed elementor-section-height-default elementor-section-height-default\" data-id=\"6f4684b\" data-element_type=\"section\">\n\t\t\t\t\t\t<div class=\"elementor-container elementor-column-gap-default\">\n\t\t\t\t\t\t\t<div class=\"elementor-row\">\n\t\t\t\t\t<div class=\"elementor-column elementor-col-100 elementor-top-column elementor-element elementor-element-cd578b6\" data-id=\"cd578b6\" data-element_type=\"column\">\n\t\t\t<div class=\"elementor-column-wrap elementor-element-populated\">\n\t\t\t\t\t\t\t<div class=\"elementor-widget-wrap\">\n\t\t\t\t\t\t<div class=\"elementor-element elementor-element-d28008a elementor-widget elementor-widget-image\" data-id=\"d28008a\" data-element_type=\"widget\" data-widget_type=\"image.default\">\n\t\t\t\t<div class=\"elementor-widget-container\">\n\t\t\t\t\t\t\t\t<div class=\"elementor-image\">\n\t\t\t\t\t\t\t\t\t\t\t\t<img width=\"450\" height=\"253\" src=\"https:\/\/legacy.dia.edu.az\/wp-content\/uploads\/2021\/05\/miq-aydin-450x253.png\" class=\"attachment-large size-large\" alt=\"\" srcset=\"https:\/\/legacy.dia.edu.az\/wp-content\/uploads\/2021\/05\/miq-aydin-450x253.png 450w, https:\/\/legacy.dia.edu.az\/wp-content\/uploads\/2021\/05\/miq-aydin-200x112.png 200w, https:\/\/legacy.dia.edu.az\/wp-content\/uploads\/2021\/05\/miq-aydin-768x432.png 768w, https:\/\/legacy.dia.edu.az\/wp-content\/uploads\/2021\/05\/miq-aydin-16x9.png 16w, https:\/\/legacy.dia.edu.az\/wp-content\/uploads\/2021\/05\/miq-aydin.png 1366w\" sizes=\"(max-width: 450px) 100vw, 450px\" \/>\t\t\t\t\t\t\t\t\t\t\t\t\t\t<\/div>\n\t\t\t\t\t\t<\/div>\n\t\t\t\t<\/div>\n\t\t\t\t\t\t<\/div>\n\t\t\t\t\t<\/div>\n\t\t<\/div>\n\t\t\t\t\t\t\t\t<\/div>\n\t\t\t\t\t<\/div>\n\t\t<\/section>\n\t\t\t\t\t\t<\/div>\n\t\t\t\t\t\t<\/div>\n\t\t\t\t\t<\/div>","protected":false},"excerpt":{"rendered":"<p>D&ouml;vl\u0259t \u0130dar\u0259&ccedil;ilik Akademiyas\u0131nda &ldquo;&Uuml;mumilli Lider Heyd\u0259r \u018fliyevin d&ouml;vl\u0259t idar\u0259&ccedil;ilik t\u0259cr&uuml;b\u0259si&rdquo; adl\u0131 onlayn t\u0259lim ke&ccedil;irilib &nbsp; Az\u0259rbaycan Respublikas\u0131n\u0131n Prezidenti yan\u0131nda D&ouml;vl\u0259t \u0130dar\u0259&ccedil;ilik Akademiyas\u0131 v\u0259 Az\u0259rbaycan Respublikas\u0131n\u0131n D&ouml;vl\u0259t Miqrasiya Xidm\u0259ti il\u0259 birg\u0259 \u0259m\u0259kda\u015fl\u0131q &ccedil;\u0259r&ccedil;iv\u0259sind\u0259&nbsp; &ldquo;&Uuml;mumilli Lider Heyd\u0259r \u018fliyevin d&ouml;vl\u0259t idar\u0259&ccedil;ilik t\u0259cr&uuml;b\u0259si&rdquo; m&ouml;vzusunda onlayn t\u0259lim ke&ccedil;irilib. T\u0259limd\u0259 Milli M\u0259clisin deputat\u0131, D&ouml;vl\u0259t \u0130dar\u0259&ccedil;ilik Akademiyas\u0131n\u0131n &ldquo;D&ouml;vl\u0259t qullu\u011fu v\u0259 kadr siyas\u0259ti&rdquo; [&hellip;]<\/p>","protected":false},"author":2,"featured_media":13731,"comment_status":"closed","ping_status":"closed","sticky":false,"template":"","format":"standard","meta":[],"categories":[137],"tags":[],"_links":{"self":[{"href":"https:\/\/legacy.dia.edu.az\/ru\/wp-json\/wp\/v2\/posts\/13730"}],"collection":[{"href":"https:\/\/legacy.dia.edu.az\/ru\/wp-json\/wp\/v2\/posts"}],"about":[{"href":"https:\/\/legacy.dia.edu.az\/ru\/wp-json\/wp\/v2\/types\/post"}],"author":[{"embeddable":true,"href":"https:\/\/legacy.dia.edu.az\/ru\/wp-json\/wp\/v2\/users\/2"}],"replies":[{"embeddable":true,"href":"https:\/\/legacy.dia.edu.az\/ru\/wp-json\/wp\/v2\/comments?post=13730"}],"version-history":[{"count":4,"href":"https:\/\/legacy.dia.edu.az\/ru\/wp-json\/wp\/v2\/posts\/13730\/revisions"}],"predecessor-version":[{"id":13735,"href":"https:\/\/legacy.dia.edu.az\/ru\/wp-json\/wp\/v2\/posts\/13730\/revisions\/13735"}],"wp:featuredmedia":[{"embeddable":true,"href":"https:\/\/legacy.dia.edu.az\/ru\/wp-json\/wp\/v2\/media\/13731"}],"wp:attachment":[{"href":"https:\/\/legacy.dia.edu.az\/ru\/wp-json\/wp\/v2\/media?parent=13730"}],"wp:term":[{"taxonomy":"category","embeddable":true,"href":"https:\/\/legacy.dia.edu.az\/ru\/wp-json\/wp\/v2\/categories?post=13730"},{"taxonomy":"post_tag","embeddable":true,"href":"https:\/\/legacy.dia.edu.az\/ru\/wp-json\/wp\/v2\/tags?post=13730"}],"curies":[{"name":"wp","href":"https:\/\/api.w.org\/{rel}","templated":true}]}}