{"id":13722,"date":"2021-05-05T19:55:16","date_gmt":"2021-05-05T16:55:16","guid":{"rendered":"https:\/\/dia.edu.az\/?p=13722"},"modified":"2021-05-05T19:56:27","modified_gmt":"2021-05-05T16:56:27","slug":"dovl%c9%99t-idar%c9%99cilik-akademiyasinda-davam-g%c9%99ncl%c9%99r-h%c9%99r%c9%99katinin-uzvl%c9%99ri-il%c9%99-gorus-kecirilib","status":"publish","type":"post","link":"https:\/\/legacy.dia.edu.az\/ru\/arxivl\u0259r\/13722","title":{"rendered":"D\u00f6vl\u0259t \u0130dar\u0259\u00e7ilik Akademiyas\u0131nda &#8220;Davam&#8221; G\u0259ncl\u0259r H\u0259r\u0259kat\u0131n\u0131n \u00fczvl\u0259ri il\u0259 g\u00f6r\u00fc\u015f ke\u00e7irilib"},"content":{"rendered":"<div data-elementor-type=\"wp-post\" data-elementor-id=\"13722\" class=\"elementor elementor-13722\" data-elementor-settings=\"[]\">\n\t\t\t\t\t\t<div class=\"elementor-inner\">\n\t\t\t\t\t\t\t<div class=\"elementor-section-wrap\">\n\t\t\t\t\t\t\t<section class=\"elementor-section elementor-top-section elementor-element elementor-element-0c2b597 elementor-section-boxed elementor-section-height-default elementor-section-height-default\" data-id=\"0c2b597\" data-element_type=\"section\">\n\t\t\t\t\t\t<div class=\"elementor-container elementor-column-gap-default\">\n\t\t\t\t\t\t\t<div class=\"elementor-row\">\n\t\t\t\t\t<div class=\"elementor-column elementor-col-100 elementor-top-column elementor-element elementor-element-9627950\" data-id=\"9627950\" data-element_type=\"column\">\n\t\t\t<div class=\"elementor-column-wrap elementor-element-populated\">\n\t\t\t\t\t\t\t<div class=\"elementor-widget-wrap\">\n\t\t\t\t\t\t<div class=\"elementor-element elementor-element-3abf2f6 elementor-widget elementor-widget-text-editor\" data-id=\"3abf2f6\" data-element_type=\"widget\" data-widget_type=\"text-editor.default\">\n\t\t\t\t<div class=\"elementor-widget-container\">\n\t\t\t\t\t\t\t\t<div class=\"elementor-text-editor elementor-clearfix\">\n\t\t\t\t\t<p style=\"text-align: center;\"><strong>D&ouml;vl\u0259t \u0130dar\u0259&ccedil;ilik Akademiyas\u0131n<\/strong><strong>da<\/strong> <strong>&#8220;Davam&#8221; G\u0259ncl\u0259r H\u0259r\u0259kat\u0131n\u0131n &uuml;zvl\u0259ri il\u0259 g&ouml;r&uuml;\u015f ke&ccedil;irilib<\/strong><\/p>\n<p style=\"text-align: center;\">&nbsp;<\/p>\n<p>&#8220;Davam&#8221; G\u0259ncl\u0259r H\u0259r\u0259kat\u0131n\u0131n n&ouml;vb\u0259ti g&ouml;r&uuml;\u015f&uuml; Az\u0259rbaycan Respublikas\u0131n\u0131n Prezidenti yan\u0131nda D&ouml;vl\u0259t \u0130dar\u0259&ccedil;ilik Akademiyas\u0131nda rektor, akademik Urxan \u018fl\u0259kb\u0259rovla ke&ccedil;irilib.&nbsp; G&ouml;r&uuml;\u015fd\u0259 D&ouml;vl\u0259t \u0130dar\u0259&ccedil;ilik Akademiyas\u0131n\u0131n prorektoru C\u0259f\u0259r Eyvazl\u0131, Davam G\u0259ncl\u0259r H\u0259r\u0259kat\u0131n\u0131n s\u0259dri Nihad Allahyarl\u0131, \u0130dar\u0259 hey\u0259tinin &uuml;zv&uuml;, t\u0259hsil m&uuml;\u0259ssis\u0259l\u0259ri il\u0259 i\u015f &uuml;zr\u0259 katib Sabir R&uuml;st\u0259mov i\u015ftirak edibl\u0259r. G&ouml;r&uuml;\u015f zaman\u0131 h\u0259r\u0259katla ali t\u0259hsil m&uuml;\u0259ssis\u0259si aras\u0131nda \u0259m\u0259kda\u015fl\u0131\u011f\u0131n m&uuml;xt\u0259lif aspektl\u0259ri m&uuml;zakir\u0259 edilib, g\u0259l\u0259c\u0259k f\u0259aliyy\u0259t istiqam\u0259tl\u0259ri m&uuml;zakir\u0259 edilib.<\/p>\t\t\t\t\t<\/div>\n\t\t\t\t\t\t<\/div>\n\t\t\t\t<\/div>\n\t\t\t\t\t\t<\/div>\n\t\t\t\t\t<\/div>\n\t\t<\/div>\n\t\t\t\t\t\t\t\t<\/div>\n\t\t\t\t\t<\/div>\n\t\t<\/section>\n\t\t\t\t<section class=\"elementor-section elementor-top-section elementor-element elementor-element-cd28f9b elementor-section-boxed elementor-section-height-default elementor-section-height-default\" data-id=\"cd28f9b\" data-element_type=\"section\">\n\t\t\t\t\t\t<div class=\"elementor-container elementor-column-gap-default\">\n\t\t\t\t\t\t\t<div class=\"elementor-row\">\n\t\t\t\t\t<div class=\"elementor-column elementor-col-100 elementor-top-column elementor-element elementor-element-9ecf561\" data-id=\"9ecf561\" data-element_type=\"column\">\n\t\t\t<div class=\"elementor-column-wrap\">\n\t\t\t\t\t\t\t<div class=\"elementor-widget-wrap\">\n\t\t\t\t\t\t\t\t<\/div>\n\t\t\t\t\t<\/div>\n\t\t<\/div>\n\t\t\t\t\t\t\t\t<\/div>\n\t\t\t\t\t<\/div>\n\t\t<\/section>\n\t\t\t\t\t\t<\/div>\n\t\t\t\t\t\t<\/div>\n\t\t\t\t\t<\/div>","protected":false},"excerpt":{"rendered":"<p>D&ouml;vl\u0259t \u0130dar\u0259&ccedil;ilik Akademiyas\u0131nda &#8220;Davam&#8221; G\u0259ncl\u0259r H\u0259r\u0259kat\u0131n\u0131n &uuml;zvl\u0259ri il\u0259 g&ouml;r&uuml;\u015f ke&ccedil;irilib &nbsp; &#8220;Davam&#8221; G\u0259ncl\u0259r H\u0259r\u0259kat\u0131n\u0131n n&ouml;vb\u0259ti g&ouml;r&uuml;\u015f&uuml; Az\u0259rbaycan Respublikas\u0131n\u0131n Prezidenti yan\u0131nda D&ouml;vl\u0259t \u0130dar\u0259&ccedil;ilik Akademiyas\u0131nda rektor, akademik Urxan \u018fl\u0259kb\u0259rovla ke&ccedil;irilib.&nbsp; G&ouml;r&uuml;\u015fd\u0259 D&ouml;vl\u0259t \u0130dar\u0259&ccedil;ilik Akademiyas\u0131n\u0131n prorektoru C\u0259f\u0259r Eyvazl\u0131, Davam G\u0259ncl\u0259r H\u0259r\u0259kat\u0131n\u0131n s\u0259dri Nihad Allahyarl\u0131, \u0130dar\u0259 hey\u0259tinin &uuml;zv&uuml;, t\u0259hsil m&uuml;\u0259ssis\u0259l\u0259ri il\u0259 i\u015f &uuml;zr\u0259 katib Sabir R&uuml;st\u0259mov i\u015ftirak edibl\u0259r. G&ouml;r&uuml;\u015f [&hellip;]<\/p>","protected":false},"author":2,"featured_media":13723,"comment_status":"closed","ping_status":"closed","sticky":false,"template":"","format":"standard","meta":[],"categories":[137],"tags":[],"_links":{"self":[{"href":"https:\/\/legacy.dia.edu.az\/ru\/wp-json\/wp\/v2\/posts\/13722"}],"collection":[{"href":"https:\/\/legacy.dia.edu.az\/ru\/wp-json\/wp\/v2\/posts"}],"about":[{"href":"https:\/\/legacy.dia.edu.az\/ru\/wp-json\/wp\/v2\/types\/post"}],"author":[{"embeddable":true,"href":"https:\/\/legacy.dia.edu.az\/ru\/wp-json\/wp\/v2\/users\/2"}],"replies":[{"embeddable":true,"href":"https:\/\/legacy.dia.edu.az\/ru\/wp-json\/wp\/v2\/comments?post=13722"}],"version-history":[{"count":4,"href":"https:\/\/legacy.dia.edu.az\/ru\/wp-json\/wp\/v2\/posts\/13722\/revisions"}],"predecessor-version":[{"id":13729,"href":"https:\/\/legacy.dia.edu.az\/ru\/wp-json\/wp\/v2\/posts\/13722\/revisions\/13729"}],"wp:featuredmedia":[{"embeddable":true,"href":"https:\/\/legacy.dia.edu.az\/ru\/wp-json\/wp\/v2\/media\/13723"}],"wp:attachment":[{"href":"https:\/\/legacy.dia.edu.az\/ru\/wp-json\/wp\/v2\/media?parent=13722"}],"wp:term":[{"taxonomy":"category","embeddable":true,"href":"https:\/\/legacy.dia.edu.az\/ru\/wp-json\/wp\/v2\/categories?post=13722"},{"taxonomy":"post_tag","embeddable":true,"href":"https:\/\/legacy.dia.edu.az\/ru\/wp-json\/wp\/v2\/tags?post=13722"}],"curies":[{"name":"wp","href":"https:\/\/api.w.org\/{rel}","templated":true}]}}