{"id":13551,"date":"2021-04-25T10:35:32","date_gmt":"2021-04-25T07:35:32","guid":{"rendered":"https:\/\/dia.edu.az\/?p=13551"},"modified":"2021-04-25T12:53:34","modified_gmt":"2021-04-25T09:53:34","slug":"dovl%c9%99t-idar%c9%99cilik-akademiyasinda-az%c9%99rbaycanin-davamli-inkluziv-inkisafinda-konullul%c9%99r-f%c9%99aliyy%c9%99tinin-rolu-istiqam%c9%99ti-novb%c9%99ti-t%c9%99lim-kecir","status":"publish","type":"post","link":"https:\/\/legacy.dia.edu.az\/ru\/arxivl\u0259r\/13551","title":{"rendered":"D\u00f6vl\u0259t \u0130dar\u0259\u00e7ilik Akademiyas\u0131nda   \u201cAz\u0259rbaycan\u0131n davaml\u0131 inkl\u00fcziv inki\u015faf\u0131nda k\u00f6n\u00fcll\u00fcl\u0259r f\u0259aliyy\u0259tinin rolu\u201d istiqam\u0259ti n\u00f6vb\u0259ti t\u0259lim ke\u00e7irilmi\u015fdir"},"content":{"rendered":"<div data-elementor-type=\"wp-post\" data-elementor-id=\"13551\" class=\"elementor elementor-13551\" data-elementor-settings=\"[]\">\n\t\t\t\t\t\t<div class=\"elementor-inner\">\n\t\t\t\t\t\t\t<div class=\"elementor-section-wrap\">\n\t\t\t\t\t\t\t<section class=\"elementor-section elementor-top-section elementor-element elementor-element-17088cd elementor-section-boxed elementor-section-height-default elementor-section-height-default\" data-id=\"17088cd\" data-element_type=\"section\">\n\t\t\t\t\t\t<div class=\"elementor-container elementor-column-gap-default\">\n\t\t\t\t\t\t\t<div class=\"elementor-row\">\n\t\t\t\t\t<div class=\"elementor-column elementor-col-100 elementor-top-column elementor-element elementor-element-51e128a\" data-id=\"51e128a\" data-element_type=\"column\">\n\t\t\t<div class=\"elementor-column-wrap elementor-element-populated\">\n\t\t\t\t\t\t\t<div class=\"elementor-widget-wrap\">\n\t\t\t\t\t\t<div class=\"elementor-element elementor-element-0776aa8 elementor-widget elementor-widget-heading\" data-id=\"0776aa8\" data-element_type=\"widget\" data-widget_type=\"heading.default\">\n\t\t\t\t<div class=\"elementor-widget-container\">\n\t\t\t<h2 class=\"elementor-heading-title elementor-size-default\">D\u00f6vl\u0259t \u0130dar\u0259\u00e7ilik Akademiyas\u0131nda   \u201cAz\u0259rbaycan\u0131n davaml\u0131 inkl\u00fcziv inki\u015faf\u0131nda k\u00f6n\u00fcll\u00fcl\u0259r f\u0259aliyy\u0259tinin rolu\u201d istiqam\u0259ti n\u00f6vb\u0259ti t\u0259lim ke\u00e7irilmi\u015fdir<\/h2>\t\t<\/div>\n\t\t\t\t<\/div>\n\t\t\t\t\t\t<\/div>\n\t\t\t\t\t<\/div>\n\t\t<\/div>\n\t\t\t\t\t\t\t\t<\/div>\n\t\t\t\t\t<\/div>\n\t\t<\/section>\n\t\t\t\t<section class=\"elementor-section elementor-top-section elementor-element elementor-element-e45756d elementor-section-boxed elementor-section-height-default elementor-section-height-default\" data-id=\"e45756d\" data-element_type=\"section\">\n\t\t\t\t\t\t<div class=\"elementor-container elementor-column-gap-default\">\n\t\t\t\t\t\t\t<div class=\"elementor-row\">\n\t\t\t\t\t<div class=\"elementor-column elementor-col-100 elementor-top-column elementor-element elementor-element-c28b0b5\" data-id=\"c28b0b5\" data-element_type=\"column\">\n\t\t\t<div class=\"elementor-column-wrap elementor-element-populated\">\n\t\t\t\t\t\t\t<div class=\"elementor-widget-wrap\">\n\t\t\t\t\t\t<div class=\"elementor-element elementor-element-597ecc2 elementor-widget elementor-widget-text-editor\" data-id=\"597ecc2\" data-element_type=\"widget\" data-widget_type=\"text-editor.default\">\n\t\t\t\t<div class=\"elementor-widget-container\">\n\t\t\t\t\t\t\t\t<div class=\"elementor-text-editor elementor-clearfix\">\n\t\t\t\t\t<p>Az\u0259rbaycan Respublikas\u0131n\u0131n Prezidenti yan\u0131nda D\u00f6vl\u0259t \u0130dar\u0259\u00e7ilik Akademiyas\u0131nda    \u201cAz\u0259rbaycan\u0131n davaml\u0131 inkl\u00fcziv inki\u015faf\u0131nda k\u00f6n\u00fcll\u00fcl\u0259r f\u0259aliyy\u0259tinin rolu\u201d istiqam\u0259ti \u00fczr\u0259 \u201cK\u00f6n\u00fcll\u00fcl\u0259rin idar\u0259edilm\u0259si: c\u0259lb edilm\u0259si, motivasiyas\u0131, inki\u015faf\u0131\u201d m\u00f6vzusunda n\u00f6vb\u0259ti t\u0259lim ke\u00e7irilmi\u015fdir. T\u0259lim yerli icra hakimiyy\u0259tinin k\u00f6n\u00fcll\u00fc f\u0259aliyy\u0259ti \u00fczr\u0259 \u00e7al\u0131\u015fan kuratorlar\u0131 \u00fc\u00e7\u00fcn onlayn formada t\u0259\u015fkil olunmu\u015fdur. \nSon ill\u0259rd\u0259 k\u00f6n\u00fcll\u00fcl\u00fck h\u0259r\u0259kat\u0131 respublikam\u0131z\u0131n davaml\u0131 inki\u015faf\u0131n\u0131n t\u0259min olunmas\u0131nda daha \u00e7ox diqq\u0259t \u00e7\u0259kir. Bu bax\u0131mdan t\u0259limin \u0259sas m\u0259qs\u0259di \u00f6lk\u0259mizin g\u00fccl\u00fc bir d\u00f6vl\u0259t\u0259 \u00e7evrilm\u0259sind\u0259, insanlar\u0131n rifah\u0131n\u0131n getdikc\u0259 yax\u015f\u0131la\u015fmas\u0131nda k\u00f6n\u00fcll\u00fcl\u0259rin rolunun qiym\u0259tl\u0259ndirilm\u0259sidir. T\u0259limd\u0259 dinl\u0259yicil\u0259r\u0259 k\u00f6n\u00fcll\u00fcl\u0259rin idar\u0259edilm\u0259si: c\u0259lb edilm\u0259si, motivasiyas\u0131, inki\u015faf\u0131 m\u00f6vzusu v\u0259 s. probleml\u0259rl\u0259  ba\u011fl\u0131 bilikl\u0259r \u00e7atd\u0131r\u0131ld\u0131  v\u0259 onlarla fikir m\u00fcbadil\u0259si apar\u0131ld\u0131. T\u0259limd\u0259 Milli M\u0259clisinin deputat\u0131, Elm v\u0259 t\u0259hsil, h\u0259m\u00e7inin G\u0259ncl\u0259r v\u0259 \u0130dman  komit\u0259sinin \u00fczv\u00fc  \u015eahin Seyidzad\u0259 \u201cK\u00f6n\u00fcll\u00fcl\u0259rin idar\u0259edilm\u0259si: c\u0259lb edilm\u0259si, motivasiyas\u0131, inki\u015faf\u0131\u201d m\u00f6vzusunda \u00e7\u0131x\u0131\u015f edib.<\/p>\t\t\t\t\t<\/div>\n\t\t\t\t\t\t<\/div>\n\t\t\t\t<\/div>\n\t\t\t\t\t\t<\/div>\n\t\t\t\t\t<\/div>\n\t\t<\/div>\n\t\t\t\t\t\t\t\t<\/div>\n\t\t\t\t\t<\/div>\n\t\t<\/section>\n\t\t\t\t<section class=\"elementor-section elementor-top-section elementor-element elementor-element-dae5631 elementor-section-boxed elementor-section-height-default elementor-section-height-default\" data-id=\"dae5631\" data-element_type=\"section\">\n\t\t\t\t\t\t<div class=\"elementor-container elementor-column-gap-default\">\n\t\t\t\t\t\t\t<div class=\"elementor-row\">\n\t\t\t\t\t<div class=\"elementor-column elementor-col-100 elementor-top-column elementor-element elementor-element-3468d92\" data-id=\"3468d92\" data-element_type=\"column\">\n\t\t\t<div class=\"elementor-column-wrap elementor-element-populated\">\n\t\t\t\t\t\t\t<div class=\"elementor-widget-wrap\">\n\t\t\t\t\t\t<div class=\"elementor-element elementor-element-20b4e2d elementor-widget elementor-widget-image-gallery\" data-id=\"20b4e2d\" data-element_type=\"widget\" data-widget_type=\"image-gallery.default\">\n\t\t\t\t<div class=\"elementor-widget-container\">\n\t\t\t\t\t<div class=\"elementor-image-gallery\">\n\t\t\t\t\t<\/div>\n\t\t\t\t<\/div>\n\t\t\t\t<\/div>\n\t\t\t\t\t\t<\/div>\n\t\t\t\t\t<\/div>\n\t\t<\/div>\n\t\t\t\t\t\t\t\t<\/div>\n\t\t\t\t\t<\/div>\n\t\t<\/section>\n\t\t\t\t\t\t<\/div>\n\t\t\t\t\t\t<\/div>\n\t\t\t\t\t<\/div>","protected":false},"excerpt":{"rendered":"<p>D\u00f6vl\u0259t \u0130dar\u0259\u00e7ilik Akademiyas\u0131nda \u201cAz\u0259rbaycan\u0131n davaml\u0131 inkl\u00fcziv inki\u015faf\u0131nda k\u00f6n\u00fcll\u00fcl\u0259r f\u0259aliyy\u0259tinin rolu\u201d istiqam\u0259ti n\u00f6vb\u0259ti t\u0259lim ke\u00e7irilmi\u015fdir Az\u0259rbaycan Respublikas\u0131n\u0131n Prezidenti yan\u0131nda D\u00f6vl\u0259t \u0130dar\u0259\u00e7ilik Akademiyas\u0131nda \u201cAz\u0259rbaycan\u0131n davaml\u0131 inkl\u00fcziv inki\u015faf\u0131nda k\u00f6n\u00fcll\u00fcl\u0259r f\u0259aliyy\u0259tinin rolu\u201d istiqam\u0259ti \u00fczr\u0259 \u201cK\u00f6n\u00fcll\u00fcl\u0259rin idar\u0259edilm\u0259si: c\u0259lb edilm\u0259si, motivasiyas\u0131, inki\u015faf\u0131\u201d m\u00f6vzusunda n\u00f6vb\u0259ti t\u0259lim ke\u00e7irilmi\u015fdir. T\u0259lim yerli icra hakimiyy\u0259tinin k\u00f6n\u00fcll\u00fc f\u0259aliyy\u0259ti \u00fczr\u0259 \u00e7al\u0131\u015fan kuratorlar\u0131 \u00fc\u00e7\u00fcn onlayn formada t\u0259\u015fkil olunmu\u015fdur. Son [&hellip;]<\/p>","protected":false},"author":2,"featured_media":0,"comment_status":"closed","ping_status":"closed","sticky":false,"template":"","format":"standard","meta":[],"categories":[137],"tags":[],"_links":{"self":[{"href":"https:\/\/legacy.dia.edu.az\/ru\/wp-json\/wp\/v2\/posts\/13551"}],"collection":[{"href":"https:\/\/legacy.dia.edu.az\/ru\/wp-json\/wp\/v2\/posts"}],"about":[{"href":"https:\/\/legacy.dia.edu.az\/ru\/wp-json\/wp\/v2\/types\/post"}],"author":[{"embeddable":true,"href":"https:\/\/legacy.dia.edu.az\/ru\/wp-json\/wp\/v2\/users\/2"}],"replies":[{"embeddable":true,"href":"https:\/\/legacy.dia.edu.az\/ru\/wp-json\/wp\/v2\/comments?post=13551"}],"version-history":[{"count":5,"href":"https:\/\/legacy.dia.edu.az\/ru\/wp-json\/wp\/v2\/posts\/13551\/revisions"}],"predecessor-version":[{"id":13561,"href":"https:\/\/legacy.dia.edu.az\/ru\/wp-json\/wp\/v2\/posts\/13551\/revisions\/13561"}],"wp:attachment":[{"href":"https:\/\/legacy.dia.edu.az\/ru\/wp-json\/wp\/v2\/media?parent=13551"}],"wp:term":[{"taxonomy":"category","embeddable":true,"href":"https:\/\/legacy.dia.edu.az\/ru\/wp-json\/wp\/v2\/categories?post=13551"},{"taxonomy":"post_tag","embeddable":true,"href":"https:\/\/legacy.dia.edu.az\/ru\/wp-json\/wp\/v2\/tags?post=13551"}],"curies":[{"name":"wp","href":"https:\/\/api.w.org\/{rel}","templated":true}]}}