{"id":13184,"date":"2021-04-17T11:48:00","date_gmt":"2021-04-17T08:48:00","guid":{"rendered":"https:\/\/dia.edu.az\/?p=13184"},"modified":"2021-04-17T11:49:43","modified_gmt":"2021-04-17T08:49:43","slug":"dovl%c9%99t-qulluqculari-ucun-v%c9%99t%c9%99ndas-m%c9%99mnunlugunun-t%c9%99min-olunmasinin-muasir-texnologiyalari-adli-layih%c9%99-yekunlasib","status":"publish","type":"post","link":"https:\/\/legacy.dia.edu.az\/ru\/arxivl\u0259r\/13184","title":{"rendered":"D\u00f6vl\u0259t qulluq\u00e7ular\u0131 \u00fc\u00e7\u00fcn \u201cV\u0259t\u0259nda\u015f m\u0259mnunlu\u011funun t\u0259min olunmas\u0131n\u0131n m\u00fcasir texnologiyalari\u201d adl\u0131 layih\u0259 yekunla\u015f\u0131b"},"content":{"rendered":"<p class=\"has-text-align-center\"><strong>D\u00f6vl\u0259t qulluq\u00e7ular\u0131 \u00fc\u00e7\u00fcn \u201cV\u0259t\u0259nda\u015f m\u0259mnunlu\u011funun t\u0259min olunmas\u0131n\u0131n m\u00fcasir texnologiyalari\u201d adl\u0131 layih\u0259 yekunla\u015f\u0131b<\/strong><br><\/p>\n\n\n\n<p><\/p>\n\n\n\n<p>Az\u0259rbaycan Prezidentinin 2018-ci il 23 noyabr tarixli S\u0259r\u0259ncam\u0131 il\u0259 t\u0259sdiq edilmi\u015f \u201cAz\u0259rbaycan Respublikas\u0131nda d\u00f6vl\u0259t qullu\u011funun inki\u015faf\u0131na dair 2019-2025-ci ill\u0259r \u00fc\u00e7\u00fcn Strategiya\u201dn\u0131n F\u0259aliyy\u0259t Plan\u0131nda d\u00f6vl\u0259t qullu\u011fu sisteminin inki\u015faf etdirilm\u0259si m\u0259qs\u0259dil\u0259 m\u00fcvafiq t\u0259dbirl\u0259rin h\u0259yata ke\u00e7irilm\u0259si n\u0259z\u0259rd\u0259 tutulub. Bununla \u0259laq\u0259dar d\u00f6vl\u0259t idar\u0259\u00e7iliyi sah\u0259sind\u0259 d\u00f6vl\u0259t qulluq\u00e7ular\u0131n\u0131n bilik v\u0259 bacar\u0131qlar\u0131n inki\u015faf etdirilm\u0259si m\u0259qs\u0259dil\u0259 Az\u0259rbaycan Respublikas\u0131n\u0131n Prezidenti yan\u0131nda D\u00f6vl\u0259t \u0130dar\u0259\u00e7ilik Akademiyas\u0131 t\u0259sdiql\u0259nmi\u015f proqrama uy\u011fun olaraq t\u0259dbirl\u0259r h\u0259yata ke\u00e7irir.<\/p>\n\n\n\n<p>Az\u0259rbaycan Respublikas\u0131n\u0131n Prezidenti yan\u0131nda D\u00f6vl\u0259t \u0130dar\u0259\u00e7ilik Akademiyas\u0131 v\u0259 Az\u0259rbaycan Respublikas\u0131n\u0131n Prezidenti yan\u0131nda V\u0259t\u0259nda\u015flara Xidm\u0259t v\u0259 Sosial \u0130nnovasiyalar \u00fczr\u0259 D\u00f6vl\u0259t Agentliyi il\u0259 \u0259m\u0259kda\u015fl\u0131q memorandumu \u00e7\u0259r\u00e7iv\u0259sind\u0259 aprelin 6-dan illik yeni t\u0259dbirl\u0259r proqram\u0131 t\u0259sdiql\u0259nib v\u0259 h\u0259yata ke\u00e7irilir. Layih\u0259 2021-ci ilin sonunad\u0259k davam ed\u0259c\u0259k.<\/p>\n\n\n\n<p>\u0130lk t\u0259limd\u0259 D\u00f6vl\u0259t \u0130dar\u0259\u00e7ilik Akademiyas\u0131n\u0131n rektoru, akademik U.\u018fl\u0259kb\u0259rov \u201cAz\u0259rbaycan Respublikas\u0131n\u0131n Milli prioritetl\u0259ri: planla\u015fd\u0131rma v\u0259 idar\u0259etm\u0259\u201d m\u00f6vzusunda m\u00fchazir\u0259 il\u0259 \u00e7\u0131x\u0131\u015f etmi\u015fdir.<\/p>\n\n\n\n<p>Daha sonra t\u0259lim i\u015ftirak\u00e7\u0131lar\u0131 D\u00f6vl\u0259t \u0130dar\u0259\u00e7ilik Akademiyas\u0131n\u0131n\u201cD\u00f6vl\u0259t qullu\u011fu v\u0259 kadr siyas\u0259ti\u201d kadefras\u0131n\u0131n m\u00fc\u0259llimiAnar H\u0259s\u0259novun \u201cV\u0259t\u0259nda\u015f m\u0259mnuniyy\u0259tinin t\u0259min edilm\u0259sind\u0259 xidm\u0259t m\u0259d\u0259niyy\u0259tinin rolu\u201d v\u0259 \u201cV\u0259t\u0259nda\u015f-m\u0259mur m\u00fcnasib\u0259tl\u0259rind\u0259 \u00fcnsiyy\u0259t bacar\u0131qlar\u0131\u201d adl\u0131 m\u00fchazir\u0259l\u0259ri dinl\u0259mi\u015fl\u0259r. T\u0259limin ikinci g\u00fcn\u00fc D\u00f6vl\u0259t \u0130dar\u0259\u00e7ilik Akademiyas\u0131n\u0131n \u201cH\u00fcquq\u201d kafedras\u0131n\u0131n m\u00fcdiri professor \u0130saxan V\u0259liyev \u201cV\u0259t\u0259nda\u015f m\u0259mnunlu\u011funun h\u00fcquqi t\u0259minat\u0131\u201d adl\u0131 m\u0259ruz\u0259 il\u0259 \u00e7\u0131x\u0131\u015f etmi\u015fdir.\u00a0<\/p>\n\n\n\n<p><\/p>\n\n\n\n<p><\/p>\n\n\n\n<figure class=\"wp-container-2 wp-block-gallery-1 wp-block-gallery columns-2 is-cropped\"><ul class=\"blocks-gallery-grid\"><li class=\"blocks-gallery-item\"><figure><img src=\"https:\/\/dia.edu.az\/wp-content\/uploads\/2021\/04\/1-1024x615.png\" alt=\"\" data-id=\"13185\" data-full-url=\"https:\/\/dia.edu.az\/wp-content\/uploads\/2021\/04\/1.png\" data-link=\"https:\/\/dia.edu.az\/?attachment_id=13185\" class=\"wp-image-13185\"\/><\/figure><\/li><li class=\"blocks-gallery-item\"><figure><img width=\"1024\" height=\"526\" src=\"https:\/\/dia.edu.az\/wp-content\/uploads\/2021\/04\/2-1024x526.png\" alt=\"\" data-id=\"13186\" data-full-url=\"https:\/\/dia.edu.az\/wp-content\/uploads\/2021\/04\/2.png\" data-link=\"https:\/\/dia.edu.az\/?attachment_id=13186\" class=\"wp-image-13186\" srcset=\"https:\/\/legacy.dia.edu.az\/wp-content\/uploads\/2021\/04\/2-1024x526.png 1024w, https:\/\/legacy.dia.edu.az\/wp-content\/uploads\/2021\/04\/2-300x154.png 300w, https:\/\/legacy.dia.edu.az\/wp-content\/uploads\/2021\/04\/2-16x8.png 16w, https:\/\/legacy.dia.edu.az\/wp-content\/uploads\/2021\/04\/2.png 1416w, https:\/\/legacy.dia.edu.az\/wp-content\/uploads\/2021\/04\/2-300x154@2x.png 600w\" sizes=\"(max-width: 1024px) 100vw, 1024px\" \/><\/figure><\/li><\/ul><\/figure>","protected":false},"excerpt":{"rendered":"<p>D\u00f6vl\u0259t qulluq\u00e7ular\u0131 \u00fc\u00e7\u00fcn \u201cV\u0259t\u0259nda\u015f m\u0259mnunlu\u011funun t\u0259min olunmas\u0131n\u0131n m\u00fcasir texnologiyalari\u201d adl\u0131 layih\u0259 yekunla\u015f\u0131b Az\u0259rbaycan Prezidentinin 2018-ci il 23 noyabr tarixli S\u0259r\u0259ncam\u0131 il\u0259 t\u0259sdiq edilmi\u015f \u201cAz\u0259rbaycan Respublikas\u0131nda d\u00f6vl\u0259t qullu\u011funun inki\u015faf\u0131na dair 2019-2025-ci ill\u0259r \u00fc\u00e7\u00fcn Strategiya\u201dn\u0131n F\u0259aliyy\u0259t Plan\u0131nda d\u00f6vl\u0259t qullu\u011fu sisteminin inki\u015faf etdirilm\u0259si m\u0259qs\u0259dil\u0259 m\u00fcvafiq t\u0259dbirl\u0259rin h\u0259yata ke\u00e7irilm\u0259si n\u0259z\u0259rd\u0259 tutulub. Bununla \u0259laq\u0259dar d\u00f6vl\u0259t idar\u0259\u00e7iliyi sah\u0259sind\u0259 d\u00f6vl\u0259t qulluq\u00e7ular\u0131n\u0131n bilik [&hellip;]<\/p>","protected":false},"author":2,"featured_media":13186,"comment_status":"closed","ping_status":"closed","sticky":false,"template":"","format":"standard","meta":[],"categories":[137],"tags":[],"_links":{"self":[{"href":"https:\/\/legacy.dia.edu.az\/ru\/wp-json\/wp\/v2\/posts\/13184"}],"collection":[{"href":"https:\/\/legacy.dia.edu.az\/ru\/wp-json\/wp\/v2\/posts"}],"about":[{"href":"https:\/\/legacy.dia.edu.az\/ru\/wp-json\/wp\/v2\/types\/post"}],"author":[{"embeddable":true,"href":"https:\/\/legacy.dia.edu.az\/ru\/wp-json\/wp\/v2\/users\/2"}],"replies":[{"embeddable":true,"href":"https:\/\/legacy.dia.edu.az\/ru\/wp-json\/wp\/v2\/comments?post=13184"}],"version-history":[{"count":0,"href":"https:\/\/legacy.dia.edu.az\/ru\/wp-json\/wp\/v2\/posts\/13184\/revisions"}],"wp:featuredmedia":[{"embeddable":true,"href":"https:\/\/legacy.dia.edu.az\/ru\/wp-json\/wp\/v2\/media\/13186"}],"wp:attachment":[{"href":"https:\/\/legacy.dia.edu.az\/ru\/wp-json\/wp\/v2\/media?parent=13184"}],"wp:term":[{"taxonomy":"category","embeddable":true,"href":"https:\/\/legacy.dia.edu.az\/ru\/wp-json\/wp\/v2\/categories?post=13184"},{"taxonomy":"post_tag","embeddable":true,"href":"https:\/\/legacy.dia.edu.az\/ru\/wp-json\/wp\/v2\/tags?post=13184"}],"curies":[{"name":"wp","href":"https:\/\/api.w.org\/{rel}","templated":true}]}}