{"id":13150,"date":"2021-04-06T18:06:00","date_gmt":"2021-04-06T15:06:00","guid":{"rendered":"https:\/\/dia.edu.az\/?p=13150"},"modified":"2021-04-09T18:07:24","modified_gmt":"2021-04-09T15:07:24","slug":"dovl%c9%99t-qulluqcularinin-potensialinin-artirilmasi-layih%c9%99si-h%c9%99yata-kecirilib-2","status":"publish","type":"post","link":"https:\/\/legacy.dia.edu.az\/ru\/arxivl\u0259r\/13150","title":{"rendered":"\u201cD\u00f6vl\u0259t qulluq\u00e7ular\u0131n\u0131n potensial\u0131n\u0131n art\u0131r\u0131lmas\u0131\u201d layih\u0259si h\u0259yata ke\u00e7irilib."},"content":{"rendered":"<p><strong>\u201cD\u00f6vl\u0259t qulluq\u00e7ular\u0131n\u0131n potensial\u0131n\u0131n art\u0131r\u0131lmas\u0131\u201d layih\u0259si h\u0259yata ke\u00e7irilib.<\/strong><br><\/p>\n\n\n\n<p><br>Az\u0259rbaycan Respublikasinin Prezidenti yan\u0131nda D\u00f6vl\u0259t \u0130dar\u0259\u00e7ilik Akademiyas\u0131 v\u0259 \u201cRegional \u0130nki\u015faf\u201d \u0130ctimai Birliyinin t\u0259\u015fkilat\u00e7\u0131l\u0131\u011f\u0131 il\u0259 \u201cD\u00f6vl\u0259t qulluq\u00e7ular\u0131n\u0131n potensial\u0131n\u0131n art\u0131r\u0131lmas\u0131\u201d layih\u0259si h\u0259yata ke\u00e7irilib.Layih\u0259 \u00e7\u0259r\u00e7iv\u0259sind\u0259 respublika \u00fczr\u0259 d\u00f6vl\u0259t v\u0259 b\u0259l\u0259diyy\u0259 orqanlar\u0131n\u0131n r\u0259hb\u0259r v\u0259zif\u0259l\u0259rind\u0259 \u00e7al\u0131\u015fan 150-d\u0259n \u00e7ox d\u00f6vl\u0259t qulluq\u00e7usu \u00fc\u00e7\u00fcn distant formada ixtisasart\u0131rma kursu t\u0259\u015fkil edilib.\u00a0M\u0259qs\u0259d regionlarda g\u0259nc kadr potensial\u0131n\u0131 inki\u015faf etdirm\u0259k, y\u00fcks\u0259k m\u0259n\u0259vi d\u0259y\u0259rl\u0259ri v\u0259 etik davran\u0131\u015f prinsipl\u0259rini \u0259sas tutan, bilik, bacar\u0131q v\u0259 m\u00fcsb\u0259t \u015f\u0259xsi keyfiyy\u0259tl\u0259ri il\u0259 se\u00e7il\u0259n kadrlar\u0131 formala\u015fd\u0131rmaqla d\u00f6vl\u0259t orqanlar\u0131n\u0131n f\u0259aliyy\u0259tind\u0259 s\u0259m\u0259r\u0259liliyin art\u0131r\u0131lmas\u0131na d\u0259st\u0259k olmaqd\u0131r.\u00a0Az\u0259rbaycan Respublikasinin Prezidenti yan\u0131nda D\u00f6vl\u0259t \u0130dar\u0259\u00e7ilik Akademiyas\u0131n\u0131n rektoru akademik Urxan \u018fl\u0259kb\u0259rov, \u0130qtisadi \u0130slahatlar\u0131n T\u0259hlili v\u0259 Kommunikasiya M\u0259rk\u0259zinin icra\u00e7\u0131 direktoru, iqtisad elml\u0259ri doktoru V\u00fcsal Qas\u0131ml\u0131, Ekologiya v\u0259 T\u0259bii S\u0259rv\u0259tl\u0259r Nazirliyinin Ekoloji siyas\u0259t \u015f\u00f6b\u0259sinin m\u00fcdiri Rasim S\u0259ttar-zad\u0259 v\u0259\u00a0 D\u00f6vl\u0259t \u0130dar\u0259\u00e7ilik Akademiyas\u0131n\u0131n professoru \u00c7ingiz \u0130smay\u0131lov t\u0259r\u0259find\u0259n i\u015ftirak\u00e7\u0131lara etik davran\u0131\u015f qaydalar\u0131, d\u00f6vl\u0259t qulluq\u00e7usunun h\u00fcquq v\u0259 v\u0259zif\u0259l\u0259ri, v\u0259t\u0259nda\u015f m\u0259mnunlu\u011funun t\u0259min edilm\u0259si v\u0259 dig\u0259r m\u00f6vzularda m\u00fchazir\u0259l\u0259r ke\u00e7irilib, m\u00fczakir\u0259l\u0259r t\u0259\u015fkil olunub.\u00a0\u00a0\u0130\u015ftirak\u00e7\u0131lar\u0131n ayr\u0131-ayr\u0131 m\u00f6vzularda haz\u0131rlad\u0131qlar\u0131 layih\u0259l\u0259rin qiym\u0259tl\u0259ndirilm\u0259si apar\u0131l\u0131b, h\u0259m\u00e7inin onlara ixtisasart\u0131rma \u00fczr\u0259 m\u00fcvafiq sertifikatlar t\u0259qdim edilib.<\/p>","protected":false},"excerpt":{"rendered":"<p>\u201cD\u00f6vl\u0259t qulluq\u00e7ular\u0131n\u0131n potensial\u0131n\u0131n art\u0131r\u0131lmas\u0131\u201d layih\u0259si h\u0259yata ke\u00e7irilib. Az\u0259rbaycan Respublikasinin Prezidenti yan\u0131nda D\u00f6vl\u0259t \u0130dar\u0259\u00e7ilik Akademiyas\u0131 v\u0259 \u201cRegional \u0130nki\u015faf\u201d \u0130ctimai Birliyinin t\u0259\u015fkilat\u00e7\u0131l\u0131\u011f\u0131 il\u0259 \u201cD\u00f6vl\u0259t qulluq\u00e7ular\u0131n\u0131n potensial\u0131n\u0131n art\u0131r\u0131lmas\u0131\u201d layih\u0259si h\u0259yata ke\u00e7irilib.Layih\u0259 \u00e7\u0259r\u00e7iv\u0259sind\u0259 respublika \u00fczr\u0259 d\u00f6vl\u0259t v\u0259 b\u0259l\u0259diyy\u0259 orqanlar\u0131n\u0131n r\u0259hb\u0259r v\u0259zif\u0259l\u0259rind\u0259 \u00e7al\u0131\u015fan 150-d\u0259n \u00e7ox d\u00f6vl\u0259t qulluq\u00e7usu \u00fc\u00e7\u00fcn distant formada ixtisasart\u0131rma kursu t\u0259\u015fkil edilib.\u00a0M\u0259qs\u0259d regionlarda g\u0259nc kadr potensial\u0131n\u0131 inki\u015faf etdirm\u0259k, [&hellip;]<\/p>","protected":false},"author":2,"featured_media":13151,"comment_status":"closed","ping_status":"closed","sticky":false,"template":"","format":"standard","meta":[],"categories":[137],"tags":[],"_links":{"self":[{"href":"https:\/\/legacy.dia.edu.az\/ru\/wp-json\/wp\/v2\/posts\/13150"}],"collection":[{"href":"https:\/\/legacy.dia.edu.az\/ru\/wp-json\/wp\/v2\/posts"}],"about":[{"href":"https:\/\/legacy.dia.edu.az\/ru\/wp-json\/wp\/v2\/types\/post"}],"author":[{"embeddable":true,"href":"https:\/\/legacy.dia.edu.az\/ru\/wp-json\/wp\/v2\/users\/2"}],"replies":[{"embeddable":true,"href":"https:\/\/legacy.dia.edu.az\/ru\/wp-json\/wp\/v2\/comments?post=13150"}],"version-history":[{"count":0,"href":"https:\/\/legacy.dia.edu.az\/ru\/wp-json\/wp\/v2\/posts\/13150\/revisions"}],"wp:featuredmedia":[{"embeddable":true,"href":"https:\/\/legacy.dia.edu.az\/ru\/wp-json\/wp\/v2\/media\/13151"}],"wp:attachment":[{"href":"https:\/\/legacy.dia.edu.az\/ru\/wp-json\/wp\/v2\/media?parent=13150"}],"wp:term":[{"taxonomy":"category","embeddable":true,"href":"https:\/\/legacy.dia.edu.az\/ru\/wp-json\/wp\/v2\/categories?post=13150"},{"taxonomy":"post_tag","embeddable":true,"href":"https:\/\/legacy.dia.edu.az\/ru\/wp-json\/wp\/v2\/tags?post=13150"}],"curies":[{"name":"wp","href":"https:\/\/api.w.org\/{rel}","templated":true}]}}