{"id":13143,"date":"2021-04-06T18:04:00","date_gmt":"2021-04-06T15:04:00","guid":{"rendered":"https:\/\/dia.edu.az\/?p=13143"},"modified":"2021-04-09T18:05:56","modified_gmt":"2021-04-09T15:05:56","slug":"dovl%c9%99t-idar%c9%99cilik-akademiyasinda-aprel-doyusl%c9%99ri-z%c9%99f%c9%99r%c9%99-aparan-sanli-tarixi-yol-adli-onlayn-t%c9%99dbir-kecirilib","status":"publish","type":"post","link":"https:\/\/legacy.dia.edu.az\/ru\/arxivl\u0259r\/13143","title":{"rendered":"D\u00f6vl\u0259t \u0130dar\u0259\u00e7ilik Akademiyas\u0131nda \u201cAprel d\u00f6y\u00fc\u015fl\u0259ri: Z\u0259f\u0259r\u0259 aparan \u015fanl\u0131-tarixi yol\u201d adl\u0131 onlayn t\u0259dbir ke\u00e7irilib"},"content":{"rendered":"<p><strong>D\u00f6vl\u0259t \u0130dar\u0259\u00e7ilik Akademiyas\u0131nda \u201cAprel d\u00f6y\u00fc\u015fl\u0259ri: Z\u0259f\u0259r\u0259 aparan \u015fanl\u0131-tarixi yol\u201d adl\u0131 onlayn t\u0259dbir ke\u00e7irilib<\/strong><br><\/p>\n\n\n\n<p><\/p>\n\n\n\n<p>Aprelin 6-da D\u00f6vl\u0259t \u0130dar\u0259\u00e7ilik Akademiyas\u0131nda \u201cAprel d\u00f6y\u00fc\u015fl\u0259ri: Z\u0259f\u0259r\u0259 aparan \u015fanl\u0131-tarixi yol\u201d adl\u0131 onlayn t\u0259dbir ke\u00e7irilib. T\u0259dbird\u0259 D\u0130A-n\u0131n rektoru, akademik Urxan \u018fl\u0259kb\u0259rov Aprel d\u00f6y\u00fc\u015fl\u0259rini tariximizin \u015f\u0259r\u0259f v\u0259 q\u0259hr\u0259manl\u0131q s\u0259hif\u0259si oldu\u011funu qeyd edib. O, bu d\u00f6y\u00fc\u015fl\u0259rin xalq\u0131m\u0131z\u0131n yadda\u015f\u0131na \u0259b\u0259di h\u0259kk olundu\u011funu, eyni zamanda, tariximiz\u0259 q\u00fcrur, q\u0259hr\u0259manl\u0131q v\u0259 z\u0259f\u0259r yolu kimi yaz\u0131ld\u0131\u011f\u0131n\u0131 s\u00f6yl\u0259yib. Rektor 44 g\u00fcnl\u00fck Qaraba\u011f m\u00fcharib\u0259sind\u0259 xalq\u0131n birlik v\u0259 b\u0259rab\u0259rlik n\u00fcmayi\u015f etdirilm\u0259sini xalq\u0131n q\u0259hr\u0259manl\u0131\u011f\u0131 kimi s\u0259ciyy\u0259l\u0259ndirib.<\/p>\n\n\n\n<p>Onlayn konfransda \u00e7\u0131x\u0131\u015f ed\u0259n Milli M\u0259clisin \u00fczv\u00fc El\u015fad Mirb\u0259\u015fir o\u011flu, D\u00f6vl\u0259t \u0130dar\u0259\u00e7ilik Akademiyas\u0131n\u0131n siyasi idar\u0259etm\u0259 fak\u00fclt\u0259sinin dosenti Zaur M\u0259mm\u0259dov, D\u00f6vl\u0259t \u0130dar\u0259\u00e7ilik Akademiyas\u0131 Politologiya Klubunun s\u0259dri Elman V\u0259liyev v\u0259 dig\u0259rl\u0259ri zaman ke\u00e7dikc\u0259 tariximizin h\u0259m q\u0259hr\u0259manl\u0131q s\u0259hif\u0259l\u0259rini, h\u0259m d\u0259 faci\u0259li s\u0259hif\u0259l\u0259rini yad etm\u0259yin, g\u0259l\u0259c\u0259k n\u0259sill\u0259r\u0259 xat\u0131rlatma\u011f\u0131n \u0259h\u0259miyy\u0259tli oldu\u011funu diqq\u0259t\u0259 \u00e7atd\u0131r\u0131blar. Bildirilib ki, Aprel d\u00f6y\u00fc\u015fl\u0259ri v\u0259 44 g\u00fcnl\u00fck m\u00fcharib\u0259 zaman\u0131 g\u00f6st\u0259ril\u0259n q\u0259hr\u0259manl\u0131q, \u015f\u00fcca\u0259t, xalq\u0131n birliyi ham\u0131 \u00fc\u00e7\u00fcn \u00f6rn\u0259kdir. \u00c7\u0131x\u0131\u015f ed\u0259nl\u0259r bu Z\u0259f\u0259r yolunun g\u0259nc n\u0259sill\u0259r\u0259 \u00e7atd\u0131r\u0131lmas\u0131n\u0131n vacibliyini qeyd edibl\u0259r.<\/p>\n\n\n\n<p>T\u0259dbird\u0259 \u00a0D\u00f6vl\u0259t \u0130dar\u0259\u00e7ilik Akademiyas\u0131n\u0131n r\u0259hb\u0259rliyi, professor-m\u00fc\u0259llim hey\u0259ti v\u0259 t\u0259l\u0259b\u0259l\u0259ri i\u015ftirak edibl\u0259r.<\/p>\n\n\n\n<p><\/p>\n\n\n\n<figure class=\"wp-container-2 wp-block-gallery-1 wp-block-gallery columns-3 is-cropped\"><ul class=\"blocks-gallery-grid\"><li class=\"blocks-gallery-item\"><figure><img width=\"1021\" height=\"655\" src=\"https:\/\/dia.edu.az\/wp-content\/uploads\/2021\/04\/aprel_1.jpg\" alt=\"\" data-id=\"13145\" data-full-url=\"https:\/\/dia.edu.az\/wp-content\/uploads\/2021\/04\/aprel_1.jpg\" data-link=\"https:\/\/dia.edu.az\/?attachment_id=13145\" class=\"wp-image-13145\" srcset=\"https:\/\/legacy.dia.edu.az\/wp-content\/uploads\/2021\/04\/aprel_1.jpg 1021w, https:\/\/legacy.dia.edu.az\/wp-content\/uploads\/2021\/04\/aprel_1-300x192.jpg 300w, https:\/\/legacy.dia.edu.az\/wp-content\/uploads\/2021\/04\/aprel_1-16x10.jpg 16w, https:\/\/legacy.dia.edu.az\/wp-content\/uploads\/2021\/04\/aprel_1-300x192@2x.jpg 600w\" sizes=\"(max-width: 1021px) 100vw, 1021px\" \/><\/figure><\/li><li class=\"blocks-gallery-item\"><figure><img width=\"1015\" height=\"659\" src=\"https:\/\/dia.edu.az\/wp-content\/uploads\/2021\/04\/aprel_2.jpg\" alt=\"\" data-id=\"13146\" data-full-url=\"https:\/\/dia.edu.az\/wp-content\/uploads\/2021\/04\/aprel_2.jpg\" data-link=\"https:\/\/dia.edu.az\/?attachment_id=13146\" class=\"wp-image-13146\" srcset=\"https:\/\/legacy.dia.edu.az\/wp-content\/uploads\/2021\/04\/aprel_2.jpg 1015w, https:\/\/legacy.dia.edu.az\/wp-content\/uploads\/2021\/04\/aprel_2-300x195.jpg 300w, https:\/\/legacy.dia.edu.az\/wp-content\/uploads\/2021\/04\/aprel_2-16x10.jpg 16w, https:\/\/legacy.dia.edu.az\/wp-content\/uploads\/2021\/04\/aprel_2-300x195@2x.jpg 600w\" sizes=\"(max-width: 1015px) 100vw, 1015px\" \/><\/figure><\/li><li class=\"blocks-gallery-item\"><figure><img width=\"1024\" height=\"547\" src=\"https:\/\/dia.edu.az\/wp-content\/uploads\/2021\/04\/aprel_5-1024x547.jpg\" alt=\"\" data-id=\"13147\" data-full-url=\"https:\/\/dia.edu.az\/wp-content\/uploads\/2021\/04\/aprel_5.jpg\" data-link=\"https:\/\/dia.edu.az\/?attachment_id=13147\" class=\"wp-image-13147\" srcset=\"https:\/\/legacy.dia.edu.az\/wp-content\/uploads\/2021\/04\/aprel_5-1024x547.jpg 1024w, https:\/\/legacy.dia.edu.az\/wp-content\/uploads\/2021\/04\/aprel_5-300x160.jpg 300w, https:\/\/legacy.dia.edu.az\/wp-content\/uploads\/2021\/04\/aprel_5-16x9.jpg 16w, https:\/\/legacy.dia.edu.az\/wp-content\/uploads\/2021\/04\/aprel_5.jpg 1280w, https:\/\/legacy.dia.edu.az\/wp-content\/uploads\/2021\/04\/aprel_5-300x160@2x.jpg 600w\" sizes=\"(max-width: 1024px) 100vw, 1024px\" \/><\/figure><\/li><li class=\"blocks-gallery-item\"><figure><img width=\"989\" height=\"711\" src=\"https:\/\/dia.edu.az\/wp-content\/uploads\/2021\/04\/aprel_7.jpg\" alt=\"\" data-id=\"13148\" data-full-url=\"https:\/\/dia.edu.az\/wp-content\/uploads\/2021\/04\/aprel_7.jpg\" data-link=\"https:\/\/dia.edu.az\/?attachment_id=13148\" class=\"wp-image-13148\" srcset=\"https:\/\/legacy.dia.edu.az\/wp-content\/uploads\/2021\/04\/aprel_7.jpg 989w, https:\/\/legacy.dia.edu.az\/wp-content\/uploads\/2021\/04\/aprel_7-300x216.jpg 300w, https:\/\/legacy.dia.edu.az\/wp-content\/uploads\/2021\/04\/aprel_7-16x12.jpg 16w, https:\/\/legacy.dia.edu.az\/wp-content\/uploads\/2021\/04\/aprel_7-360x260.jpg 360w, https:\/\/legacy.dia.edu.az\/wp-content\/uploads\/2021\/04\/aprel_7-300x216@2x.jpg 600w\" sizes=\"(max-width: 989px) 100vw, 989px\" \/><\/figure><\/li><li class=\"blocks-gallery-item\"><figure><img width=\"1024\" height=\"266\" src=\"https:\/\/dia.edu.az\/wp-content\/uploads\/2021\/04\/aprel_01-1024x266.jpg\" alt=\"\" data-id=\"13144\" data-full-url=\"https:\/\/dia.edu.az\/wp-content\/uploads\/2021\/04\/aprel_01.jpg\" data-link=\"https:\/\/dia.edu.az\/?attachment_id=13144\" class=\"wp-image-13144\" srcset=\"https:\/\/legacy.dia.edu.az\/wp-content\/uploads\/2021\/04\/aprel_01-1024x266.jpg 1024w, https:\/\/legacy.dia.edu.az\/wp-content\/uploads\/2021\/04\/aprel_01-300x78.jpg 300w, https:\/\/legacy.dia.edu.az\/wp-content\/uploads\/2021\/04\/aprel_01-16x4.jpg 16w, https:\/\/legacy.dia.edu.az\/wp-content\/uploads\/2021\/04\/aprel_01.jpg 1280w, https:\/\/legacy.dia.edu.az\/wp-content\/uploads\/2021\/04\/aprel_01-300x78@2x.jpg 600w\" sizes=\"(max-width: 1024px) 100vw, 1024px\" \/><\/figure><\/li><\/ul><\/figure>","protected":false},"excerpt":{"rendered":"<p>D\u00f6vl\u0259t \u0130dar\u0259\u00e7ilik Akademiyas\u0131nda \u201cAprel d\u00f6y\u00fc\u015fl\u0259ri: Z\u0259f\u0259r\u0259 aparan \u015fanl\u0131-tarixi yol\u201d adl\u0131 onlayn t\u0259dbir ke\u00e7irilib Aprelin 6-da D\u00f6vl\u0259t \u0130dar\u0259\u00e7ilik Akademiyas\u0131nda \u201cAprel d\u00f6y\u00fc\u015fl\u0259ri: Z\u0259f\u0259r\u0259 aparan \u015fanl\u0131-tarixi yol\u201d adl\u0131 onlayn t\u0259dbir ke\u00e7irilib. T\u0259dbird\u0259 D\u0130A-n\u0131n rektoru, akademik Urxan \u018fl\u0259kb\u0259rov Aprel d\u00f6y\u00fc\u015fl\u0259rini tariximizin \u015f\u0259r\u0259f v\u0259 q\u0259hr\u0259manl\u0131q s\u0259hif\u0259si oldu\u011funu qeyd edib. O, bu d\u00f6y\u00fc\u015fl\u0259rin xalq\u0131m\u0131z\u0131n yadda\u015f\u0131na \u0259b\u0259di h\u0259kk olundu\u011funu, eyni zamanda, tariximiz\u0259 [&hellip;]<\/p>","protected":false},"author":2,"featured_media":13145,"comment_status":"closed","ping_status":"closed","sticky":false,"template":"","format":"standard","meta":[],"categories":[137],"tags":[],"_links":{"self":[{"href":"https:\/\/legacy.dia.edu.az\/ru\/wp-json\/wp\/v2\/posts\/13143"}],"collection":[{"href":"https:\/\/legacy.dia.edu.az\/ru\/wp-json\/wp\/v2\/posts"}],"about":[{"href":"https:\/\/legacy.dia.edu.az\/ru\/wp-json\/wp\/v2\/types\/post"}],"author":[{"embeddable":true,"href":"https:\/\/legacy.dia.edu.az\/ru\/wp-json\/wp\/v2\/users\/2"}],"replies":[{"embeddable":true,"href":"https:\/\/legacy.dia.edu.az\/ru\/wp-json\/wp\/v2\/comments?post=13143"}],"version-history":[{"count":0,"href":"https:\/\/legacy.dia.edu.az\/ru\/wp-json\/wp\/v2\/posts\/13143\/revisions"}],"wp:featuredmedia":[{"embeddable":true,"href":"https:\/\/legacy.dia.edu.az\/ru\/wp-json\/wp\/v2\/media\/13145"}],"wp:attachment":[{"href":"https:\/\/legacy.dia.edu.az\/ru\/wp-json\/wp\/v2\/media?parent=13143"}],"wp:term":[{"taxonomy":"category","embeddable":true,"href":"https:\/\/legacy.dia.edu.az\/ru\/wp-json\/wp\/v2\/categories?post=13143"},{"taxonomy":"post_tag","embeddable":true,"href":"https:\/\/legacy.dia.edu.az\/ru\/wp-json\/wp\/v2\/tags?post=13143"}],"curies":[{"name":"wp","href":"https:\/\/api.w.org\/{rel}","templated":true}]}}