{"id":13126,"date":"2021-03-31T09:26:00","date_gmt":"2021-03-31T06:26:00","guid":{"rendered":"https:\/\/dia.edu.az\/?p=13126"},"modified":"2021-04-01T09:28:00","modified_gmt":"2021-04-01T06:28:00","slug":"dovl%c9%99t-idar%c9%99cilik-akademiyasinda-ikinci-qarabag-v%c9%99t%c9%99n-muharib%c9%99sinin-siyasi-v%c9%99-huquqi-n%c9%99tic%c9%99l%c9%99ri-movzusunda-beyn%c9%99lxalq-veb-konfrans-kecirilib","status":"publish","type":"post","link":"https:\/\/legacy.dia.edu.az\/ru\/arxivl\u0259r\/13126","title":{"rendered":"D\u00f6vl\u0259t \u0130dar\u0259\u00e7ilik Akademiyas\u0131nda &#8220;\u0130kinci Qaraba\u011f V\u0259t\u0259n m\u00fcharib\u0259sinin siyasi v\u0259 h\u00fcquqi n\u0259tic\u0259l\u0259ri&#8221; m\u00f6vzusunda beyn\u0259lxalq veb konfrans ke\u00e7irilib"},"content":{"rendered":"<p><strong>D\u00f6vl\u0259t \u0130dar\u0259\u00e7ilik Akademiyas\u0131nda &#8220;\u0130kinci Qaraba\u011f V\u0259t\u0259n m\u00fcharib\u0259sinin siyasi v\u0259 h\u00fcquqi n\u0259tic\u0259l\u0259ri&#8221; m\u00f6vzusunda beyn\u0259lxalq veb konfrans ke\u00e7irilib<\/strong><br><\/p>\n\n\n\n<p><\/p>\n\n\n\n<p><\/p>\n\n\n\n<p>Mart\u0131n 30-da Az\u0259rbaycanl\u0131lar\u0131n Soyq\u0131r\u0131m G\u00fcn\u00fc \u0259r\u0259f\u0259sind\u0259 &#8220;\u0130kinci Qaraba\u011f V\u0259t\u0259n m\u00fcharib\u0259sinin siyasi v\u0259 h\u00fcquqi n\u0259tic\u0259l\u0259ri&#8221; m\u00f6vzusunda beyn\u0259lxalq veb konfrans ke\u00e7irilib.<\/p>\n\n\n\n<p>Konfrans Az\u0259rbaycan Respublikas\u0131n\u0131n Prezidenti yan\u0131nda D\u00f6vl\u0259t \u0130dar\u0259\u00e7ilik Akademiyas\u0131 v\u0259 Suxumi D\u00f6vl\u0259t Universitetinin (G\u00fcrc\u00fcstan) birg\u0259 t\u0259\u015fkilat\u00e7\u0131l\u0131\u011f\u0131 il\u0259 ke\u00e7irilib.<\/p>\n\n\n\n<p>Onlayn konfrans\u0131n i\u015ftirak\u00e7\u0131lar\u0131 olan Az\u0259rbaycan Respublikas\u0131n\u0131n Prezidenti yan\u0131nda D\u00f6vl\u0259t \u0130dar\u0259\u00e7ilik Akademiyas\u0131n\u0131n Beyn\u0259lxalq m\u00fcnasib\u0259tl\u0259r v\u0259 xarici siyas\u0259t kafedras\u0131n\u0131n m\u00fcdiri, h\u00fcquq elml\u0259ri doktoru, professor, f\u00f6vq\u0259lad\u0259 v\u0259 s\u0259lahiyy\u0259tli s\u0259fir Namik \u018fliyev, Suxumi D\u00f6vl\u0259t Universitetinin rektoru, G\u00fcrc\u00fcstan T\u0259hsil Elml\u0259ri Akademiyas\u0131n\u0131n prezidenti, siyasi elml\u0259r doktoru, professor, f\u00f6vq\u0259lad\u0259 v\u0259 s\u0259lahiyy\u0259tli s\u0259fir Zurab Xonelidze, Rusiya Federasiyas\u0131 Xarici \u0130\u015fl\u0259r Nazirliyi yan\u0131nda MDB v\u0259 Baltikyan\u0131 \u00f6lk\u0259l\u0259r \u015f\u00f6b\u0259sinin ke\u00e7mi\u015f m\u00fcdiri, birinci d\u0259r\u0259c\u0259li d\u00f6vl\u0259t m\u00fc\u015faviri, siyasi elml\u0259r doktoru Tatyana Poloskova, Beyn\u0259lxalq &#8220;\u015e\u0259rq-Q\u0259rb&#8221; Geopolitik Proqnozla\u015fd\u0131rma M\u0259rk\u0259zinin prezidenti, Siyasi Ara\u015fd\u0131rmalar D\u0259rn\u0259yinin direktoru (Qazax\u0131stan), siyasi elml\u0259r doktoru, professor Karl\u0131ga\u015f Nu\u011fmanova, AMEA H\u00fcquq v\u0259 \u0130nsan Haqlar\u0131 \u0130nstitutunun direktoru, h\u00fcquq elml\u0259ri doktoru, professor Ayt\u0259n Mustafazad\u0259, Ruslan \u015eev\u00e7enko (Moldova), \u015e\u0259lal\u0259 H\u0259s\u0259nova (Az\u0259rbaycan), Arif Quliev, Alexander Mana\u00e7inski (Ukrayna), Ara\u015fd\u0131rma\u00e7\u0131 Jurnalist Gintaras Visockas (Litva), Suxumi D\u00f6vl\u0259t Universitetinin dosenti Quram Markuliya v\u0259 m\u00fcxt\u0259lif \u00f6lk\u0259l\u0259rd\u0259n bir \u00e7ox g\u00f6rk\u0259mli alim v\u0259 t\u0259dqiqat\u00e7\u0131lar m\u0259ruz\u0259 il\u0259 \u00e7\u0131x\u0131\u015f etmi\u015fl\u0259r.<\/p>\n\n\n\n<p>M\u00fczakir\u0259l\u0259rd\u0259 Az\u0259rbaycan\u0131n 44 g\u00fcnl\u00fck z\u0259f\u0259r q\u0259l\u0259b\u0259si, erm\u0259nil\u0259r\u0259 veril\u0259n \u015fans, m\u00fcharib\u0259nin geosiyasi n\u0259tic\u0259l\u0259ri, \u0130r\u0259van\u0131n m\u0259\u011flubiyy\u0259tind\u0259 erm\u0259ni mifinin rolu, V\u0259t\u0259n m\u00fcharib\u0259sin\u0259 aparan tarixi yol, beyn\u0259lxalq h\u00fcquq b\u00f6hran\u0131, revan\u015fizm m\u00fcharib\u0259d\u0259n sonrak\u0131 Erm\u0259nistan v\u0259 s. m\u00f6vzularda m\u0259ruz\u0259l\u0259r t\u0259qdim edilmi\u015fdir.<\/p>\n\n\n\n<p>&#8220;\u0130kinci Qaraba\u011f V\u0259t\u0259n m\u00fcharib\u0259sinin siyasi v\u0259 h\u00fcquqi n\u0259tic\u0259l\u0259ri&#8221; m\u00f6vzusunda beyn\u0259lxalq veb konfrans\u0131n materiallar\u0131 \u00e7ap edilmi\u015fdir.<\/p>\n\n\n\n<p><\/p>\n\n\n\n<figure class=\"wp-container-2 wp-block-gallery-1 wp-block-gallery columns-3 is-cropped\"><ul class=\"blocks-gallery-grid\"><li class=\"blocks-gallery-item\"><figure><img width=\"467\" height=\"640\" src=\"https:\/\/dia.edu.az\/wp-content\/uploads\/2021\/04\/kitab_1.jpg\" alt=\"\" data-id=\"13130\" data-full-url=\"https:\/\/dia.edu.az\/wp-content\/uploads\/2021\/04\/kitab_1.jpg\" data-link=\"https:\/\/dia.edu.az\/?attachment_id=13130\" class=\"wp-image-13130\" srcset=\"https:\/\/legacy.dia.edu.az\/wp-content\/uploads\/2021\/04\/kitab_1.jpg 467w, https:\/\/legacy.dia.edu.az\/wp-content\/uploads\/2021\/04\/kitab_1-219x300.jpg 219w, https:\/\/legacy.dia.edu.az\/wp-content\/uploads\/2021\/04\/kitab_1-9x12.jpg 9w, https:\/\/legacy.dia.edu.az\/wp-content\/uploads\/2021\/04\/kitab_1-219x300@2x.jpg 438w\" sizes=\"(max-width: 467px) 100vw, 467px\" \/><\/figure><\/li><li class=\"blocks-gallery-item\"><figure><img width=\"640\" height=\"343\" src=\"https:\/\/dia.edu.az\/wp-content\/uploads\/2021\/04\/31.03.png\" alt=\"\" data-id=\"13127\" data-full-url=\"https:\/\/dia.edu.az\/wp-content\/uploads\/2021\/04\/31.03.png\" data-link=\"https:\/\/dia.edu.az\/?attachment_id=13127\" class=\"wp-image-13127\" srcset=\"https:\/\/legacy.dia.edu.az\/wp-content\/uploads\/2021\/04\/31.03.png 640w, https:\/\/legacy.dia.edu.az\/wp-content\/uploads\/2021\/04\/31.03-300x161.png 300w, https:\/\/legacy.dia.edu.az\/wp-content\/uploads\/2021\/04\/31.03-16x9.png 16w, https:\/\/legacy.dia.edu.az\/wp-content\/uploads\/2021\/04\/31.03-300x161@2x.png 600w\" sizes=\"(max-width: 640px) 100vw, 640px\" \/><\/figure><\/li><li class=\"blocks-gallery-item\"><figure><img width=\"640\" height=\"315\" src=\"https:\/\/dia.edu.az\/wp-content\/uploads\/2021\/04\/3103.png\" alt=\"\" data-id=\"13129\" data-full-url=\"https:\/\/dia.edu.az\/wp-content\/uploads\/2021\/04\/3103.png\" data-link=\"https:\/\/dia.edu.az\/?attachment_id=13129\" class=\"wp-image-13129\" srcset=\"https:\/\/legacy.dia.edu.az\/wp-content\/uploads\/2021\/04\/3103.png 640w, https:\/\/legacy.dia.edu.az\/wp-content\/uploads\/2021\/04\/3103-300x148.png 300w, https:\/\/legacy.dia.edu.az\/wp-content\/uploads\/2021\/04\/3103-16x8.png 16w, https:\/\/legacy.dia.edu.az\/wp-content\/uploads\/2021\/04\/3103-300x148@2x.png 600w\" sizes=\"(max-width: 640px) 100vw, 640px\" \/><\/figure><\/li><li class=\"blocks-gallery-item\"><figure><img width=\"640\" height=\"280\" src=\"https:\/\/dia.edu.az\/wp-content\/uploads\/2021\/04\/31.0321.png\" alt=\"\" data-id=\"13128\" data-full-url=\"https:\/\/dia.edu.az\/wp-content\/uploads\/2021\/04\/31.0321.png\" data-link=\"https:\/\/dia.edu.az\/?attachment_id=13128\" class=\"wp-image-13128\" srcset=\"https:\/\/legacy.dia.edu.az\/wp-content\/uploads\/2021\/04\/31.0321.png 640w, https:\/\/legacy.dia.edu.az\/wp-content\/uploads\/2021\/04\/31.0321-300x131.png 300w, https:\/\/legacy.dia.edu.az\/wp-content\/uploads\/2021\/04\/31.0321-16x7.png 16w, https:\/\/legacy.dia.edu.az\/wp-content\/uploads\/2021\/04\/31.0321-300x131@2x.png 600w\" sizes=\"(max-width: 640px) 100vw, 640px\" \/><\/figure><\/li><\/ul><\/figure>","protected":false},"excerpt":{"rendered":"<p>D\u00f6vl\u0259t \u0130dar\u0259\u00e7ilik Akademiyas\u0131nda &#8220;\u0130kinci Qaraba\u011f V\u0259t\u0259n m\u00fcharib\u0259sinin siyasi v\u0259 h\u00fcquqi n\u0259tic\u0259l\u0259ri&#8221; m\u00f6vzusunda beyn\u0259lxalq veb konfrans ke\u00e7irilib Mart\u0131n 30-da Az\u0259rbaycanl\u0131lar\u0131n Soyq\u0131r\u0131m G\u00fcn\u00fc \u0259r\u0259f\u0259sind\u0259 &#8220;\u0130kinci Qaraba\u011f V\u0259t\u0259n m\u00fcharib\u0259sinin siyasi v\u0259 h\u00fcquqi n\u0259tic\u0259l\u0259ri&#8221; m\u00f6vzusunda beyn\u0259lxalq veb konfrans ke\u00e7irilib. Konfrans Az\u0259rbaycan Respublikas\u0131n\u0131n Prezidenti yan\u0131nda D\u00f6vl\u0259t \u0130dar\u0259\u00e7ilik Akademiyas\u0131 v\u0259 Suxumi D\u00f6vl\u0259t Universitetinin (G\u00fcrc\u00fcstan) birg\u0259 t\u0259\u015fkilat\u00e7\u0131l\u0131\u011f\u0131 il\u0259 ke\u00e7irilib. Onlayn konfrans\u0131n i\u015ftirak\u00e7\u0131lar\u0131 [&hellip;]<\/p>","protected":false},"author":2,"featured_media":13128,"comment_status":"closed","ping_status":"closed","sticky":false,"template":"","format":"standard","meta":[],"categories":[137],"tags":[],"_links":{"self":[{"href":"https:\/\/legacy.dia.edu.az\/ru\/wp-json\/wp\/v2\/posts\/13126"}],"collection":[{"href":"https:\/\/legacy.dia.edu.az\/ru\/wp-json\/wp\/v2\/posts"}],"about":[{"href":"https:\/\/legacy.dia.edu.az\/ru\/wp-json\/wp\/v2\/types\/post"}],"author":[{"embeddable":true,"href":"https:\/\/legacy.dia.edu.az\/ru\/wp-json\/wp\/v2\/users\/2"}],"replies":[{"embeddable":true,"href":"https:\/\/legacy.dia.edu.az\/ru\/wp-json\/wp\/v2\/comments?post=13126"}],"version-history":[{"count":0,"href":"https:\/\/legacy.dia.edu.az\/ru\/wp-json\/wp\/v2\/posts\/13126\/revisions"}],"wp:featuredmedia":[{"embeddable":true,"href":"https:\/\/legacy.dia.edu.az\/ru\/wp-json\/wp\/v2\/media\/13128"}],"wp:attachment":[{"href":"https:\/\/legacy.dia.edu.az\/ru\/wp-json\/wp\/v2\/media?parent=13126"}],"wp:term":[{"taxonomy":"category","embeddable":true,"href":"https:\/\/legacy.dia.edu.az\/ru\/wp-json\/wp\/v2\/categories?post=13126"},{"taxonomy":"post_tag","embeddable":true,"href":"https:\/\/legacy.dia.edu.az\/ru\/wp-json\/wp\/v2\/tags?post=13126"}],"curies":[{"name":"wp","href":"https:\/\/api.w.org\/{rel}","templated":true}]}}