{"id":13067,"date":"2021-03-18T10:02:00","date_gmt":"2021-03-18T07:02:00","guid":{"rendered":"https:\/\/dia.edu.az\/?p=13067"},"modified":"2021-03-21T10:04:41","modified_gmt":"2021-03-21T07:04:41","slug":"az%c9%99rbaycan-respublikasinin-prezidenti-yaninda-dovl%c9%99t-idar%c9%99cilik-akademiyasi-v%c9%99-az%c9%99rbaycan-respublikasinin-v%c9%99kill%c9%99r-kollegiyasi-arasinda-%c9%99m%c9%99kdasliga-dair-me","status":"publish","type":"post","link":"https:\/\/legacy.dia.edu.az\/ru\/arxivl\u0259r\/13067","title":{"rendered":"Az\u0259rbaycan Respublikas\u0131n\u0131n Prezidenti yan\u0131nda D\u00f6vl\u0259t \u0130dar\u0259\u00e7ilik Akademiyas\u0131 v\u0259 Az\u0259rbaycan Respublikas\u0131n\u0131n V\u0259kill\u0259r Kollegiyas\u0131 aras\u0131nda \u0259m\u0259kda\u015fl\u0131\u011fa dair memorandum imzalan\u0131b"},"content":{"rendered":"<p><strong>Az\u0259rbaycan Respublikas\u0131n\u0131n Prezidenti yan\u0131nda D\u00f6vl\u0259t \u0130dar\u0259\u00e7ilik Akademiyas\u0131 v\u0259 Az\u0259rbaycan Respublikas\u0131n\u0131n V\u0259kill\u0259r Kollegiyas\u0131 aras\u0131nda \u0259m\u0259kda\u015fl\u0131\u011fa dair memorandum imzalan\u0131b<\/strong><br><\/p>\n\n\n\n<p>Mart\u0131n 18-d\u0259 Az\u0259rbaycan Respublikas\u0131n\u0131n Prezidenti yan\u0131nda D\u00f6vl\u0259t \u0130dar\u0259\u00e7ilik Akademiyas\u0131 (D\u0130A) il\u0259 Az\u0259rbaycan Respublikas\u0131n\u0131n V\u0259kill\u0259r Kollegiyas\u0131 aras\u0131nda Anla\u015fma Memorandumu imzalan\u0131b.<\/p>\n\n\n\n<p>\u0130lk \u00f6nc\u0259 Ulu \u00d6nd\u0259rin D\u0130A-dak\u0131 b\u00fcstu ziyar\u0259t edildi. Daha sonra Heyd\u0259r \u018fliyev D\u00f6vl\u0259t \u0130dar\u0259\u00e7ilik M\u0259kt\u0259bi il\u0259 tan\u0131\u015fl\u0131q oldu. Memorandumu D\u00f6vl\u0259t \u0130dar\u0259\u00e7ilik Akademiyas\u0131n\u0131n rektoru, akademik Urxan \u018fl\u0259kb\u0259rov v\u0259 V\u0259kill\u0259r Kollegiyas\u0131 R\u0259yas\u0259t Hey\u0259tinin s\u0259dri Anar Ba\u011f\u0131rov imzalay\u0131blar.<\/p>\n\n\n\n<p>Memorandum kadr potensial\u0131n\u0131n g\u00fccl\u0259ndirilm\u0259si m\u0259qs\u0259dil\u0259 y\u00fcks\u0259kixtisasl\u0131 kadrlar\u0131n haz\u0131rlanmas\u0131, d\u00f6vl\u0259t qullu\u011fu sistemind\u0259 \u00e7al\u0131\u015fan g\u0259nc kadrlar\u0131n ixtisas\u0131n\u0131n art\u0131r\u0131lmas\u0131 \u00fczr\u0259 ixtisasart\u0131rma kurslar\u0131n\u0131n t\u0259\u015fkili, h\u00fcquq sah\u0259sind\u0259 t\u0259hsil alan g\u0259nc kadrlar\u0131n k\u00f6n\u00fcll\u00fcl\u00fck proqramlar\u0131nda i\u015ftirak\u0131n\u0131, onlar\u0131n praktik t\u0259cr\u00fcb\u0259 \u0259ld\u0259 etm\u0259l\u0259rini d\u0259st\u0259kl\u0259m\u0259k istiqam\u0259tind\u0259 \u0259m\u0259kda\u015fl\u0131q v\u0259 dig\u0259r m\u0259s\u0259l\u0259l\u0259ri \u0259hat\u0259 edir.<\/p>\n\n\n\n<p>\u0130mzalanma m\u0259rasimind\u0259 \u00e7\u0131x\u0131\u015f ed\u0259n rektor Urxan \u018fl\u0259kb\u0259rov \u00fcmummilli lider Heyd\u0259r \u018fliyevin m\u00fc\u0259llifi oldu\u011fu inki\u015faf strategiyas\u0131n\u0131n nailiyy\u0259tl\u0259ri v\u0259 Ulu \u00d6nd\u0259rin layiqli davam\u00e7\u0131s\u0131 Prezident \u0130lham \u018fliyevin \u00f6lk\u0259d\u0259 h\u0259yata ke\u00e7irdiyi davaml\u0131 inki\u015faf\u0131n u\u011furlu n\u0259tic\u0259l\u0259ri, inkl\u00fcziv c\u0259miyy\u0259tin formala\u015fmas\u0131 sah\u0259sind\u0259 g\u00f6r\u00fcl\u0259n i\u015fl\u0259rin m\u00fcsb\u0259t n\u0259tic\u0259l\u0259rini qeyd edib. Rektor \u00f6lk\u0259mizd\u0259 nadir idar\u0259\u00e7ilik texnologiyalar\u0131n\u0131n t\u0259tbiqi, \u00e7evik d\u00f6vl\u0259t idar\u0259etm\u0259 sisteminin formala\u015fd\u0131r\u0131lmas\u0131, elm\u0259 \u0259saslanan innovativ inki\u015faf strategiyas\u0131n\u0131n realla\u015fd\u0131r\u0131lmas\u0131, d\u00f6vl\u0259t quruculu\u011fu v\u0259 d\u00f6vl\u0259t qullu\u011funun inki\u015faf\u0131na diqq\u0259t \u00e7\u0259kib. U.\u018fl\u0259kb\u0259rov vur\u011fulay\u0131b ki, \u00f6lk\u0259mizin q\u0131sa m\u00fcdd\u0259td\u0259 iqtisadi, sosial, siyasi, humanitar v\u0259 dig\u0259r sah\u0259l\u0259rd\u0259 qazand\u0131\u011f\u0131 y\u00fcks\u0259k nailiyy\u0259tl\u0259r, XXI \u0259srin \u00e7a\u011f\u0131r\u0131\u015flar\u0131n\u0131n h\u0259llin\u0259 y\u00f6n\u0259lmi\u015f d\u00fcnya \u0259h\u0259miyy\u0259tli t\u0259\u015f\u0259bb\u00fcsl\u0259ri, ild\u0259n-il\u0259 artan beyn\u0259lxalq n\u00fcfuzu Az\u0259rbaycan\u0131 bir \u00e7ox istiqam\u0259tl\u0259rd\u0259 regional v\u0259 qlobal lider\u0259 \u00e7evirib. Son 44 g\u00fcnl\u00fck m\u00fcharib\u0259 v\u0259 \u00f6lk\u0259nin z\u0259f\u0259ri bunu bir daha n\u00fcmayi\u015f etdirdi.<\/p>\n\n\n\n<p>Sonra V\u0259kill\u0259r Kollegiyas\u0131 R\u0259yas\u0259t Hey\u0259tinin s\u0259dri Anar Ba\u011f\u0131rov t\u0259qdimatla \u00e7\u0131x\u0131\u015f ed\u0259r\u0259k bildirib ki, \u00f6lk\u0259mizd\u0259 idar\u0259\u00e7ilik sah\u0259sind\u0259 pe\u015f\u0259kar kadrlar\u0131n yeti\u015fdirilm\u0259sin\u0259 x\u00fcsusi diqq\u0259t ay\u0131ran qabaqc\u0131l apar\u0131c\u0131 t\u0259dris, metodik, elm v\u0259 analitik informasiya m\u0259rk\u0259zi olan D\u00f6vl\u0259t \u0130dar\u0259\u00e7ilik Akademiyas\u0131 il\u0259 birg\u0259 \u0259m\u0259kda\u015fl\u0131q \u00f6n\u0259mli add\u0131mlardan biridir.<\/p>\n\n\n\n<p>V\u0259kill\u0259r Kollegiyas\u0131 R\u0259yas\u0259t Hey\u0259tinin s\u0259dri Anar Ba\u011f\u0131rov v\u0259killik institutunun tarixin\u0259 ekskurs ed\u0259r\u0259k m\u00fcqayis\u0259li t\u0259hlil aparm\u0131\u015f, Az\u0259rbaycanda&nbsp; m\u00fcasir v\u0259killiyin d\u00fcnya \u00f6lk\u0259l\u0259rinin v\u0259killik qurumlar\u0131 il\u0259 m\u00fcqais\u0259d\u0259 \u0259h\u0259miyy\u0259tli m\u00fcsb\u0259t&nbsp; d\u0259yi\u015fikliy\u0259 m\u0259ruz qald\u0131\u011f\u0131n\u0131 bildirmi\u015f, bu d\u0259yi\u015fikliyin \u00f6lk\u0259 r\u0259hb\u0259ri t\u0259r\u0259find\u0259n m\u00fc\u0259yy\u0259n edilmi\u015f h\u0259d\u0259fl\u0259r\u0259 uy\u011fun olaraq h\u0259yata ke\u00e7irildiyini vurqulam\u0131\u015fd\u0131r.<\/p>\n\n\n\n<p>Anla\u015fma Memorandumu haq\u0131nda dan\u0131\u015fan s\u0259dr burada \u0259sas m\u0259qs\u0259d h\u00fcquq\u015f\u00fcnasl\u0131q&nbsp; ixtisas\u0131&nbsp; \u00fczr\u0259 t\u0259hsil alan t\u0259l\u0259b\u0259l\u0259rin, magistrlar\u0131n, doktorantlar\u0131n V\u0259kill\u0259r Kollegiyas\u0131n\u0131n struktur b\u00f6lm\u0259l\u0259rind\u0259 v\u0259 V\u0259kil b\u00fcrolar\u0131nda t\u0259cr\u00fcb\u0259 ke\u00e7m\u0259l\u0259ri, D\u0130A-n\u0131n H\u00fcquq kafedras\u0131n\u0131n metodik materiallar\u0131na, elmi \u0259s\u0259rl\u0259r\u0259, V\u0259kill\u0259r Kollegiyas\u0131 t\u0259r\u0259find\u0259n haz\u0131rlanm\u0131\u015f v\u0259saitl\u0259r\u0259 D\u0130A-n\u0131n H\u00fcquq kafedras\u0131 \u0259m\u0259kda\u015flar\u0131 tar\u0259find\u0259n r\u0259yl\u0259rin, t\u00f6vsiy\u0259l\u0259rin verilm\u0259si, h\u00fcquq t\u0259dbiqi f\u0259aliyy\u0259td\u0259 daha \u00e7ox rast g\u0259lin\u0259n probleml\u0259rin h\u0259lli m\u0259qs\u0259di il\u0259 birg\u0259 elmi-praktiki ara\u015fd\u0131rmalar\u0131n apar\u0131lmas\u0131, V\u0259kill\u0259r Kollegiyas\u0131n\u0131n \u00fczvl\u0259rinin D\u0130A-da h\u00fcquq\u015f\u00fcnaslar\u0131n haz\u0131rl\u0131\u011f\u0131 prosesind\u0259 i\u015ftirak edilm\u0259si v\u0259 sair m\u0259s\u0259l\u0259l\u0259r n\u0259z\u0259rd\u0259 tutulmu\u015fdur.<\/p>\n\n\n\n<p>T\u0259dbirin sonunda Az\u0259rbaycan Respublikas\u0131n\u0131n Prezidenti yan\u0131nda D\u00f6vl\u0259t \u0130dar\u0259\u00e7ilik Akademiyas\u0131 il\u0259 Az\u0259rbaycan Respublikas\u0131n\u0131n V\u0259kill\u0259r Kollegiyas\u0131 aras\u0131nda Anla\u015fma Memorandumu imzaland\u0131. D\u0130A-n\u0131n kitabxanas\u0131na h\u00fcquq sah\u0259si il\u0259 ba\u011fl\u0131 bir s\u0131ra kitablar h\u0259diy\u0259 edildi.<\/p>\n\n\n\n<p><\/p>\n\n\n\n<figure class=\"wp-container-2 wp-block-gallery-1 wp-block-gallery columns-3 is-cropped\"><ul class=\"blocks-gallery-grid\"><li class=\"blocks-gallery-item\"><figure><img width=\"640\" height=\"424\" src=\"https:\/\/dia.edu.az\/wp-content\/uploads\/2021\/03\/DSC_2032.jpg\" alt=\"\" data-id=\"13068\" data-full-url=\"https:\/\/dia.edu.az\/wp-content\/uploads\/2021\/03\/DSC_2032.jpg\" data-link=\"https:\/\/dia.edu.az\/?attachment_id=13068\" class=\"wp-image-13068\" srcset=\"https:\/\/legacy.dia.edu.az\/wp-content\/uploads\/2021\/03\/DSC_2032.jpg 640w, https:\/\/legacy.dia.edu.az\/wp-content\/uploads\/2021\/03\/DSC_2032-300x199.jpg 300w, https:\/\/legacy.dia.edu.az\/wp-content\/uploads\/2021\/03\/DSC_2032-16x12.jpg 16w, https:\/\/legacy.dia.edu.az\/wp-content\/uploads\/2021\/03\/DSC_2032-150x100.jpg 150w, https:\/\/legacy.dia.edu.az\/wp-content\/uploads\/2021\/03\/DSC_2032-300x199@2x.jpg 600w\" sizes=\"(max-width: 640px) 100vw, 640px\" \/><\/figure><\/li><li class=\"blocks-gallery-item\"><figure><img width=\"1024\" height=\"678\" src=\"https:\/\/dia.edu.az\/wp-content\/uploads\/2021\/03\/DSC_2037-1024x678.jpg\" alt=\"\" data-id=\"13069\" data-full-url=\"https:\/\/dia.edu.az\/wp-content\/uploads\/2021\/03\/DSC_2037.jpg\" data-link=\"https:\/\/dia.edu.az\/?attachment_id=13069\" class=\"wp-image-13069\" srcset=\"https:\/\/legacy.dia.edu.az\/wp-content\/uploads\/2021\/03\/DSC_2037-1024x678.jpg 1024w, https:\/\/legacy.dia.edu.az\/wp-content\/uploads\/2021\/03\/DSC_2037-300x199.jpg 300w, https:\/\/legacy.dia.edu.az\/wp-content\/uploads\/2021\/03\/DSC_2037-1536x1017.jpg 1536w, https:\/\/legacy.dia.edu.az\/wp-content\/uploads\/2021\/03\/DSC_2037-16x12.jpg 16w, https:\/\/legacy.dia.edu.az\/wp-content\/uploads\/2021\/03\/DSC_2037-150x100.jpg 150w, https:\/\/legacy.dia.edu.az\/wp-content\/uploads\/2021\/03\/DSC_2037.jpg 1848w, https:\/\/legacy.dia.edu.az\/wp-content\/uploads\/2021\/03\/DSC_2037-300x199@2x.jpg 600w\" sizes=\"(max-width: 1024px) 100vw, 1024px\" \/><\/figure><\/li><li class=\"blocks-gallery-item\"><figure><img width=\"640\" height=\"424\" src=\"https:\/\/dia.edu.az\/wp-content\/uploads\/2021\/03\/DSC_2041.jpg\" alt=\"\" data-id=\"13070\" data-full-url=\"https:\/\/dia.edu.az\/wp-content\/uploads\/2021\/03\/DSC_2041.jpg\" data-link=\"https:\/\/dia.edu.az\/?attachment_id=13070\" class=\"wp-image-13070\" srcset=\"https:\/\/legacy.dia.edu.az\/wp-content\/uploads\/2021\/03\/DSC_2041.jpg 640w, https:\/\/legacy.dia.edu.az\/wp-content\/uploads\/2021\/03\/DSC_2041-300x199.jpg 300w, https:\/\/legacy.dia.edu.az\/wp-content\/uploads\/2021\/03\/DSC_2041-16x12.jpg 16w, https:\/\/legacy.dia.edu.az\/wp-content\/uploads\/2021\/03\/DSC_2041-150x100.jpg 150w, https:\/\/legacy.dia.edu.az\/wp-content\/uploads\/2021\/03\/DSC_2041-300x199@2x.jpg 600w\" sizes=\"(max-width: 640px) 100vw, 640px\" \/><\/figure><\/li><li class=\"blocks-gallery-item\"><figure><img width=\"1024\" height=\"678\" src=\"https:\/\/dia.edu.az\/wp-content\/uploads\/2021\/03\/DSC_2075-1024x678.jpg\" alt=\"\" data-id=\"13071\" data-full-url=\"https:\/\/dia.edu.az\/wp-content\/uploads\/2021\/03\/DSC_2075.jpg\" data-link=\"https:\/\/dia.edu.az\/?attachment_id=13071\" class=\"wp-image-13071\" srcset=\"https:\/\/legacy.dia.edu.az\/wp-content\/uploads\/2021\/03\/DSC_2075-1024x678.jpg 1024w, https:\/\/legacy.dia.edu.az\/wp-content\/uploads\/2021\/03\/DSC_2075-300x199.jpg 300w, https:\/\/legacy.dia.edu.az\/wp-content\/uploads\/2021\/03\/DSC_2075-1536x1017.jpg 1536w, https:\/\/legacy.dia.edu.az\/wp-content\/uploads\/2021\/03\/DSC_2075-16x12.jpg 16w, https:\/\/legacy.dia.edu.az\/wp-content\/uploads\/2021\/03\/DSC_2075-150x100.jpg 150w, https:\/\/legacy.dia.edu.az\/wp-content\/uploads\/2021\/03\/DSC_2075.jpg 1848w, https:\/\/legacy.dia.edu.az\/wp-content\/uploads\/2021\/03\/DSC_2075-300x199@2x.jpg 600w\" sizes=\"(max-width: 1024px) 100vw, 1024px\" \/><\/figure><\/li><li class=\"blocks-gallery-item\"><figure><img width=\"1024\" height=\"678\" src=\"https:\/\/dia.edu.az\/wp-content\/uploads\/2021\/03\/DSC_2078-1024x678.jpg\" alt=\"\" data-id=\"13072\" data-full-url=\"https:\/\/dia.edu.az\/wp-content\/uploads\/2021\/03\/DSC_2078.jpg\" data-link=\"https:\/\/dia.edu.az\/?attachment_id=13072\" class=\"wp-image-13072\" srcset=\"https:\/\/legacy.dia.edu.az\/wp-content\/uploads\/2021\/03\/DSC_2078-1024x678.jpg 1024w, https:\/\/legacy.dia.edu.az\/wp-content\/uploads\/2021\/03\/DSC_2078-300x199.jpg 300w, https:\/\/legacy.dia.edu.az\/wp-content\/uploads\/2021\/03\/DSC_2078-1536x1017.jpg 1536w, https:\/\/legacy.dia.edu.az\/wp-content\/uploads\/2021\/03\/DSC_2078-16x12.jpg 16w, https:\/\/legacy.dia.edu.az\/wp-content\/uploads\/2021\/03\/DSC_2078-150x100.jpg 150w, https:\/\/legacy.dia.edu.az\/wp-content\/uploads\/2021\/03\/DSC_2078.jpg 1848w, https:\/\/legacy.dia.edu.az\/wp-content\/uploads\/2021\/03\/DSC_2078-300x199@2x.jpg 600w\" sizes=\"(max-width: 1024px) 100vw, 1024px\" \/><\/figure><\/li><\/ul><\/figure>","protected":false},"excerpt":{"rendered":"<p>Az\u0259rbaycan Respublikas\u0131n\u0131n Prezidenti yan\u0131nda D\u00f6vl\u0259t \u0130dar\u0259\u00e7ilik Akademiyas\u0131 v\u0259 Az\u0259rbaycan Respublikas\u0131n\u0131n V\u0259kill\u0259r Kollegiyas\u0131 aras\u0131nda \u0259m\u0259kda\u015fl\u0131\u011fa dair memorandum imzalan\u0131b Mart\u0131n 18-d\u0259 Az\u0259rbaycan Respublikas\u0131n\u0131n Prezidenti yan\u0131nda D\u00f6vl\u0259t \u0130dar\u0259\u00e7ilik Akademiyas\u0131 (D\u0130A) il\u0259 Az\u0259rbaycan Respublikas\u0131n\u0131n V\u0259kill\u0259r Kollegiyas\u0131 aras\u0131nda Anla\u015fma Memorandumu imzalan\u0131b. \u0130lk \u00f6nc\u0259 Ulu \u00d6nd\u0259rin D\u0130A-dak\u0131 b\u00fcstu ziyar\u0259t edildi. Daha sonra Heyd\u0259r \u018fliyev D\u00f6vl\u0259t \u0130dar\u0259\u00e7ilik M\u0259kt\u0259bi il\u0259 tan\u0131\u015fl\u0131q oldu. Memorandumu [&hellip;]<\/p>","protected":false},"author":2,"featured_media":13072,"comment_status":"closed","ping_status":"closed","sticky":false,"template":"","format":"standard","meta":[],"categories":[137],"tags":[],"_links":{"self":[{"href":"https:\/\/legacy.dia.edu.az\/ru\/wp-json\/wp\/v2\/posts\/13067"}],"collection":[{"href":"https:\/\/legacy.dia.edu.az\/ru\/wp-json\/wp\/v2\/posts"}],"about":[{"href":"https:\/\/legacy.dia.edu.az\/ru\/wp-json\/wp\/v2\/types\/post"}],"author":[{"embeddable":true,"href":"https:\/\/legacy.dia.edu.az\/ru\/wp-json\/wp\/v2\/users\/2"}],"replies":[{"embeddable":true,"href":"https:\/\/legacy.dia.edu.az\/ru\/wp-json\/wp\/v2\/comments?post=13067"}],"version-history":[{"count":0,"href":"https:\/\/legacy.dia.edu.az\/ru\/wp-json\/wp\/v2\/posts\/13067\/revisions"}],"wp:featuredmedia":[{"embeddable":true,"href":"https:\/\/legacy.dia.edu.az\/ru\/wp-json\/wp\/v2\/media\/13072"}],"wp:attachment":[{"href":"https:\/\/legacy.dia.edu.az\/ru\/wp-json\/wp\/v2\/media?parent=13067"}],"wp:term":[{"taxonomy":"category","embeddable":true,"href":"https:\/\/legacy.dia.edu.az\/ru\/wp-json\/wp\/v2\/categories?post=13067"},{"taxonomy":"post_tag","embeddable":true,"href":"https:\/\/legacy.dia.edu.az\/ru\/wp-json\/wp\/v2\/tags?post=13067"}],"curies":[{"name":"wp","href":"https:\/\/api.w.org\/{rel}","templated":true}]}}