{"id":13038,"date":"2014-10-29T12:32:00","date_gmt":"2014-10-29T09:32:00","guid":{"rendered":"https:\/\/dia.edu.az\/?p=13038"},"modified":"2021-03-17T12:34:06","modified_gmt":"2021-03-17T09:34:06","slug":"oktyabrin-27-d%c9%99-az%c9%99rbaycan-respublikasinin-prezidenti-yaninda-dovl%c9%99t-idar%c9%99cilik-akademiyasinda-dia-birl%c9%99smis-mill%c9%99tl%c9%99r-t%c9%99skilatinin-bmt-ictimai-informasiya-2","status":"publish","type":"post","link":"https:\/\/legacy.dia.edu.az\/ru\/arxivl\u0259r\/13038","title":{"rendered":"Oktyabr\u0131n 27-d\u0259 Az\u0259rbaycan Respublikas\u0131n\u0131n Prezidenti yan\u0131nda D\u00f6vl\u0259t \u0130dar\u0259\u00e7ilik Akademiyas\u0131nda (D\u0130A) Birl\u0259\u015fmi\u015f Mill\u0259tl\u0259r T\u0259\u015fkilat\u0131n\u0131n (BMT) \u0130ctimai \u0130nformasiya Departamentinin r\u0259hb\u0259ri c\u0259nab Maher Nasser il\u0259 g\u00f6r\u00fc\u015f ke\u00e7irilmi\u015fdir."},"content":{"rendered":"<p><strong>Oktyabr\u0131n 27-d\u0259 Az\u0259rbaycan Respublikas\u0131n\u0131n Prezidenti yan\u0131nda D\u00f6vl\u0259t \u0130dar\u0259\u00e7ilik Akademiyas\u0131nda (D\u0130A) Birl\u0259\u015fmi\u015f Mill\u0259tl\u0259r T\u0259\u015fkilat\u0131n\u0131n (BMT) \u0130ctimai \u0130nformasiya Departamentinin r\u0259hb\u0259ri c\u0259nab Maher Nasser il\u0259 g\u00f6r\u00fc\u015f ke\u00e7irilmi\u015fdir.<\/strong><br><em>Okt 29 , 2014 &#8211; 10:07<\/em><\/p>\n\n\n\n<p>G\u00f6r\u00fc\u015fd\u0259 Akademiyan\u0131n professor-m\u00fc\u0259llim hey\u0259ti, bakalavriat, magistratura s\u0259viyy\u0259l\u0259rind\u0259 t\u0259hsil alan&nbsp; t\u0259l\u0259b\u0259l\u0259r v\u0259 doktorantlar i\u015ftirak etmi\u015fl\u0259r.&nbsp; Rektor, akademik Urxan \u018fl\u0259kb\u0259rov c\u0259nab Maher Nasseri salamlam\u0131\u015f, D\u0130A-n\u0131n&nbsp; kadr haz\u0131rl\u0131\u011f\u0131 sah\u0259sind\u0259ki&nbsp; f\u0259aliyy\u0259ti, h\u0259d\u0259fl\u0259ri v\u0259 \u0259ld\u0259 edil\u0259n u\u011furlardan s\u00f6z a\u00e7m\u0131\u015fd\u0131r. O, Az\u0259rbaycan Respublikas\u0131 Prezidenti c\u0259nab \u0130lham \u018fliyev t\u0259r\u0259find\u0259n apar\u0131lan s\u0259m\u0259r\u0259li islahatlar v\u0259 h\u0259yata ke\u00e7iril\u0259n t\u0259dbirl\u0259r n\u0259tic\u0259sind\u0259 \u00f6lk\u0259nin \u0259ld\u0259&nbsp; etdiyi y\u00fcks\u0259k inki\u015faf tempi, beyn\u0259lxalq arenada \u0259ld\u0259 edil\u0259n nailiyy\u0259tl\u0259r, y\u00fcks\u0259k bilik v\u0259 bacar\u0131\u011fa malik&nbsp; olan yeni n\u0259slin formala\u015fmas\u0131n\u0131n, d\u00f6vl\u0259t siyas\u0259tinin \u0259sas istiqam\u0259tl\u0259rind\u0259n biri oldu\u011funu diqq\u0259t\u0259&nbsp; \u00e7atd\u0131rm\u0131\u015f, son d\u00f6vrd\u0259 \u00f6lk\u0259 prezidentinin \u201cQara q\u0131z\u0131l\u0131n insan kapital\u0131na \u00e7evrilm\u0259si\u201d istiqam\u0259tind\u0259 h\u0259yata&nbsp; ke\u00e7irdiyi f\u0259aliyy\u0259tin \u00f6lk\u0259nin inki\u015faf\u0131na y\u00f6n\u0259ldiyi vur\u011fulanm\u0131\u015f, son ill\u0259rd\u0259 davaml\u0131 inki\u015faf g\u00f6st\u0259rcil\u0259rind\u0259&nbsp; Az\u0259rbaycan Respublikas\u0131n\u0131n Avropa \u00f6lk\u0259l\u0259rinin \u00e7oxundan daha y\u00fcks\u0259k n\u0259tic\u0259l\u0259r \u0259ld\u0259 etdiyin\u0259 diqq\u0259t&nbsp; \u00e7\u0259kmi\u015fdir. Rektor, h\u0259m\u00e7inin&nbsp; BMT il\u0259 olan \u0259m\u0259kda\u015fl\u0131\u011f\u0131n \u0259h\u0259miyy\u0259tini vur\u011fulam\u0131\u015f v\u0259 BMT t\u0259r\u0259find\u0259n&nbsp; apar\u0131lan iqtisadi, humanitar v\u0259 sosial i\u015fl\u0259rin inki\u015faf\u0131nda ikit\u0259r\u0259fli \u0259laq\u0259l\u0259rinin qurulmas\u0131nda maraql\u0131&nbsp; olduqlar\u0131n\u0131 bildirmi\u015fdir.&nbsp;<\/p>\n\n\n\n<p>Birl\u0259\u015fmi\u015f mill\u0259tl\u0259r t\u0259\u015fkilat\u0131n\u0131n (BMT) \u0130ctimai \u0130nformasiya Departamentinin r\u0259hb\u0259ri c\u0259nab Maher&nbsp; Nasser \u00f6z n\u00f6vb\u0259sind\u0259 g\u00f6r\u00fc\u015f i\u015ftirak\u00e7\u0131lar\u0131n\u0131 salamlam\u0131\u015f, BMT-nin d\u00fcnyada informasiya v\u0259 humanitar&nbsp; sah\u0259d\u0259 h\u0259yata ke\u00e7irdiyi t\u0259dbirl\u0259r hakq\u0131nda m\u0259lumat vermi\u015fdir. El\u0259c\u0259d\u0259 c\u0259nab Maher Nasser bu g\u00fcn\u0259 &nbsp;q\u0259d\u0259r d\u00fcnyada BMT t\u0259r\u0259find\u0259n elm, t\u0259hsil, s\u0259hiyy\u0259, informasiya v\u0259 dig\u0259r sah\u0259l\u0259rd\u0259 g\u00f6r\u00fcl\u0259n i\u015fl\u0259rd\u0259n, &nbsp;iqtisadi inki\u015faf\u0131ndan \u0259trafl\u0131 dan\u0131\u015fm\u0131\u015fd\u0131r. O, d\u00fcnyan\u0131n m\u00fcxt\u0259lif b\u00f6lg\u0259l\u0259rind\u0259 ba\u015f ver\u0259n konfliktl\u0259rd\u0259n,&nbsp; dinin f\u0259rqli interpretasiya edilm\u0259sind\u0259n, d\u00fcnyadak\u0131 yeni \u00e7a\u011fr\u0131\u015flardan, humanitar f\u0259lak\u0259tl\u0259rd\u0259n b\u0259hs ed\u0259r\u0259k&nbsp; b\u00fct\u00fcn bunlarla m\u00fcbariz\u0259d\u0259 BMT-nin rolunu v\u0259 qar\u015f\u0131la\u015f\u0131lan probleml\u0259ri auditoriyan\u0131n n\u0259z\u0259rin\u0259&nbsp; \u00e7atd\u0131rm\u0131\u015fd\u0131r. \u00dcm\u00fcm d\u00fcnya yoxsullu\u011funun aradan qald\u0131r\u0131lmas\u0131nda BMT-na ba\u011fl\u0131 \u00dcm\u00fcmd\u00fcnya \u018frzaq&nbsp; T\u0259\u015fkilat\u0131n\u0131n g\u00f6rd\u00fcy\u00fc i\u015fl\u0259rin \u00f6n\u0259min\u0259 diqq\u0259t \u00e7\u0259kmi\u015f, bu kimi t\u0259\u015fkilatlar\u0131n i\u015fl\u0259rinin koordinasiyas\u0131na BMT&nbsp; t\u0259r\u0259find\u0259n g\u00f6st\u0259ril\u0259n d\u0259st\u0259kd\u0259n b\u0259hs etmi\u015fdir. C\u0259nab Nasser, h\u0259m\u00e7inin Az\u0259rbaycan Respublikas\u0131nda&nbsp; BMT-n\u0131n layiqli i\u015f imkanlar\u0131n\u0131n geni\u015fl\u0259nm\u0259si v\u0259 ya\u015fay\u0131\u015f standartlar\u0131 v\u0259 m\u0259\u015f\u011fulluq sah\u0259sind\u0259 regional&nbsp; f\u0259rqliliyin aradan qald\u0131r\u0131lmas\u0131nda ba\u015fl\u0131ca rol oynayan Az\u0259rbaycan iqtisadiyyat\u0131n\u0131n \u015fax\u0259l\u0259ndirilm\u0259sini&nbsp; d\u0259st\u0259kl\u0259dikl\u0259rini vurqulam\u0131\u015fd\u0131r. BMT h\u0259m\u00e7inin \u0259traf m\u00fchitin dayan\u0131ql\u0131l\u0131\u011f\u0131 strategiyalar\u0131n\u0131 t\u0259\u015fviq etdiyini&nbsp; v\u0259 bunun kimi t\u0259\u015f\u0259bb\u00fcsl\u0259rin ekoloji h\u0259ssas \u0259halinin iqlim d\u0259yi\u015fikliyi t\u0259sir\u0259lrin\u0259 qar\u015f\u0131 g\u00fccl\u0259ndir\u0259c\u0259yini&nbsp; bildirmi\u015fdir.&nbsp;<\/p>\n\n\n\n<p>C\u0259nab Maher Nasser\u00a0 g\u00f6r\u00fc\u015fm\u0259nin sonunda BMT Az\u0259rbaycanla h\u0259m d\u00f6vl\u0259t, h\u0259m d\u0259 ictimai qurumlar\u00a0 s\u0259viyy\u0259sind\u0259 geni\u015f spektrl\u0131 \u0259laq\u0259l\u0259r qurmas\u0131nda maraql\u0131 t\u0259r\u0259f oldu\u011funu bildirmi\u015fdir. O, bu g\u00fcnki g\u00f6r\u00fc\u015f\u00fc\u00a0 tan\u0131\u015fl\u0131q v\u0259 maraql\u0131 fikir m\u00fcbadil\u0259si \u015f\u0259raitind\u0259 ke\u00e7diyini v\u0259 bu g\u00f6r\u00fc\u015f\u00fcn \u0259h\u0259miyy\u0259tli n\u0259tic\u0259si olaca\u011f\u0131na\u00a0 \u0259minliyini bildirmi\u015fdir. Sonda C\u0259nab Nasser auditoriyan\u0131n suallar\u0131n\u0131 cavabland\u0131rm\u0131\u015fd\u0131r.\u00a0<\/p>\n\n\n\n<p><\/p>\n\n\n\n<figure class=\"wp-container-2 wp-block-gallery-1 wp-block-gallery columns-1 is-cropped\"><ul class=\"blocks-gallery-grid\"><li class=\"blocks-gallery-item\"><figure><img width=\"640\" height=\"426\" src=\"https:\/\/dia.edu.az\/wp-content\/uploads\/2021\/03\/BMT2014.jpg\" alt=\"\" data-id=\"13039\" data-full-url=\"https:\/\/dia.edu.az\/wp-content\/uploads\/2021\/03\/BMT2014.jpg\" data-link=\"https:\/\/dia.edu.az\/?attachment_id=13039\" class=\"wp-image-13039\" srcset=\"https:\/\/legacy.dia.edu.az\/wp-content\/uploads\/2021\/03\/BMT2014.jpg 640w, https:\/\/legacy.dia.edu.az\/wp-content\/uploads\/2021\/03\/BMT2014-300x200.jpg 300w, https:\/\/legacy.dia.edu.az\/wp-content\/uploads\/2021\/03\/BMT2014-16x12.jpg 16w, https:\/\/legacy.dia.edu.az\/wp-content\/uploads\/2021\/03\/BMT2014-150x100.jpg 150w, https:\/\/legacy.dia.edu.az\/wp-content\/uploads\/2021\/03\/BMT2014-300x200@2x.jpg 600w\" sizes=\"(max-width: 640px) 100vw, 640px\" \/><\/figure><\/li><\/ul><\/figure>","protected":false},"excerpt":{"rendered":"<p>Oktyabr\u0131n 27-d\u0259 Az\u0259rbaycan Respublikas\u0131n\u0131n Prezidenti yan\u0131nda D\u00f6vl\u0259t \u0130dar\u0259\u00e7ilik Akademiyas\u0131nda (D\u0130A) Birl\u0259\u015fmi\u015f Mill\u0259tl\u0259r T\u0259\u015fkilat\u0131n\u0131n (BMT) \u0130ctimai \u0130nformasiya Departamentinin r\u0259hb\u0259ri c\u0259nab Maher Nasser il\u0259 g\u00f6r\u00fc\u015f ke\u00e7irilmi\u015fdir.Okt 29 , 2014 &#8211; 10:07 G\u00f6r\u00fc\u015fd\u0259 Akademiyan\u0131n professor-m\u00fc\u0259llim hey\u0259ti, bakalavriat, magistratura s\u0259viyy\u0259l\u0259rind\u0259 t\u0259hsil alan&nbsp; t\u0259l\u0259b\u0259l\u0259r v\u0259 doktorantlar i\u015ftirak etmi\u015fl\u0259r.&nbsp; Rektor, akademik Urxan \u018fl\u0259kb\u0259rov c\u0259nab Maher Nasseri salamlam\u0131\u015f, D\u0130A-n\u0131n&nbsp; kadr haz\u0131rl\u0131\u011f\u0131 sah\u0259sind\u0259ki&nbsp; [&hellip;]<\/p>","protected":false},"author":2,"featured_media":13039,"comment_status":"closed","ping_status":"closed","sticky":false,"template":"","format":"standard","meta":[],"categories":[137],"tags":[],"_links":{"self":[{"href":"https:\/\/legacy.dia.edu.az\/ru\/wp-json\/wp\/v2\/posts\/13038"}],"collection":[{"href":"https:\/\/legacy.dia.edu.az\/ru\/wp-json\/wp\/v2\/posts"}],"about":[{"href":"https:\/\/legacy.dia.edu.az\/ru\/wp-json\/wp\/v2\/types\/post"}],"author":[{"embeddable":true,"href":"https:\/\/legacy.dia.edu.az\/ru\/wp-json\/wp\/v2\/users\/2"}],"replies":[{"embeddable":true,"href":"https:\/\/legacy.dia.edu.az\/ru\/wp-json\/wp\/v2\/comments?post=13038"}],"version-history":[{"count":0,"href":"https:\/\/legacy.dia.edu.az\/ru\/wp-json\/wp\/v2\/posts\/13038\/revisions"}],"wp:featuredmedia":[{"embeddable":true,"href":"https:\/\/legacy.dia.edu.az\/ru\/wp-json\/wp\/v2\/media\/13039"}],"wp:attachment":[{"href":"https:\/\/legacy.dia.edu.az\/ru\/wp-json\/wp\/v2\/media?parent=13038"}],"wp:term":[{"taxonomy":"category","embeddable":true,"href":"https:\/\/legacy.dia.edu.az\/ru\/wp-json\/wp\/v2\/categories?post=13038"},{"taxonomy":"post_tag","embeddable":true,"href":"https:\/\/legacy.dia.edu.az\/ru\/wp-json\/wp\/v2\/tags?post=13038"}],"curies":[{"name":"wp","href":"https:\/\/api.w.org\/{rel}","templated":true}]}}