{"id":13034,"date":"2014-11-04T12:29:00","date_gmt":"2014-11-04T09:29:00","guid":{"rendered":"https:\/\/dia.edu.az\/?p=13034"},"modified":"2021-03-17T12:30:38","modified_gmt":"2021-03-17T09:30:38","slug":"dovl%c9%99t-idar%c9%99cilik-akademiyasinda-%c9%99li-b%c9%99y-huseynzad%c9%99nin-anadan-olmasinin-150-illiyin%c9%99-h%c9%99sr-olunmus-elmi-praktik-konfrans-kecirilib","status":"publish","type":"post","link":"https:\/\/legacy.dia.edu.az\/ru\/arxivl\u0259r\/13034","title":{"rendered":"D\u00f6vl\u0259t \u0130dar\u0259\u00e7ilik Akademiyas\u0131nda \u018fli b\u0259y H\u00fcseynzad\u0259nin anadan olmas\u0131n\u0131n 150 illiyin\u0259 h\u0259sr olunmu\u015f elmi-praktik konfrans ke\u00e7irilib"},"content":{"rendered":"<p><strong>D\u00f6vl\u0259t \u0130dar\u0259\u00e7ilik Akademiyas\u0131nda \u018fli b\u0259y H\u00fcseynzad\u0259nin anadan olmas\u0131n\u0131n 150 illiyin\u0259 h\u0259sr olunmu\u015f elmi-praktik konfrans ke\u00e7irilib<\/strong><br><em>Noy 04 , 2014 &#8211; 01:21<\/em><\/p>\n\n\n\n<p>Az\u0259rbaycan Respublikas\u0131n\u0131n Prezidenti yan\u0131nda D\u00f6vl\u0259t \u0130dar\u0259\u00e7ilik Akademiyas\u0131nda \u018fli b\u0259y H\u00fcseynzad\u0259nin anadan olmas\u0131n\u0131n 150 illiyin\u0259 h\u0259sr olunmu\u015f elmi-praktik konfrans ke\u00e7irilib.&nbsp;<\/p>\n\n\n\n<p>Elmi-praktik konfrans\u0131 Akademiyas\u0131 rektoru, akademik Urxan \u018fl\u0259kb\u0259rov a\u00e7araq, \u018fli b\u0259y H\u00fcseynzad\u0259nin 150 illik yubileyinin ke\u00e7irilm\u0259si haqq\u0131nda Prezident \u0130lham \u018fliyevin S\u0259r\u0259ncam\u0131n\u0131 xat\u0131rlatm\u0131\u015f, onun xalq\u0131m\u0131z\u0131n tarixi \u015f\u0259xsiyy\u0259tl\u0259rinin xatir\u0259sinin uca tutulmas\u0131na x\u00fcsusi diqq\u0259t g\u00f6st\u0259rdiyini bildirmi\u015fdir.&nbsp;Rektor Az\u0259rbaycan\u0131n g\u00f6rk\u0259mli d\u00f6vl\u0259t v\u0259 ictimai xadiml\u0259rind\u0259n biri olan \u018fli b\u0259y H\u00fcseynzad\u0259nin h\u0259yat v\u0259 f\u0259aliyy\u0259ti haqq\u0131nda fikirl\u0259rini b\u00f6l\u00fc\u015fm\u00fc\u015fd\u00fcr. Rektor qeyd etmi\u015fdir ki, T\u00fcrk xalqlar\u0131n\u0131n m\u0259d\u0259ni inteqrasiyas\u0131n\u0131n m\u0259fkur\u0259 kimi t\u0259\u015f\u0259kk\u00fcl tapmas\u0131nda m\u00fch\u00fcm rol oynayan, m\u00fcasir c\u0259miyy\u0259t quruculu\u011funda demokratik prinsipl\u0259rin \u0259n\u0259n\u0259vi d\u0259y\u0259rl\u0259r z\u0259minind\u0259 b\u0259rq\u0259rar olmas\u0131n\u0131n vacibliyini ir\u0259li s\u00fcr\u0259n v\u0259 m\u00fcst\u0259qil milli d\u00f6vl\u0259t\u00e7iliyin n\u0259z\u0259ri \u0259saslar\u0131n\u0131n i\u015fl\u0259nib haz\u0131rlanmas\u0131nda yax\u0131ndan i\u015ftirak ed\u0259n, el\u0259c\u0259 d\u0259 \u00e7ox\u015fax\u0259li f\u0259aliyy\u0259ti boyunca yaratd\u0131\u011f\u0131 z\u0259ngin f\u0259ls\u0259fi-publisistik, \u0259d\u0259bi-elmi irsi say\u0259sind\u0259 Az\u0259rbaycan maarif\u00e7iliyi tarixin\u0259 qiym\u0259tli t\u00f6hf\u0259l\u0259r ver\u0259n g\u00f6rk\u0259mli ictimai xadim \u018fli b\u0259y H\u00fcseynzad\u0259 d\u00f6vl\u0259t\u00e7ilik tariximizin \u0259n \u015fanl\u0131 s\u0259hif\u0259l\u0259rind\u0259n birini yaz\u0131b.<\/p>\n\n\n\n<p>Elmi-praktik konfransda \u00e7\u0131x\u0131\u015f ed\u0259n D\u00f6vl\u0259t \u0130dar\u0259\u00e7ilik Akademiyas\u0131n\u0131n m\u00fc\u0259lliml\u0259ri \u201cTarix\u201d kafedras\u0131n\u0131n dosenti, tarix \u00fczr\u0259 f\u0259ls\u0259f\u0259 doktoru, R\u0259na Bayramova \u018fli b\u0259y H\u00fcseynzad\u0259nin h\u0259yat v\u0259 f\u0259aliyy\u0259ti, \u201cF\u0259ls\u0259f\u0259\u201d kafedras\u0131n\u0131n m\u00fcdiri, f\u0259ls\u0259f\u0259 elml\u0259ri doktoru, professor Etibar N\u0259c\u0259fov \u018fli b\u0259y H\u00fcseynzad\u0259 siyasi t\u00fcrk\u00e7\u00fcl\u00fcy\u00fcn g\u00f6rk\u0259mli xadimidir, \u201cTarix\u201d kafedras\u0131n\u0131n m\u00fcdiri tarix \u00fczr\u0259 f\u0259ls\u0259f\u0259 doktoru, dosent Firdovsiyy\u0259 \u018fhm\u0259dova \u018fli b\u0259y H\u00fcseynzad\u0259nin \u201cSiyas\u0259ti-f\u00fcrus\u0259t\u201d \u0259s\u0259ri haqq\u0131nda m\u0259ruz\u0259l\u0259rl\u0259 \u00e7\u0131x\u0131\u015f etmi\u015fl\u0259r. Dig\u0259r \u00e7\u0131x\u0131\u015f\u00e7\u0131lar da \u00f6z nitql\u0259rind\u0259 zaman ke\u00e7dikc\u0259 tariximizin s\u0259hif\u0259l\u0259rinin yad etm\u0259yin, g\u0259l\u0259c\u0259k n\u0259sill\u0259r\u0259 \u00e7atd\u0131r\u0131lmas\u0131n\u0131n vacibliyini bildirmi\u015fl\u0259r. \u00c7\u0131x\u0131\u015flarda\u00a0\u018f.H\u00fcseynzad\u0259nin b\u00fct\u00fcn \u015f\u00fcurlu \u00f6mr\u00fc boyu \u00f6z m\u0259hsuldar q\u0259l\u0259mi il\u0259 \u00fcmumt\u00fcrk m\u0259n\u0259vi d\u0259y\u0259rl\u0259rini t\u0259dqiq v\u0259 t\u0259bli\u011f etmi\u015f, t\u00fcrk\u00fcn t\u0259r\u0259qqisi namin\u0259 \u00f6z parlaq istedad\u0131n\u0131n b\u00fct\u00fcn g\u00fcc\u00fc il\u0259 \u00e7arp\u0131\u015fmas\u0131, onun d\u00f6vr\u00fcn\u00fcn ictimai-siyasi fikrin t\u0259\u015fkili v\u0259 t\u0259nziml\u0259nm\u0259sind\u0259, informasiya m\u00fchitinin formala\u015fmas\u0131nda milli m\u0259tbuat n\u00fcmun\u0259l\u0259rinin formala\u015fmas\u0131nda \u0259h\u0259miyy\u0259tli rol oynad\u0131\u011f\u0131 diqq\u0259t\u0259 \u00e7atdirilmi\u015fd\u0131r. Sonda I kurs t\u0259l\u0259b\u0259si Nigar Osmanova \u018fli b\u0259y H\u00fcseynzad\u0259nin \u015feirini ifa etmi\u015fdir.<\/p>\n\n\n\n<p><\/p>\n\n\n\n<figure class=\"wp-container-2 wp-block-gallery-1 wp-block-gallery columns-2 is-cropped\"><ul class=\"blocks-gallery-grid\"><li class=\"blocks-gallery-item\"><figure><img width=\"640\" height=\"426\" src=\"https:\/\/dia.edu.az\/wp-content\/uploads\/2021\/03\/1-77.jpg\" alt=\"\" data-id=\"13035\" data-full-url=\"https:\/\/dia.edu.az\/wp-content\/uploads\/2021\/03\/1-77.jpg\" data-link=\"https:\/\/dia.edu.az\/?attachment_id=13035\" class=\"wp-image-13035\" srcset=\"https:\/\/legacy.dia.edu.az\/wp-content\/uploads\/2021\/03\/1-77.jpg 640w, https:\/\/legacy.dia.edu.az\/wp-content\/uploads\/2021\/03\/1-77-300x200.jpg 300w, https:\/\/legacy.dia.edu.az\/wp-content\/uploads\/2021\/03\/1-77-16x12.jpg 16w, https:\/\/legacy.dia.edu.az\/wp-content\/uploads\/2021\/03\/1-77-150x100.jpg 150w, https:\/\/legacy.dia.edu.az\/wp-content\/uploads\/2021\/03\/1-77-300x200@2x.jpg 600w\" sizes=\"(max-width: 640px) 100vw, 640px\" \/><\/figure><\/li><li class=\"blocks-gallery-item\"><figure><img width=\"640\" height=\"426\" src=\"https:\/\/dia.edu.az\/wp-content\/uploads\/2021\/03\/2-69.jpg\" alt=\"\" data-id=\"13036\" data-full-url=\"https:\/\/dia.edu.az\/wp-content\/uploads\/2021\/03\/2-69.jpg\" data-link=\"https:\/\/dia.edu.az\/?attachment_id=13036\" class=\"wp-image-13036\" srcset=\"https:\/\/legacy.dia.edu.az\/wp-content\/uploads\/2021\/03\/2-69.jpg 640w, https:\/\/legacy.dia.edu.az\/wp-content\/uploads\/2021\/03\/2-69-300x200.jpg 300w, https:\/\/legacy.dia.edu.az\/wp-content\/uploads\/2021\/03\/2-69-16x12.jpg 16w, https:\/\/legacy.dia.edu.az\/wp-content\/uploads\/2021\/03\/2-69-150x100.jpg 150w, https:\/\/legacy.dia.edu.az\/wp-content\/uploads\/2021\/03\/2-69-300x200@2x.jpg 600w\" sizes=\"(max-width: 640px) 100vw, 640px\" \/><\/figure><\/li><\/ul><\/figure>","protected":false},"excerpt":{"rendered":"<p>D\u00f6vl\u0259t \u0130dar\u0259\u00e7ilik Akademiyas\u0131nda \u018fli b\u0259y H\u00fcseynzad\u0259nin anadan olmas\u0131n\u0131n 150 illiyin\u0259 h\u0259sr olunmu\u015f elmi-praktik konfrans ke\u00e7irilibNoy 04 , 2014 &#8211; 01:21 Az\u0259rbaycan Respublikas\u0131n\u0131n Prezidenti yan\u0131nda D\u00f6vl\u0259t \u0130dar\u0259\u00e7ilik Akademiyas\u0131nda \u018fli b\u0259y H\u00fcseynzad\u0259nin anadan olmas\u0131n\u0131n 150 illiyin\u0259 h\u0259sr olunmu\u015f elmi-praktik konfrans ke\u00e7irilib.&nbsp; Elmi-praktik konfrans\u0131 Akademiyas\u0131 rektoru, akademik Urxan \u018fl\u0259kb\u0259rov a\u00e7araq, \u018fli b\u0259y H\u00fcseynzad\u0259nin 150 illik yubileyinin ke\u00e7irilm\u0259si haqq\u0131nda [&hellip;]<\/p>","protected":false},"author":2,"featured_media":13035,"comment_status":"closed","ping_status":"closed","sticky":false,"template":"","format":"standard","meta":[],"categories":[137],"tags":[],"_links":{"self":[{"href":"https:\/\/legacy.dia.edu.az\/ru\/wp-json\/wp\/v2\/posts\/13034"}],"collection":[{"href":"https:\/\/legacy.dia.edu.az\/ru\/wp-json\/wp\/v2\/posts"}],"about":[{"href":"https:\/\/legacy.dia.edu.az\/ru\/wp-json\/wp\/v2\/types\/post"}],"author":[{"embeddable":true,"href":"https:\/\/legacy.dia.edu.az\/ru\/wp-json\/wp\/v2\/users\/2"}],"replies":[{"embeddable":true,"href":"https:\/\/legacy.dia.edu.az\/ru\/wp-json\/wp\/v2\/comments?post=13034"}],"version-history":[{"count":0,"href":"https:\/\/legacy.dia.edu.az\/ru\/wp-json\/wp\/v2\/posts\/13034\/revisions"}],"wp:featuredmedia":[{"embeddable":true,"href":"https:\/\/legacy.dia.edu.az\/ru\/wp-json\/wp\/v2\/media\/13035"}],"wp:attachment":[{"href":"https:\/\/legacy.dia.edu.az\/ru\/wp-json\/wp\/v2\/media?parent=13034"}],"wp:term":[{"taxonomy":"category","embeddable":true,"href":"https:\/\/legacy.dia.edu.az\/ru\/wp-json\/wp\/v2\/categories?post=13034"},{"taxonomy":"post_tag","embeddable":true,"href":"https:\/\/legacy.dia.edu.az\/ru\/wp-json\/wp\/v2\/tags?post=13034"}],"curies":[{"name":"wp","href":"https:\/\/api.w.org\/{rel}","templated":true}]}}