{"id":13022,"date":"2014-12-05T12:22:00","date_gmt":"2014-12-05T09:22:00","guid":{"rendered":"https:\/\/dia.edu.az\/?p=13022"},"modified":"2021-03-17T12:23:35","modified_gmt":"2021-03-17T09:23:35","slug":"dovl%c9%99t-idar%c9%99cilik-akademiyasinin-regional-iqtisadi-v%c9%99-sosial-arasdirmalar-institutunun-direktoru-%c9%99li-nuriyev-75-illik-yubileyin%c9%99-h%c9%99sr-olunmus-t%c9%99dbir-kecirilmisdir","status":"publish","type":"post","link":"https:\/\/legacy.dia.edu.az\/ru\/arxivl\u0259r\/13022","title":{"rendered":"D\u00f6vl\u0259t \u0130dar\u0259\u00e7ilik Akademiyas\u0131n\u0131n Regional \u0130qtisadi v\u0259 Sosial Ara\u015fd\u0131rmalar \u0130nstitutunun direktoru \u018fli Nuriyev 75 illik yubileyin\u0259 h\u0259sr olunmu\u015f t\u0259dbir ke\u00e7irilmi\u015fdir"},"content":{"rendered":"<p><strong>D\u00f6vl\u0259t \u0130dar\u0259\u00e7ilik Akademiyas\u0131n\u0131n Regional \u0130qtisadi v\u0259 Sosial Ara\u015fd\u0131rmalar \u0130nstitutunun direktoru \u018fli Nuriyev 75 illik yubileyin\u0259 h\u0259sr olunmu\u015f t\u0259dbir ke\u00e7irilmi\u015fdir<\/strong><br><em>Dek 05 , 2014 &#8211; 12:30<\/em><\/p>\n\n\n\n<p>Dekabr\u0131n 5-d\u0259 Az\u0259rbaycan Respublikas\u0131n\u0131n Prezidenti yan\u0131nda D\u00f6vl\u0259t \u0130dar\u0259\u00e7ilik Akademiyas\u0131nda Az\u0259rbaycan Milli Elml\u0259r Akademiyas\u0131n\u0131n m\u00fcxbir \u00fczv\u00fc, iqtisad elml\u0259ri doktoru, professor, \u018fm\u0259kdar elm xadimi, Az\u0259rbaycan Respublikas\u0131n\u0131n Prezidenti yan\u0131nda D\u00f6vl\u0259t \u0130dar\u0259\u00e7ilik Akademiyas\u0131n\u0131n Regional \u0130qtisadi v\u0259 Sosial Ara\u015fd\u0131rmalar \u0130nstitutunun direktoru \u018fli Nuriyev 75illik yubileyin\u0259h\u0259sr olunmu\u015f t\u0259dbir ke\u00e7irilmi\u015fdir.<\/p>\n\n\n\n<p>T\u0259dbiri giri\u015f s\u00f6z\u00fc il\u0259 a\u00e7an&nbsp;D\u0130A-n\u0131n rektoru, akademik Urxan \u018fl\u0259kb\u0259rov t\u0259dbir i\u015ftirak\u00e7\u0131lar\u0131n\u0131 salamlam\u0131\u015f v\u0259 Az\u0259rbaycan Respublikas\u0131n\u0131n Prezidenti yan\u0131nda D\u00f6vl\u0259t \u0130dar\u0259\u00e7ilik Akademiyas\u0131n\u0131n professor-m\u00fc\u0259llim, t\u0259l\u0259b\u0259 v\u0259 m\u00fcdaviml\u0259ri, el\u0259c\u0259 d\u0259 b\u00fct\u00fcn h\u0259mkarlar\u0131 ad\u0131ndan yubilyar\u0131 anadan olma\u011f\u0131n\u0131n 75, elmi-pedoqoji f\u0259aliyy\u0259tinin 50 illiyi m\u00fcnasib\u0259ti il\u0259 t\u0259brik etmi\u015f, m\u00f6hk\u0259m can sa\u011fl\u0131\u011f\u0131, g\u00fcmrahl\u0131q, elmi v\u0259 pedoqoji f\u0259aliyy\u0259tinizd\u0259 yeni u\u011furlar arzulay\u0131m\u0131\u015fd\u0131r.<\/p>\n\n\n\n<p>Daha sonra \u00e7\u0131x\u0131\u015f ed\u0259nl\u0259r respublikam\u0131zda iqtisad elminin v\u0259 t\u0259hsilinin inki\u015faf\u0131na b\u00f6y\u00fck t\u00f6hf\u0259l\u0259r vermi\u015f aliml\u0259r n\u0259slin\u0259 m\u0259nsub olan \u018fli Nuriyevi \u00f6z istedad\u0131, \u0259m\u0259ksev\u0259rliyi say\u0259sind\u0259 m\u00fch\u00fcm nailiyy\u0259tl\u0259r qazanm\u0131s\u0131, 250-a yax\u0131n elmi, elmi-metodiki \u0259s\u0259rin, o c\u00fcml\u0259d\u0259n 16 monoqrafiya v\u0259 kitab\u00e7an\u0131n m\u00fc\u0259llifi, 10 monoqrafiyan\u0131n \u015f\u0259rikli m\u00fc\u0259llifl\u0259rind\u0259n biri kimi \u0259s\u0259rl\u0259ri il\u0259 \u00f6lk\u0259mizin iqtisad elminin inki\u015faf\u0131na t\u00f6hf\u0259l\u0259r verdiyini qeyd etmi\u015fl\u0259r. Yubilyar\u0131n \u201cAz\u0259rbaycanda iqtisadi inki\u015faf v\u0259 modernl\u0259\u015fm\u0259 siyas\u0259tinin konseptual \u0259saslar\u0131\u201d, \u201cRegional siyas\u0259t v\u0259 idar\u0259etm\u0259\u201d, \u201cRegional siyas\u0259t v\u0259 idar\u0259etm\u0259nin \u0259saslar\u0131\u201d, \u201cAz\u0259rbaycan Respublikas\u0131n\u0131n b\u00f6hran v\u0259ziyy\u0259tind\u0259n \u00e7\u0131xmas\u0131 v\u0259 inki\u015faf\u0131n\u0131n prinsipial m\u0259s\u0259l\u0259l\u0259ri\u201d, \u201cAnam\u0131n h\u0259yat f\u0259ls\u0259f\u0259si\u201d, \u201c\u0130nsan v\u0259 h\u0259yat f\u0259ls\u0259f\u0259si\u201d, \u201c\u00d6m\u00fcr, \u00f6l\u00fcm v\u0259 h\u0259yat\u201d, \u201cAil\u0259, t\u0259hsil v\u0259 milli-m\u0259\u00adn\u0259vi d\u0259y\u0259rl\u0259r\u201d adl\u0131 \u0259s\u0259rl\u0259rinin geni\u015f oxucu k\u00fctl\u0259si v\u0259 iqtisadiyyat sah\u0259sind\u0259 \u00e7al\u0131\u015fan m\u00fct\u0259x\u0259ssisl\u0259r t\u0259r\u0259find\u0259n b\u00f6y\u00fck maraqla qar\u015f\u0131lanmas\u0131n\u0131 onun yarad\u0131c\u0131l\u0131\u011f\u0131n\u0131n z\u0259nginliyi kimi vur\u011fulad\u0131lar.<\/p>\n\n\n\n<p>Yubiley t\u0259dbirind\u0259\u00a0\u018fli Nuriyevi tan\u0131yan, onunla uzun ill\u0259r dostluq ed\u0259n insanlar onun y\u00fcks\u0259k m\u0259d\u0259niyy\u0259tind\u0259n, s\u0259mimiliyind\u0259n, qay\u011f\u0131ke\u015fliyind\u0259n dan\u0131\u015fm\u0131\u015f, ona \u00f6z h\u00f6rm\u0259t v\u0259 arzular\u0131n\u0131 bildirmi\u015fl\u0259r.<\/p>\n\n\n\n<p><\/p>\n\n\n\n<figure class=\"wp-container-2 wp-block-gallery-1 wp-block-gallery columns-3 is-cropped\"><ul class=\"blocks-gallery-grid\"><li class=\"blocks-gallery-item\"><figure><img width=\"640\" height=\"426\" src=\"https:\/\/dia.edu.az\/wp-content\/uploads\/2021\/03\/ELI.jpg\" alt=\"\" data-id=\"13023\" data-full-url=\"https:\/\/dia.edu.az\/wp-content\/uploads\/2021\/03\/ELI.jpg\" data-link=\"https:\/\/dia.edu.az\/?attachment_id=13023\" class=\"wp-image-13023\" srcset=\"https:\/\/legacy.dia.edu.az\/wp-content\/uploads\/2021\/03\/ELI.jpg 640w, https:\/\/legacy.dia.edu.az\/wp-content\/uploads\/2021\/03\/ELI-300x200.jpg 300w, https:\/\/legacy.dia.edu.az\/wp-content\/uploads\/2021\/03\/ELI-16x12.jpg 16w, https:\/\/legacy.dia.edu.az\/wp-content\/uploads\/2021\/03\/ELI-150x100.jpg 150w, https:\/\/legacy.dia.edu.az\/wp-content\/uploads\/2021\/03\/ELI-300x200@2x.jpg 600w\" sizes=\"(max-width: 640px) 100vw, 640px\" \/><\/figure><\/li><li class=\"blocks-gallery-item\"><figure><img width=\"640\" height=\"426\" src=\"https:\/\/dia.edu.az\/wp-content\/uploads\/2021\/03\/REK.jpg\" alt=\"\" data-id=\"13024\" data-full-url=\"https:\/\/dia.edu.az\/wp-content\/uploads\/2021\/03\/REK.jpg\" data-link=\"https:\/\/dia.edu.az\/?attachment_id=13024\" class=\"wp-image-13024\" srcset=\"https:\/\/legacy.dia.edu.az\/wp-content\/uploads\/2021\/03\/REK.jpg 640w, https:\/\/legacy.dia.edu.az\/wp-content\/uploads\/2021\/03\/REK-300x200.jpg 300w, https:\/\/legacy.dia.edu.az\/wp-content\/uploads\/2021\/03\/REK-16x12.jpg 16w, https:\/\/legacy.dia.edu.az\/wp-content\/uploads\/2021\/03\/REK-150x100.jpg 150w, https:\/\/legacy.dia.edu.az\/wp-content\/uploads\/2021\/03\/REK-300x200@2x.jpg 600w\" sizes=\"(max-width: 640px) 100vw, 640px\" \/><\/figure><\/li><li class=\"blocks-gallery-item\"><figure><img width=\"640\" height=\"426\" src=\"https:\/\/dia.edu.az\/wp-content\/uploads\/2021\/03\/ZRIT.jpg\" alt=\"\" data-id=\"13025\" data-full-url=\"https:\/\/dia.edu.az\/wp-content\/uploads\/2021\/03\/ZRIT.jpg\" data-link=\"https:\/\/dia.edu.az\/?attachment_id=13025\" class=\"wp-image-13025\" srcset=\"https:\/\/legacy.dia.edu.az\/wp-content\/uploads\/2021\/03\/ZRIT.jpg 640w, https:\/\/legacy.dia.edu.az\/wp-content\/uploads\/2021\/03\/ZRIT-300x200.jpg 300w, https:\/\/legacy.dia.edu.az\/wp-content\/uploads\/2021\/03\/ZRIT-16x12.jpg 16w, https:\/\/legacy.dia.edu.az\/wp-content\/uploads\/2021\/03\/ZRIT-150x100.jpg 150w, https:\/\/legacy.dia.edu.az\/wp-content\/uploads\/2021\/03\/ZRIT-300x200@2x.jpg 600w\" sizes=\"(max-width: 640px) 100vw, 640px\" \/><\/figure><\/li><\/ul><\/figure>","protected":false},"excerpt":{"rendered":"<p>D\u00f6vl\u0259t \u0130dar\u0259\u00e7ilik Akademiyas\u0131n\u0131n Regional \u0130qtisadi v\u0259 Sosial Ara\u015fd\u0131rmalar \u0130nstitutunun direktoru \u018fli Nuriyev 75 illik yubileyin\u0259 h\u0259sr olunmu\u015f t\u0259dbir ke\u00e7irilmi\u015fdirDek 05 , 2014 &#8211; 12:30 Dekabr\u0131n 5-d\u0259 Az\u0259rbaycan Respublikas\u0131n\u0131n Prezidenti yan\u0131nda D\u00f6vl\u0259t \u0130dar\u0259\u00e7ilik Akademiyas\u0131nda Az\u0259rbaycan Milli Elml\u0259r Akademiyas\u0131n\u0131n m\u00fcxbir \u00fczv\u00fc, iqtisad elml\u0259ri doktoru, professor, \u018fm\u0259kdar elm xadimi, Az\u0259rbaycan Respublikas\u0131n\u0131n Prezidenti yan\u0131nda D\u00f6vl\u0259t \u0130dar\u0259\u00e7ilik Akademiyas\u0131n\u0131n Regional \u0130qtisadi [&hellip;]<\/p>","protected":false},"author":2,"featured_media":13023,"comment_status":"closed","ping_status":"closed","sticky":false,"template":"","format":"standard","meta":[],"categories":[137],"tags":[],"_links":{"self":[{"href":"https:\/\/legacy.dia.edu.az\/ru\/wp-json\/wp\/v2\/posts\/13022"}],"collection":[{"href":"https:\/\/legacy.dia.edu.az\/ru\/wp-json\/wp\/v2\/posts"}],"about":[{"href":"https:\/\/legacy.dia.edu.az\/ru\/wp-json\/wp\/v2\/types\/post"}],"author":[{"embeddable":true,"href":"https:\/\/legacy.dia.edu.az\/ru\/wp-json\/wp\/v2\/users\/2"}],"replies":[{"embeddable":true,"href":"https:\/\/legacy.dia.edu.az\/ru\/wp-json\/wp\/v2\/comments?post=13022"}],"version-history":[{"count":0,"href":"https:\/\/legacy.dia.edu.az\/ru\/wp-json\/wp\/v2\/posts\/13022\/revisions"}],"wp:featuredmedia":[{"embeddable":true,"href":"https:\/\/legacy.dia.edu.az\/ru\/wp-json\/wp\/v2\/media\/13023"}],"wp:attachment":[{"href":"https:\/\/legacy.dia.edu.az\/ru\/wp-json\/wp\/v2\/media?parent=13022"}],"wp:term":[{"taxonomy":"category","embeddable":true,"href":"https:\/\/legacy.dia.edu.az\/ru\/wp-json\/wp\/v2\/categories?post=13022"},{"taxonomy":"post_tag","embeddable":true,"href":"https:\/\/legacy.dia.edu.az\/ru\/wp-json\/wp\/v2\/tags?post=13022"}],"curies":[{"name":"wp","href":"https:\/\/api.w.org\/{rel}","templated":true}]}}