{"id":13009,"date":"2014-12-19T12:16:00","date_gmt":"2014-12-19T09:16:00","guid":{"rendered":"https:\/\/dia.edu.az\/?p=13009"},"modified":"2021-03-17T12:17:46","modified_gmt":"2021-03-17T09:17:46","slug":"sosialist-internasionalinin-bas-katibi-luis-ayala-dovl%c9%99t-idar%c9%99cilik-akademiyasinin-f%c9%99xri-doktoru-adina-layiq-gorulub","status":"publish","type":"post","link":"https:\/\/legacy.dia.edu.az\/ru\/arxivl\u0259r\/13009","title":{"rendered":"Sosialist \u0130nternasional\u0131n\u0131n ba\u015f katibi Luis Ayala D\u00f6vl\u0259t \u0130dar\u0259\u00e7ilik Akademiyas\u0131n\u0131n F\u0259xri Doktoru ad\u0131na layiq g\u00f6r\u00fcl\u00fcb"},"content":{"rendered":"<p><strong>Sosialist \u0130nternasional\u0131n\u0131n ba\u015f katibi Luis Ayala D\u00f6vl\u0259t \u0130dar\u0259\u00e7ilik Akademiyas\u0131n\u0131n F\u0259xri Doktoru ad\u0131na layiq g\u00f6r\u00fcl\u00fcb<\/strong><br><em>Dek 19 , 2014 &#8211; 12:39<\/em><\/p>\n\n\n\n<p>\u00d6lk\u0259mizd\u0259 s\u0259f\u0259rd\u0259 olan Sosialist \u0130nternasional\u0131n\u0131n ba\u015f katibi Luis Ayalaya dekabr\u0131n 19-da Az\u0259rbaycan Respublikas\u0131n\u0131n Prezidenti yan\u0131nda D\u00f6vl\u0259t \u0130dar\u0259\u00e7ilik Akademiyas\u0131n\u0131n (D\u0130A) f\u0259xri doktoru diplomu t\u0259qdim edilib.<br>\u00a0Akademiyan\u0131n m\u00fc\u0259llim v\u0259 t\u0259l\u0259b\u0259l\u0259rinin i\u015ftirak etdikl\u0259ri t\u0259dbird\u0259 rektor, akademik Urxan \u018fl\u0259kb\u0259rov L.Ayalan\u0131n h\u0259yat v\u0259 f\u0259aliyy\u0259tinin \u0259sas m\u0259rh\u0259l\u0259l\u0259ri bar\u0259d\u0259 m\u0259lumat verib, onun beyn\u0259lxalq \u0259m\u0259kda\u015fl\u0131\u011f\u0131n m\u00f6hk\u0259ml\u0259ndirilm\u0259si sah\u0259sind\u0259ki xidm\u0259tl\u0259rini vur\u011fulay\u0131b.<br>Sonra beyn\u0259lxalq \u0259m\u0259kda\u015fl\u0131\u011f\u0131n inki\u015faf\u0131nda v\u0259 m\u00f6hk\u0259ml\u0259ndirilm\u0259sind\u0259 m\u00fch\u00fcm xidm\u0259tl\u0259rin\u0259 g\u00f6r\u0259 ba\u015f katib Luis Ayalaya D\u00f6vl\u0259t \u0130dar\u0259\u00e7ilik Akademiyas\u0131n\u0131n f\u0259xri doktoru ad\u0131 verilm\u0259si haqq\u0131nda bu ali t\u0259hsil oca\u011f\u0131n\u0131n Elmi \u015euras\u0131n\u0131n q\u0259rar\u0131 elan edilib.<br>Luis Ayalaya D\u0130A-n\u0131n f\u0259xri doktoru diplomu v\u0259 mantiya t\u0259qdim olunub.<br>Sosialist \u0130nternasional\u0131n\u0131n ba\u015f katibi D\u0130A-da olmas\u0131ndan v\u0259 Akademiyan\u0131n f\u0259xri doktoru ad\u0131na layiq g\u00f6r\u00fclm\u0259sind\u0259n m\u0259mnunlu\u011funu bildirib.<br>Ba\u015f katib Sosialist \u0130nternasional\u0131n\u0131n tarixi, f\u0259aliyy\u0259ti, o c\u00fcml\u0259d\u0259n son d\u00f6vrl\u0259rd\u0259 beyn\u0259lxalq al\u0259md\u0259 ba\u015f ver\u0259n prosesl\u0259r, qlobal iqtisadi b\u00f6hran\u0131n yaratd\u0131\u011f\u0131 \u00e7\u0259tinlikl\u0259r, h\u0259m\u00e7inin gender b\u0259rab\u0259rliyinin t\u0259\u015fviqi v\u0259 beyn\u0259lxalq \u0259m\u0259kda\u015fl\u0131\u011f\u0131n m\u00f6hk\u0259ml\u0259ndirilm\u0259si istiqam\u0259tind\u0259 at\u0131lan add\u0131mlar bar\u0259d\u0259 m\u0259lumat verib.<br>D\u00fcnyada ba\u015f ver\u0259n m\u00fcnaqi\u015f\u0259l\u0259rd\u0259n v\u0259 onlar\u0131n a\u011f\u0131r n\u0259tic\u0259l\u0259rind\u0259n dan\u0131\u015fan L.Ayala Az\u0259rbaycan\u0131n da Da\u011fl\u0131q Qaraba\u011f m\u00fcnaqi\u015f\u0259si kimi bir probleml\u0259 \u00fczl\u0259\u015fdiyini diqq\u0259t\u0259 \u00e7atd\u0131r\u0131b. O, m\u00fcnaqi\u015f\u0259l\u0259rin beyn\u0259lxalq h\u00fcququn normalar\u0131 \u00e7\u0259r\u00e7iv\u0259sind\u0259 h\u0259ll edilm\u0259sinin vacibliyini vur\u011fulay\u0131b.<br>\u201c\u018fg\u0259r bu g\u00fcn biz d\u00fcnyan\u0131 daha yax\u015f\u0131, sars\u0131lmaz etm\u0259k ist\u0259yiriks\u0259, daha \u00e7ox s\u0259y g\u00f6st\u0259rm\u0259liyik\u201d, &#8211; dey\u0259 L.Ayala bildirib.<\/p>\n\n\n\n<p><\/p>\n\n\n\n<figure class=\"wp-container-2 wp-block-gallery-1 wp-block-gallery columns-2 is-cropped\"><ul class=\"blocks-gallery-grid\"><li class=\"blocks-gallery-item\"><figure><img width=\"640\" height=\"426\" src=\"https:\/\/dia.edu.az\/wp-content\/uploads\/2021\/03\/1qaz.jpg\" alt=\"\" data-id=\"13010\" data-full-url=\"https:\/\/dia.edu.az\/wp-content\/uploads\/2021\/03\/1qaz.jpg\" data-link=\"https:\/\/dia.edu.az\/?attachment_id=13010\" class=\"wp-image-13010\" srcset=\"https:\/\/legacy.dia.edu.az\/wp-content\/uploads\/2021\/03\/1qaz.jpg 640w, https:\/\/legacy.dia.edu.az\/wp-content\/uploads\/2021\/03\/1qaz-300x200.jpg 300w, https:\/\/legacy.dia.edu.az\/wp-content\/uploads\/2021\/03\/1qaz-16x12.jpg 16w, https:\/\/legacy.dia.edu.az\/wp-content\/uploads\/2021\/03\/1qaz-150x100.jpg 150w, https:\/\/legacy.dia.edu.az\/wp-content\/uploads\/2021\/03\/1qaz-300x200@2x.jpg 600w\" sizes=\"(max-width: 640px) 100vw, 640px\" \/><\/figure><\/li><li class=\"blocks-gallery-item\"><figure><img width=\"640\" height=\"426\" src=\"https:\/\/dia.edu.az\/wp-content\/uploads\/2021\/03\/2qaz.jpg\" alt=\"\" data-id=\"13011\" data-full-url=\"https:\/\/dia.edu.az\/wp-content\/uploads\/2021\/03\/2qaz.jpg\" data-link=\"https:\/\/dia.edu.az\/?attachment_id=13011\" class=\"wp-image-13011\" srcset=\"https:\/\/legacy.dia.edu.az\/wp-content\/uploads\/2021\/03\/2qaz.jpg 640w, https:\/\/legacy.dia.edu.az\/wp-content\/uploads\/2021\/03\/2qaz-300x200.jpg 300w, https:\/\/legacy.dia.edu.az\/wp-content\/uploads\/2021\/03\/2qaz-16x12.jpg 16w, https:\/\/legacy.dia.edu.az\/wp-content\/uploads\/2021\/03\/2qaz-150x100.jpg 150w, https:\/\/legacy.dia.edu.az\/wp-content\/uploads\/2021\/03\/2qaz-300x200@2x.jpg 600w\" sizes=\"(max-width: 640px) 100vw, 640px\" \/><\/figure><\/li><\/ul><\/figure>","protected":false},"excerpt":{"rendered":"<p>Sosialist \u0130nternasional\u0131n\u0131n ba\u015f katibi Luis Ayala D\u00f6vl\u0259t \u0130dar\u0259\u00e7ilik Akademiyas\u0131n\u0131n F\u0259xri Doktoru ad\u0131na layiq g\u00f6r\u00fcl\u00fcbDek 19 , 2014 &#8211; 12:39 \u00d6lk\u0259mizd\u0259 s\u0259f\u0259rd\u0259 olan Sosialist \u0130nternasional\u0131n\u0131n ba\u015f katibi Luis Ayalaya dekabr\u0131n 19-da Az\u0259rbaycan Respublikas\u0131n\u0131n Prezidenti yan\u0131nda D\u00f6vl\u0259t \u0130dar\u0259\u00e7ilik Akademiyas\u0131n\u0131n (D\u0130A) f\u0259xri doktoru diplomu t\u0259qdim edilib.\u00a0Akademiyan\u0131n m\u00fc\u0259llim v\u0259 t\u0259l\u0259b\u0259l\u0259rinin i\u015ftirak etdikl\u0259ri t\u0259dbird\u0259 rektor, akademik Urxan \u018fl\u0259kb\u0259rov L.Ayalan\u0131n h\u0259yat [&hellip;]<\/p>","protected":false},"author":2,"featured_media":13010,"comment_status":"closed","ping_status":"closed","sticky":false,"template":"","format":"standard","meta":[],"categories":[137],"tags":[],"_links":{"self":[{"href":"https:\/\/legacy.dia.edu.az\/ru\/wp-json\/wp\/v2\/posts\/13009"}],"collection":[{"href":"https:\/\/legacy.dia.edu.az\/ru\/wp-json\/wp\/v2\/posts"}],"about":[{"href":"https:\/\/legacy.dia.edu.az\/ru\/wp-json\/wp\/v2\/types\/post"}],"author":[{"embeddable":true,"href":"https:\/\/legacy.dia.edu.az\/ru\/wp-json\/wp\/v2\/users\/2"}],"replies":[{"embeddable":true,"href":"https:\/\/legacy.dia.edu.az\/ru\/wp-json\/wp\/v2\/comments?post=13009"}],"version-history":[{"count":0,"href":"https:\/\/legacy.dia.edu.az\/ru\/wp-json\/wp\/v2\/posts\/13009\/revisions"}],"wp:featuredmedia":[{"embeddable":true,"href":"https:\/\/legacy.dia.edu.az\/ru\/wp-json\/wp\/v2\/media\/13010"}],"wp:attachment":[{"href":"https:\/\/legacy.dia.edu.az\/ru\/wp-json\/wp\/v2\/media?parent=13009"}],"wp:term":[{"taxonomy":"category","embeddable":true,"href":"https:\/\/legacy.dia.edu.az\/ru\/wp-json\/wp\/v2\/categories?post=13009"},{"taxonomy":"post_tag","embeddable":true,"href":"https:\/\/legacy.dia.edu.az\/ru\/wp-json\/wp\/v2\/tags?post=13009"}],"curies":[{"name":"wp","href":"https:\/\/api.w.org\/{rel}","templated":true}]}}