{"id":12984,"date":"2015-02-19T12:00:00","date_gmt":"2015-02-19T09:00:00","guid":{"rendered":"https:\/\/dia.edu.az\/?p=12984"},"modified":"2021-03-17T12:04:45","modified_gmt":"2021-03-17T09:04:45","slug":"heyd%c9%99r-%c9%99liyev-dovl%c9%99t-idar%c9%99cilyi-m%c9%99kt%c9%99bind%c9%99-novb%c9%99ti-aciq-muhazir%c9%99-dinl%c9%99nilmisdir","status":"publish","type":"post","link":"https:\/\/legacy.dia.edu.az\/ru\/arxivl\u0259r\/12984","title":{"rendered":"\u201cHeyd\u0259r \u018fliyev D\u00f6vl\u0259t \u0130dar\u0259\u00e7ilyi M\u0259kt\u0259bi\u201dnd\u0259 n\u00f6vb\u0259ti a\u00e7\u0131q m\u00fchazir\u0259 dinl\u0259nilmi\u015fdir"},"content":{"rendered":"<p><strong>\u201cHeyd\u0259r \u018fliyev D\u00f6vl\u0259t \u0130dar\u0259\u00e7ilyi M\u0259kt\u0259bi\u201dnd\u0259 n\u00f6vb\u0259ti a\u00e7\u0131q m\u00fchazir\u0259 dinl\u0259nilmi\u015fdir<\/strong><br><em>Fev 19 , 2015 &#8211; 03:40<\/em><\/p>\n\n\n\n<p>19 fevral 2015-ci il tarixind\u0259 Az\u0259rbaycan Respublikas\u0131n\u0131n Prezidenti yan\u0131nda D\u00f6vl\u0259t \u0130dar\u0259\u00e7ilik Akademiyas\u0131 v\u0259 Az\u0259rbaycan Respublikas\u0131 Dini Qurumlarla i\u015f \u00fczr\u0259 D\u00f6vl\u0259t Komit\u0259sin\u0131n birg\u0259 \u0259m\u0259kda\u015fl\u0131\u011f\u0131 il\u0259 D\u00f6vl\u0259t \u0130dar\u0259\u00e7ilik Akademiyas\u0131 \u201cHeyd\u0259r \u018fliyev D\u00f6vl\u0259t \u0130dar\u0259\u00e7iliyi M\u0259kt\u0259bi\u201dd\u0259 \u201cMilli-m\u0259n\u0259vi d\u0259y\u0259rl\u0259rimiz: varislik v\u0259 m\u00fcasirlik\u201d adl\u0131 n\u00f6vb\u0259ti a\u00e7\u0131q m\u00fchazir\u0259 dinl\u0259nilmi\u015fdir. M\u00fchazir\u0259ni Az\u0259rbaycan Respublikas\u0131 Dini Qurumlarla i\u015f \u00fczr\u0259 D\u00f6vl\u0259t Komit\u0259sinin s\u0259dri M\u00fcbariz Qurbanl\u0131 t\u0259qdim etmi\u015fdir.<\/p>\n\n\n\n<p>\u201cHeyd\u0259r \u018fliyev D\u00f6vl\u0259t \u0130dar\u0259\u00e7ilik M\u0259kt\u0259bi\u201dnin n\u00f6vb\u0259ti a\u00e7\u0131q m\u00fchazir\u0259sind\u0259 D\u00f6vl\u0259t \u0130dar\u0259\u00e7ilik Akademiyas\u0131n\u0131n rektoru, akademik Urxan \u018fl\u0259kb\u0259rov \u00e7\u0131x\u0131\u015f ed\u0259r\u0259k ke\u00e7iril\u0259n g\u00f6r\u00fc\u015f\u00fc g\u0259ncl\u0259rin maarifl\u0259ndirilm\u0259si, milli-m\u0259n\u0259vi d\u0259y\u0259rl\u0259rimiz\u0259 ba\u011f\u0131l\u0131l\u0131\u011f\u0131n\u0131n qorunmas\u0131, milli yadda\u015f\u0131n m\u00f6hk\u0259ml\u0259nm\u0259si, \u00f6lk\u0259mizd\u0259 m\u00f6vcud tolerant m\u00fchitin qorunmas\u0131 v\u0259 t\u0259bli\u011fi bax\u0131m\u0131ndan b\u00f6y\u00fck \u0259h\u0259miyy\u0259t da\u015f\u0131d\u0131\u011f\u0131n\u0131 qeyd etmi\u015fdir.<\/p>\n\n\n\n<p>Rektor t\u0259dbirin z\u0259ruriliyini milli-m\u0259n\u0259vi d\u0259y\u0259rl\u0259rin qorunub-saxlanmas\u0131, g\u0259nc n\u0259sl\u0259 a\u015f\u0131lanmas\u0131n\u0131n vacibliyi, g\u0259ncl\u0259rin radikal dini c\u0259r\u0259yanlar\u0131n t\u0259siri alt\u0131na d\u00fc\u015fm\u0259m\u0259si v\u0259 bu istiqam\u0259td\u0259 m\u0259lumatland\u0131r\u0131lmas\u0131n\u0131n t\u0259min edilm\u0259si \u00fc\u00e7\u00fcn maarifl\u0259ndirici t\u0259dbirl\u0259rin ke\u00e7irilm\u0259sin\u0259 ciddi ehtiyac oldu\u011fu il\u0259 \u0259laq\u0259l\u0259ndirmi\u015fdir. Rektor Ulu \u00d6nd\u0259r Heyd\u0259r \u018fliyevin milli m\u0259d\u0259niyy\u0259t\u0259, milli d\u0259y\u0259rl\u0259r sistemin\u0259 \u201cke\u00e7mi\u015f\u0259 ehtiram, g\u0259l\u0259c\u0259y\u0259 \u00fcmid\u201d ideyas\u0131na diqq\u0259ti c\u0259lb etmi\u015f, tarix\u0259n sivilizasiyalar\u0131n qovu\u015fdu\u011fu m\u0259kan kimi tan\u0131nan Az\u0259rbaycanda etnoslararas\u0131 \u0259n\u0259n\u0259vi dostluq v\u0259 qarda\u015fl\u0131q m\u00fcnasib\u0259tl\u0259ri, qar\u015f\u0131l\u0131ql\u0131 m\u0259d\u0259ni-m\u0259n\u0259vi z\u0259nginl\u0259\u015fm\u0259, b\u00fct\u00f6v v\u0259t\u0259n\u00e7ilik t\u0259f\u0259kk\u00fcr\u00fcn\u00fcn bu diyarda \u0259xlaqi-etik d\u0259y\u0259rl\u0259r\u0259 \u0259saslanan tolerant m\u00fchitin formala\u015fd\u0131\u011f\u0131n\u0131 xat\u0131rlatm\u0131\u015fd\u0131r. Bu g\u00fcn \u00f6lk\u0259 Prezidenti \u0130lham \u018fliyevin milli-m\u0259n\u0259vi d\u0259y\u0259rl\u0259rimizin qorunmas\u0131 v\u0259 t\u0259bli\u011fi&nbsp; istiqam\u0259tind\u0259 h\u0259yata ke\u00e7irdiyi u\u011furlu f\u0259aliyy\u0259tind\u0259n, bu sah\u0259y\u0259 olan diqq\u0259t v\u0259 qay\u011f\u0131s\u0131ndan dan\u0131\u015fm\u0131\u015fd\u0131r.<\/p>\n\n\n\n<p>Sonra Az\u0259rbaycan Respublikas\u0131 Dini Qurumlarla i\u015f \u00fczr\u0259 D\u00f6vl\u0259t Komit\u0259sinin s\u0259dri M\u00fcbariz Qurbanl\u0131 \u00f6nc\u0259 g\u00f6r\u00fc\u015f\u00fcn \u0259h\u0259miyy\u0259tini y\u00fcks\u0259k qiym\u0259tl\u0259ndir\u0259r\u0259k bildirib ki, ali t\u0259hsil m\u00fc\u0259ssis\u0259l\u0259ri i\u00e7\u0259risind\u0259 g\u0259ncl\u0259rin intelllektual potensial\u0131n\u0131n y\u00fcks\u0259k olmas\u0131 il\u0259 f\u0259rql\u0259n\u0259n v\u0259 g\u0259l\u0259c\u0259kd\u0259 d\u00f6vl\u0259t idar\u0259etm\u0259 sistemind\u0259 \u00e7al\u0131\u015facaq g\u0259ncl\u0259rl\u0259 g\u00f6r\u00fc\u015fm\u0259yin vacibliyini v\u0259 onlar\u0131n bu sah\u0259d\u0259 maarifl\u0259ndirilm\u0259sini \u0259h\u0259miyy\u0259tli hesab etdiyini qeyd edib. O, \u00f6lk\u0259mizd\u0259ki d\u00f6vl\u0259t-din m\u00fcnasib\u0259tl\u0259rind\u0259n \u0259trafl\u0131 dan\u0131\u015faraq bildirib ki, Az\u0259rbaycan m\u00fcst\u0259qilliyini b\u0259rpa etdikd\u0259n sonra xalq\u0131m\u0131z\u0131n milli-m\u0259n\u0259vi d\u0259y\u0259rl\u0259rin\u0259 qay\u0131d\u0131\u015f\u0131 s\u00fcr\u0259tl\u0259nmi\u015fdir. O, bu istiqam\u0259td\u0259 \u00dcmummilli Lider Heyd\u0259r \u018fliyevin m\u00fcst\u0259sna xidm\u0259tl\u0259rini qeyd ed\u0259r\u0259k v\u0259 haz\u0131rda Prezident \u0130lham \u018fliyevin milli-m\u0259n\u0259vi d\u0259y\u0259rl\u0259rimizin qorunmas\u0131 v\u0259 t\u0259bli\u011fi&nbsp; istiqam\u0259tind\u0259 h\u0259yata ke\u00e7irdiyi i\u015fl\u0259rd\u0259n dan\u0131\u015f\u0131b.<\/p>\n\n\n\n<p>&nbsp; &nbsp; &nbsp; D\u00f6vl\u0259t Komit\u0259sinin s\u0259dri M\u00fcbariz Qurbanl\u0131 g\u0259ncl\u0259r aras\u0131nda dini maarifl\u0259ndirm\u0259 i\u015finin apar\u0131lmas\u0131n\u0131n z\u0259rur\u0259tind\u0259n, b\u0259zi radikal qruplar\u0131n g\u0259ncl\u0259ri \u00f6z t\u0259sir dair\u0259sin\u0259 salma\u011fa \u00e7al\u0131\u015fmas\u0131ndan &nbsp;dan\u0131\u015faraq, bunun qar\u015f\u0131s\u0131n\u0131n al\u0131nmas\u0131 \u00fc\u00e7\u00fcn g\u00f6r\u00fcl\u0259n i\u015fl\u0259rin bundan sonra da u\u011furla davam etdiril\u0259c\u0259yini vur\u011fulay\u0131b.&nbsp; Komit\u0259 s\u0259dri qeyd edib ki, Az\u0259rbaycanda dini radikalizm\u0259 qar\u015f\u0131 m\u00fcbariz\u0259 qanun \u00e7\u0259r\u00e7iv\u0259sind\u0259 apar\u0131l\u0131r v\u0259 bu m\u00fcbariz\u0259d\u0259 \u0259n effektiv vasit\u0259 maarifl\u0259ndirm\u0259 i\u015fidir.<\/p>\n\n\n\n<p>M\u00fchazir\u0259\u00e7i \u00f6lk\u0259mizd\u0259 h\u0259r k\u0259sin dini \u0259qid\u0259sini ifad\u0259 etm\u0259k v\u0259 yaymaq h\u00fcququnun, b\u00fct\u00f6vl\u00fckd\u0259 konstitusion normalarla t\u0259nziml\u0259n\u0259n vicdan azadl\u0131\u011f\u0131n\u0131n tam b\u0259rq\u0259rar olunmas\u0131 \u00fc\u00e7\u00fcn b\u00fct\u00fcn z\u0259ruri t\u0259dbirl\u0259rin g\u00f6r\u00fclm\u0259si, dini radikalizmin, fanatizmin, ekstremizmin qar\u015f\u0131s\u0131n\u0131n al\u0131nmas\u0131 istiqam\u0259tind\u0259 strateji \u0259h\u0259miyy\u0259tli t\u0259dbirl\u0259rin h\u0259yata ke\u00e7irildiyini bildirmi\u015fdir. Natiq \u00f6lk\u0259mizin inki\u015faf strategiyas\u0131ndan dan\u0131\u015fark\u0259n qeyd edib ki, Az\u0259rbaycan C\u0259nub Qafqaz\u0131n lider d\u00f6vl\u0259tidir. \u00d6lk\u0259mizd\u0259 b\u00fct\u00fcn sah\u0259l\u0259rd\u0259 oldu\u011fu kimi, d\u00f6vl\u0259t-din m\u00fcnasib\u0259tl\u0259ri d\u0259 y\u00fcks\u0259k s\u0259viyy\u0259d\u0259 qurulub. Az\u0259rbaycanda din d\u00f6vl\u0259td\u0259n ayr\u0131 olsa da, d\u00f6vl\u0259t dini himay\u0259 etm\u0259kd\u0259n imtina etm\u0259yib. \u0130nsanlar\u0131n \u00f6z dini ibad\u0259tl\u0259rini icra etm\u0259l\u0259ri \u00fc\u00e7\u00fcn h\u0259r c\u00fcr \u015f\u0259rait var. Az\u0259rbaycan\u0131n iqtisadi inki\u015faf modeli il\u0259 yana\u015f\u0131, eyni zamanda toleranrtl\u0131q modeli il\u0259 tan\u0131nan bir \u00f6lk\u0259 oldu\u011funu s\u00fcb\u00fct etmi\u015fdir. Bununla yana\u015f\u0131 o, qeyd edib ki, h\u0259l\u0259 d\u0259 insanlar\u0131n t\u0259f\u0259kk\u00fcr\u00fcnd\u0259 s\u0259hv dini stereotipl\u0259r var v\u0259 bu, bir \u00e7ox hallarda probleml\u0259r yarad\u0131r. Dig\u0259r t\u0259r\u0259fd\u0259n is\u0259 bu, b\u0259zi dini icmalar\u0131n, sektalar\u0131n pozucu f\u0259aliyy\u0259ti il\u0259 ba\u011fl\u0131 olur. B\u00fct\u00fcn bunlar, b\u0259zi hallarda g\u0259ncl\u0259rin \u00e7a\u015fd\u0131r\u0131lmas\u0131na g\u0259tirib \u00e7\u0131xar\u0131r. T\u0259dbird\u0259 \u00fcmumilikd\u0259 bel\u0259 bir fikir dominantl\u0131q t\u0259\u015fkil edib ki, c\u0259miyy\u0259td\u0259 qanunlarla yana\u015f\u0131, milli-m\u0259n\u0259vi d\u0259y\u0259rl\u0259rimiz d\u0259 m\u00fch\u00fcm rol oynay\u0131r v\u0259 bu d\u0259y\u0259rl\u0259rin qorunmas\u0131nda g\u0259ncl\u0259rin rolu olduqca \u0259h\u0259miyy\u0259tlidir.<\/p>\n\n\n\n<p>D\u00f6vl\u0259t \u0130dar\u0259\u00e7ilik Akademiyas\u0131 \u201cHeyd\u0259r \u018fliyev D\u00f6vl\u0259t \u0130dar\u0259\u00e7ilik M\u0259kt\u0259bi\u201dnd\u0259 \u201cMilli-m\u0259n\u0259vi d\u0259y\u0259rl\u0259rimiz: varislik v\u0259 m\u00fcasirlik\u201d adl\u0131 n\u00f6vb\u0259ti a\u00e7\u0131q m\u00fchazir\u0259nin sonunda m\u00fc\u0259llim v\u0259 t\u0259l\u0259b\u0259l\u0259ri maraqland\u0131ran suallar cavabland\u0131r\u0131l\u0131b.\u00a0<\/p>\n\n\n\n<p><\/p>\n\n\n\n<figure class=\"wp-container-2 wp-block-gallery-1 wp-block-gallery columns-2 is-cropped\"><ul class=\"blocks-gallery-grid\"><li class=\"blocks-gallery-item\"><figure><img width=\"640\" height=\"426\" src=\"https:\/\/dia.edu.az\/wp-content\/uploads\/2021\/03\/2222.jpg\" alt=\"\" data-id=\"12985\" data-full-url=\"https:\/\/dia.edu.az\/wp-content\/uploads\/2021\/03\/2222.jpg\" data-link=\"https:\/\/dia.edu.az\/?attachment_id=12985\" class=\"wp-image-12985\" srcset=\"https:\/\/legacy.dia.edu.az\/wp-content\/uploads\/2021\/03\/2222.jpg 640w, https:\/\/legacy.dia.edu.az\/wp-content\/uploads\/2021\/03\/2222-300x200.jpg 300w, https:\/\/legacy.dia.edu.az\/wp-content\/uploads\/2021\/03\/2222-16x12.jpg 16w, https:\/\/legacy.dia.edu.az\/wp-content\/uploads\/2021\/03\/2222-150x100.jpg 150w, https:\/\/legacy.dia.edu.az\/wp-content\/uploads\/2021\/03\/2222-300x200@2x.jpg 600w\" sizes=\"(max-width: 640px) 100vw, 640px\" \/><\/figure><\/li><li class=\"blocks-gallery-item\"><figure><img width=\"640\" height=\"426\" src=\"https:\/\/dia.edu.az\/wp-content\/uploads\/2021\/03\/DSC_8784.jpg\" alt=\"\" data-id=\"12986\" data-full-url=\"https:\/\/dia.edu.az\/wp-content\/uploads\/2021\/03\/DSC_8784.jpg\" data-link=\"https:\/\/dia.edu.az\/?attachment_id=12986\" class=\"wp-image-12986\" srcset=\"https:\/\/legacy.dia.edu.az\/wp-content\/uploads\/2021\/03\/DSC_8784.jpg 640w, https:\/\/legacy.dia.edu.az\/wp-content\/uploads\/2021\/03\/DSC_8784-300x200.jpg 300w, https:\/\/legacy.dia.edu.az\/wp-content\/uploads\/2021\/03\/DSC_8784-16x12.jpg 16w, https:\/\/legacy.dia.edu.az\/wp-content\/uploads\/2021\/03\/DSC_8784-150x100.jpg 150w, https:\/\/legacy.dia.edu.az\/wp-content\/uploads\/2021\/03\/DSC_8784-300x200@2x.jpg 600w\" sizes=\"(max-width: 640px) 100vw, 640px\" \/><\/figure><\/li><\/ul><\/figure>","protected":false},"excerpt":{"rendered":"<p>\u201cHeyd\u0259r \u018fliyev D\u00f6vl\u0259t \u0130dar\u0259\u00e7ilyi M\u0259kt\u0259bi\u201dnd\u0259 n\u00f6vb\u0259ti a\u00e7\u0131q m\u00fchazir\u0259 dinl\u0259nilmi\u015fdirFev 19 , 2015 &#8211; 03:40 19 fevral 2015-ci il tarixind\u0259 Az\u0259rbaycan Respublikas\u0131n\u0131n Prezidenti yan\u0131nda D\u00f6vl\u0259t \u0130dar\u0259\u00e7ilik Akademiyas\u0131 v\u0259 Az\u0259rbaycan Respublikas\u0131 Dini Qurumlarla i\u015f \u00fczr\u0259 D\u00f6vl\u0259t Komit\u0259sin\u0131n birg\u0259 \u0259m\u0259kda\u015fl\u0131\u011f\u0131 il\u0259 D\u00f6vl\u0259t \u0130dar\u0259\u00e7ilik Akademiyas\u0131 \u201cHeyd\u0259r \u018fliyev D\u00f6vl\u0259t \u0130dar\u0259\u00e7iliyi M\u0259kt\u0259bi\u201dd\u0259 \u201cMilli-m\u0259n\u0259vi d\u0259y\u0259rl\u0259rimiz: varislik v\u0259 m\u00fcasirlik\u201d adl\u0131 n\u00f6vb\u0259ti a\u00e7\u0131q m\u00fchazir\u0259 [&hellip;]<\/p>","protected":false},"author":2,"featured_media":12986,"comment_status":"closed","ping_status":"closed","sticky":false,"template":"","format":"standard","meta":[],"categories":[137],"tags":[],"_links":{"self":[{"href":"https:\/\/legacy.dia.edu.az\/ru\/wp-json\/wp\/v2\/posts\/12984"}],"collection":[{"href":"https:\/\/legacy.dia.edu.az\/ru\/wp-json\/wp\/v2\/posts"}],"about":[{"href":"https:\/\/legacy.dia.edu.az\/ru\/wp-json\/wp\/v2\/types\/post"}],"author":[{"embeddable":true,"href":"https:\/\/legacy.dia.edu.az\/ru\/wp-json\/wp\/v2\/users\/2"}],"replies":[{"embeddable":true,"href":"https:\/\/legacy.dia.edu.az\/ru\/wp-json\/wp\/v2\/comments?post=12984"}],"version-history":[{"count":0,"href":"https:\/\/legacy.dia.edu.az\/ru\/wp-json\/wp\/v2\/posts\/12984\/revisions"}],"wp:featuredmedia":[{"embeddable":true,"href":"https:\/\/legacy.dia.edu.az\/ru\/wp-json\/wp\/v2\/media\/12986"}],"wp:attachment":[{"href":"https:\/\/legacy.dia.edu.az\/ru\/wp-json\/wp\/v2\/media?parent=12984"}],"wp:term":[{"taxonomy":"category","embeddable":true,"href":"https:\/\/legacy.dia.edu.az\/ru\/wp-json\/wp\/v2\/categories?post=12984"},{"taxonomy":"post_tag","embeddable":true,"href":"https:\/\/legacy.dia.edu.az\/ru\/wp-json\/wp\/v2\/tags?post=12984"}],"curies":[{"name":"wp","href":"https:\/\/api.w.org\/{rel}","templated":true}]}}