{"id":12964,"date":"2015-04-10T11:35:00","date_gmt":"2015-04-10T08:35:00","guid":{"rendered":"https:\/\/dia.edu.az\/?p=12964"},"modified":"2021-03-17T11:36:32","modified_gmt":"2021-03-17T08:36:32","slug":"naxcivanda-az%c9%99rbaycanin-innovativ-inkisafi-movzusunda-novb%c9%99ti-seminar-kecirilib","status":"publish","type":"post","link":"https:\/\/legacy.dia.edu.az\/ru\/arxivl\u0259r\/12964","title":{"rendered":"Nax\u00e7\u0131vanda \u201cAz\u0259rbaycan\u0131n innovativ inki\u015faf\u0131\u201d m\u00f6vzusunda n\u00f6vb\u0259ti seminar ke\u00e7irilib"},"content":{"rendered":"<p><strong>Nax\u00e7\u0131vanda \u201cAz\u0259rbaycan\u0131n innovativ inki\u015faf\u0131\u201d m\u00f6vzusunda n\u00f6vb\u0259ti seminar ke\u00e7irilib<\/strong><br><em>Apr 10 , 2015 &#8211; 04:07<\/em><\/p>\n\n\n\n<p>Aprelin 9-da Nax\u00e7\u0131van \u015e\u0259h\u0259r \u0130cra Hakimiyy\u0259tinin akt zal\u0131nda Az\u0259rbaycan Respublikas\u0131n\u0131n Prezidenti yan\u0131nda D\u00f6vl\u0259t \u0130dar\u0259\u00e7ilik Akademiyas\u0131n\u0131n t\u0259\u015fkilat\u00e7\u0131l\u0131\u011f\u0131 il\u0259 \u201cAz\u0259rbaycan\u0131n innovativ inki\u015faf\u0131\u201d m\u00f6vzusunda seminar ke\u00e7irilib.<br>Nax\u00e7\u0131van Muxtar Respublikas\u0131 Ali M\u0259clisi S\u0259drinin birinci m\u00fcavini Az\u0259r Zeynalov seminarda \u00e7\u0131x\u0131\u015f ed\u0259r\u0259k, Nax\u00e7\u0131van Muxtar Respublikas\u0131n\u0131n Ali M\u0259clisi il\u0259 Az\u0259rbaycan Respublikas\u0131n\u0131n Prezidenti yan\u0131nda D\u00f6vl\u0259t \u0130dar\u0259\u00e7ilik Akademiyas\u0131 aras\u0131nda uzun ill\u0259rdir s\u0131x \u0259m\u0259kda\u015fl\u0131\u011f\u0131n m\u00f6vcud oldu\u011funu deyib.<br>Qeyd olunub ki, bu \u0259m\u0259kda\u015fl\u0131q ist\u0259r \u0259lav\u0259 t\u0259hsilin t\u0259\u015fkilind\u0259, ist\u0259rs\u0259 d\u0259 m\u00fcxt\u0259lif m\u00f6vzularda ke\u00e7iril\u0259n kurslarda muxtar respublikan\u0131n d\u00f6vl\u0259t qulluq\u00e7ular\u0131n\u0131n i\u015ftirak\u0131 il\u0259 realla\u015f\u0131r. Akademiyada bu g\u00fcn\u0259d\u0259k 82 n\u0259f\u0259r \u0259lav\u0259 t\u0259hsil\u0259 g\u00f6nd\u0259rilib, 144 n\u0259f\u0259r is\u0259 d\u00f6vl\u0259t qullu\u011funun t\u0259\u015fkili, t\u0259\u015fkilati \u0259saslar\u0131 v\u0259 d\u00f6vl\u0259tin kadr siyas\u0259ti, d\u00f6vl\u0259tin sosial siyas\u0259ti, Az\u0259rbaycan Respublikas\u0131nda ail\u0259, qad\u0131n v\u0259 u\u015faq siyas\u0259ti, Az\u0259rbaycan Respublikas\u0131nda g\u0259ncl\u0259r siyas\u0259ti, elektron h\u00f6kum\u0259t olmaqla, \u00fcmumilikd\u0259 18 m\u00fcxt\u0259lif m\u00f6vzulu kurslarda i\u015ftirak edibl\u0259r. N\u0259tic\u0259d\u0259 d\u00f6vl\u0259t qulluq\u00e7ular\u0131 bilik v\u0259 bacar\u0131qlar\u0131n\u0131 art\u0131r\u0131b, Az\u0259rbaycan\u0131n m\u00fcasir inki\u015faf konsepsiyas\u0131 haqda geni\u015f m\u0259lumata malik olub v\u0259 s\u0259m\u0259r\u0259li idar\u0259etm\u0259 metodlar\u0131n\u0131 \u00f6yr\u0259nibl\u0259r. As\u0259f Zeynalov deyib: \u201cMuxtar respublika r\u0259hb\u0259rinin akademiya il\u0259 yarad\u0131lan i\u015fg\u00fczar \u0259laq\u0259l\u0259ri daim d\u0259st\u0259kl\u0259diyini n\u0259z\u0259r\u0259 alaraq, \u0259minik ki, \u0259m\u0259kda\u015fl\u0131\u011f\u0131m\u0131z bundan sonra da inki\u015faf ed\u0259c\u0259k. \u201cAz\u0259rbaycan\u0131n innovativ inki\u015faf\u0131\u201d m\u00f6vzusunda ke\u00e7iril\u0259n bug\u00fcnk\u00fc seminar\u0131n da d\u00f6vl\u0259t qulluq\u00e7ular\u0131n\u0131n bilik v\u0259 bacar\u0131qlar\u0131n\u0131n t\u0259kmill\u0259\u015fm\u0259sind\u0259 m\u00fch\u00fcm rolu olacaqd\u0131r\u201d.<br>Nax\u00e7\u0131van Muxtar Respublikas\u0131 Ali M\u0259clisi S\u0259drinin birinci m\u00fcavini seminar\u0131n t\u0259\u015fkili il\u0259 \u0259laq\u0259dar Az\u0259rbaycan Respublikas\u0131n\u0131n Prezidenti yan\u0131nda D\u00f6vl\u0259t \u0130dar\u0259\u00e7ilik Akademiyas\u0131n\u0131n r\u0259hb\u0259rliyin\u0259 minn\u0259tdarl\u0131\u011f\u0131n\u0131 bildirib.<br>Seminarda Az\u0259rbaycan Respublikas\u0131n\u0131n Prezidenti yan\u0131nda D\u00f6vl\u0259t \u0130dar\u0259\u00e7ilik Akademiyas\u0131n\u0131n rektoru, akademik Urxan \u018fl\u0259kb\u0259rov \u201c\u0130nnovativ inki\u015faf namin\u0259 s\u0259m\u0259r\u0259li idar\u0259etm\u0259: Az\u0259rbaycan Respublikas\u0131n\u0131n nailiyy\u0259tl\u0259ri beyn\u0259lxalq t\u0259\u015fkilatlar\u0131n hesabatlar\u0131nda (2003-2014)\u201d m\u00f6vzusunda m\u0259ruz\u0259 edib. Bildirilib ki, seminar i\u015ftirak\u00e7\u0131lar\u0131na t\u0259qdim olunacaq m\u0259lumatlar beyn\u0259lxalq t\u0259\u015fkilatlar\u0131n r\u0259smi saytlar\u0131nda yerl\u0259\u015fdiril\u0259n r\u0259smi hesabatlardan g\u00f6t\u00fcr\u00fcl\u00fcb v\u0259 Az\u0259rbaycan\u0131n inki\u015faf\u0131n\u0131 \u00f6z\u00fcnd\u0259 \u0259ks etdirir. Bu g\u00fcn insan kapital\u0131n\u0131n formala\u015fd\u0131r\u0131lmas\u0131, intellektual s\u0259viyy\u0259li kadrlar\u0131n yeti\u015fdirlm\u0259si m\u00fch\u00fcm m\u0259s\u0259l\u0259dir. Ona g\u00f6r\u0259 d\u0259 Az\u0259rbaycan Respublikas\u0131nda davaml\u0131 insan inki\u015faf\u0131n\u0131n t\u0259min olunmas\u0131 istiqam\u0259tind\u0259 m\u00fch\u00fcm i\u015fl\u0259r g\u00f6r\u00fcl\u00fcr. Son ill\u0259r \u00f6lk\u0259mizd\u0259 m\u00fcasir standartlara cavab ver\u0259n m\u00fcalic\u0259-diaqnostika m\u0259rk\u0259zl\u0259ri tikilib istifad\u0259y\u0259 verilib. Bu da insanlar\u0131n sa\u011flaml\u0131\u011f\u0131n\u0131n qorunmas\u0131nda m\u00fch\u00fcm rol oynay\u0131r. M\u00fcasir standartlara cavab ver\u0259n m\u0259kt\u0259b binalar\u0131n\u0131n tikilm\u0259si, onlar\u0131n m\u00fcasir avadanl\u0131qlarla t\u0259min edilm\u0259si, internet\u0259 \u00e7\u0131x\u0131\u015f bu g\u00fcn\u00fcn reall\u0131\u011f\u0131d\u0131r. B\u00fct\u00fcn bunlar Az\u0259rbaycanda insan amilin\u0259 g\u00f6st\u0259ril\u0259n b\u00f6y\u00fck qay\u011f\u0131n\u0131n n\u0259tic\u0259sidir v\u0259 bu proses Nax\u00e7\u0131van Muxtar Respublikas\u0131nda da s\u00fcr\u0259tl\u0259 h\u0259yata ke\u00e7irilir.<br>Urxan \u018fl\u0259kb\u0259rov muxtar respublikada h\u0259r bir sah\u0259d\u0259 \u0259ld\u0259 olunan inki\u015faf\u0131 d\u00fczg\u00fcn idar\u0259etm\u0259nin t\u0259\u015fkili il\u0259 \u0259laq\u0259l\u0259ndirib v\u0259 bunun \u00f6lk\u0259nin bir s\u0131ra regionlar\u0131 \u00fc\u00e7\u00fcn n\u00fcmun\u0259 oldu\u011funu diqq\u0259t\u0259 \u00e7atd\u0131r\u0131b, seminar\u0131n y\u00fcks\u0259k s\u0259viyy\u0259d\u0259 t\u0259\u015fkilin\u0259 g\u00f6r\u0259 Nax\u00e7\u0131van Muxtar Respublikas\u0131 Ali M\u0259clisinin S\u0259drin\u0259 minn\u0259tdarl\u0131q edib.<br>\u201cAz\u0259rbaycan\u0131n m\u00fcasir inki\u015faf konsepsiyas\u0131: varislik v\u0259 innovativlik\u201d m\u00f6vzusunda m\u0259ruz\u0259 ed\u0259n Az\u0259rbaycan Respublikas\u0131n\u0131n Prezidenti yan\u0131nda D\u00f6vl\u0259t \u0130dar\u0259\u00e7ilik Akademiyas\u0131n\u0131n Siyasi Ara\u015fd\u0131rmalar \u0130nstitutunun direktoru, siyasi elml\u0259r doktoru, professor Elman N\u0259sirov t\u0259dbir i\u015ftirak\u00e7\u0131lar\u0131n\u0131n diqq\u0259tin\u0259 \u00e7atd\u0131r\u0131b ki, \u00f6lk\u0259mizd\u0259 m\u00fc\u0259yy\u0259nl\u0259\u015fdiril\u0259n idar\u0259etm\u0259 strategiyas\u0131 ulu \u00f6nd\u0259r Heyd\u0259r \u018fliyevin ad\u0131 il\u0259 ba\u011fl\u0131d\u0131r. D\u00fczg\u00fcn idar\u0259etm\u0259d\u0259 ba\u015fl\u0131ca amil olan varisliyin qorunmas\u0131n\u0131n n\u0259tic\u0259sidir ki, bu g\u00fcn Az\u0259rbaycan Prezidenti \u0130lham \u018fliyevin f\u0259aliyy\u0259ti inki\u015faf etmi\u015f d\u00fcnya d\u00f6vl\u0259tl\u0259ri t\u0259r\u0259find\u0259n q\u0259bul edilir. Bu siyas\u0259ti Nax\u00e7\u0131van Muxtar Respublikas\u0131nda da g\u00f6rm\u0259k m\u00fcmk\u00fcnd\u00fcr. Bunun n\u0259tic\u0259sidir ki, muxtar respublikada b\u00fct\u00fcn sah\u0259l\u0259r \u00fczr\u0259 y\u00fcks\u0259k u\u011furlara nail olunub. Bunu ilk olaraq \u00fcmumi daxili m\u0259hsul istehsal\u0131nda g\u00f6rm\u0259k olar. \u201cNax\u00e7\u0131vanda 2014-c\u00fc ild\u0259 \u00fcmumi daxili m\u0259hsulun 2,4 milyard manat olmas\u0131, xarici ticar\u0259t d\u00f6vriyy\u0259sinin getdikc\u0259 artmas\u0131 m\u0259hz innovativ inki\u015faf\u0131n n\u0259tic\u0259sidir\u201d, &#8211; dey\u0259n Elman N\u0259sirov qeyd edib ki, blokada \u015f\u0259raitind\u0259 olan bir diyarda idxal\u0131n 21, ixrac\u0131n 79 faiz t\u0259\u015fkil etm\u0259si \u00e7ox y\u00fcks\u0259k n\u0259tic\u0259dir. Bunlar\u0131n ham\u0131s\u0131 bir daha onu g\u00f6st\u0259rir ki, Nax\u00e7\u0131vanda apar\u0131lan islahatlar, idar\u0259etm\u0259nin d\u00fczg\u00fcn qurulmas\u0131 n\u0259tic\u0259 etibar\u0131 il\u0259 muxtar respublikan\u0131n dinamik inki\u015faf\u0131na s\u0259b\u0259b olub.<br>Seminarda Az\u0259rbaycan Respublikas\u0131n\u0131n Prezidenti yan\u0131nda D\u00f6vl\u0259t \u0130dar\u0259\u00e7ilik Akademiyas\u0131n\u0131n Elmi-t\u0259\u015fkilat \u015f\u00f6b\u0259sinin m\u00fcdiri, siyasi elml\u0259r \u00fczr\u0259 f\u0259ls\u0259f\u0259 doktoru, dosent R\u0259c\u0259b R\u0259himli \u201cD\u00f6vl\u0259t qulluq\u00e7ular\u0131n\u0131n f\u0259aliyy\u0259tinin qiym\u0259tl\u0259ndirilm\u0259sind\u0259 innovativ metodlar\u0131n t\u0259tbiqi\u201d m\u00f6vzusunda m\u0259ruz\u0259 edib. Az\u0259rbaycan Respublikas\u0131n\u0131n Prezidenti yan\u0131nda D\u00f6vl\u0259t \u0130dar\u0259\u00e7ilik Akademiyas\u0131nda apar\u0131lan sosioloji sor\u011funun n\u0259tic\u0259l\u0259rin\u0259 diqq\u0259ti c\u0259lb ed\u0259n R\u0259c\u0259b R\u0259himli g\u0259l\u0259c\u0259kd\u0259 bel\u0259 sor\u011fular\u0131n davaml\u0131 xarakter alaca\u011f\u0131n\u0131 bildirib v\u0259 n\u0259tic\u0259l\u0259r \u0259sas\u0131nda qiym\u0259tl\u0259ndirm\u0259nin apar\u0131lmas\u0131n\u0131n t\u0259min edil\u0259c\u0259yini vur\u011fulay\u0131b.<br>Sonra m\u00f6vzu il\u0259 \u0259laq\u0259dar m\u00fczakir\u0259l\u0259r apar\u0131l\u0131b.<br>Seminarda \u015f\u0259h\u0259r v\u0259 rayon icra hakimiyy\u0259tl\u0259rinin, m\u00fcxt\u0259lif nazirlik, komit\u0259, idar\u0259 v\u0259 t\u0259\u015fkilatlar\u0131n n\u00fcmay\u0259nd\u0259l\u0259ri i\u015ftirak edib.<\/p>\n\n\n\n<p><\/p>\n\n\n\n<figure class=\"wp-container-2 wp-block-gallery-1 wp-block-gallery columns-3 is-cropped\"><ul class=\"blocks-gallery-grid\"><li class=\"blocks-gallery-item\"><figure><img width=\"640\" height=\"426\" src=\"https:\/\/dia.edu.az\/wp-content\/uploads\/2021\/03\/1428592337357886198_750x500.jpg\" alt=\"\" data-id=\"12965\" data-full-url=\"https:\/\/dia.edu.az\/wp-content\/uploads\/2021\/03\/1428592337357886198_750x500.jpg\" data-link=\"https:\/\/dia.edu.az\/?attachment_id=12965\" class=\"wp-image-12965\" srcset=\"https:\/\/legacy.dia.edu.az\/wp-content\/uploads\/2021\/03\/1428592337357886198_750x500.jpg 640w, https:\/\/legacy.dia.edu.az\/wp-content\/uploads\/2021\/03\/1428592337357886198_750x500-300x200.jpg 300w, https:\/\/legacy.dia.edu.az\/wp-content\/uploads\/2021\/03\/1428592337357886198_750x500-16x12.jpg 16w, https:\/\/legacy.dia.edu.az\/wp-content\/uploads\/2021\/03\/1428592337357886198_750x500-150x100.jpg 150w, https:\/\/legacy.dia.edu.az\/wp-content\/uploads\/2021\/03\/1428592337357886198_750x500-300x200@2x.jpg 600w\" sizes=\"(max-width: 640px) 100vw, 640px\" \/><\/figure><\/li><li class=\"blocks-gallery-item\"><figure><img width=\"640\" height=\"426\" src=\"https:\/\/dia.edu.az\/wp-content\/uploads\/2021\/03\/NAX2-1.jpg\" alt=\"\" data-id=\"12966\" data-full-url=\"https:\/\/dia.edu.az\/wp-content\/uploads\/2021\/03\/NAX2-1.jpg\" data-link=\"https:\/\/dia.edu.az\/?attachment_id=12966\" class=\"wp-image-12966\" srcset=\"https:\/\/legacy.dia.edu.az\/wp-content\/uploads\/2021\/03\/NAX2-1.jpg 640w, https:\/\/legacy.dia.edu.az\/wp-content\/uploads\/2021\/03\/NAX2-1-300x200.jpg 300w, https:\/\/legacy.dia.edu.az\/wp-content\/uploads\/2021\/03\/NAX2-1-16x12.jpg 16w, https:\/\/legacy.dia.edu.az\/wp-content\/uploads\/2021\/03\/NAX2-1-150x100.jpg 150w, https:\/\/legacy.dia.edu.az\/wp-content\/uploads\/2021\/03\/NAX2-1-300x200@2x.jpg 600w\" sizes=\"(max-width: 640px) 100vw, 640px\" \/><\/figure><\/li><li class=\"blocks-gallery-item\"><figure><img width=\"640\" height=\"426\" src=\"https:\/\/dia.edu.az\/wp-content\/uploads\/2021\/03\/NAXC.1.jpg\" alt=\"\" data-id=\"12967\" data-full-url=\"https:\/\/dia.edu.az\/wp-content\/uploads\/2021\/03\/NAXC.1.jpg\" data-link=\"https:\/\/dia.edu.az\/?attachment_id=12967\" class=\"wp-image-12967\" srcset=\"https:\/\/legacy.dia.edu.az\/wp-content\/uploads\/2021\/03\/NAXC.1.jpg 640w, https:\/\/legacy.dia.edu.az\/wp-content\/uploads\/2021\/03\/NAXC.1-300x200.jpg 300w, https:\/\/legacy.dia.edu.az\/wp-content\/uploads\/2021\/03\/NAXC.1-16x12.jpg 16w, https:\/\/legacy.dia.edu.az\/wp-content\/uploads\/2021\/03\/NAXC.1-150x100.jpg 150w, https:\/\/legacy.dia.edu.az\/wp-content\/uploads\/2021\/03\/NAXC.1-300x200@2x.jpg 600w\" sizes=\"(max-width: 640px) 100vw, 640px\" \/><\/figure><\/li><li class=\"blocks-gallery-item\"><figure><img width=\"640\" height=\"426\" src=\"https:\/\/dia.edu.az\/wp-content\/uploads\/2021\/03\/NAXCIBAN.jpg\" alt=\"\" data-id=\"12968\" data-full-url=\"https:\/\/dia.edu.az\/wp-content\/uploads\/2021\/03\/NAXCIBAN.jpg\" data-link=\"https:\/\/dia.edu.az\/?attachment_id=12968\" class=\"wp-image-12968\" srcset=\"https:\/\/legacy.dia.edu.az\/wp-content\/uploads\/2021\/03\/NAXCIBAN.jpg 640w, https:\/\/legacy.dia.edu.az\/wp-content\/uploads\/2021\/03\/NAXCIBAN-300x200.jpg 300w, https:\/\/legacy.dia.edu.az\/wp-content\/uploads\/2021\/03\/NAXCIBAN-16x12.jpg 16w, https:\/\/legacy.dia.edu.az\/wp-content\/uploads\/2021\/03\/NAXCIBAN-150x100.jpg 150w, https:\/\/legacy.dia.edu.az\/wp-content\/uploads\/2021\/03\/NAXCIBAN-300x200@2x.jpg 600w\" sizes=\"(max-width: 640px) 100vw, 640px\" \/><\/figure><\/li><\/ul><\/figure>","protected":false},"excerpt":{"rendered":"<p>Nax\u00e7\u0131vanda \u201cAz\u0259rbaycan\u0131n innovativ inki\u015faf\u0131\u201d m\u00f6vzusunda n\u00f6vb\u0259ti seminar ke\u00e7irilibApr 10 , 2015 &#8211; 04:07 Aprelin 9-da Nax\u00e7\u0131van \u015e\u0259h\u0259r \u0130cra Hakimiyy\u0259tinin akt zal\u0131nda Az\u0259rbaycan Respublikas\u0131n\u0131n Prezidenti yan\u0131nda D\u00f6vl\u0259t \u0130dar\u0259\u00e7ilik Akademiyas\u0131n\u0131n t\u0259\u015fkilat\u00e7\u0131l\u0131\u011f\u0131 il\u0259 \u201cAz\u0259rbaycan\u0131n innovativ inki\u015faf\u0131\u201d m\u00f6vzusunda seminar ke\u00e7irilib.Nax\u00e7\u0131van Muxtar Respublikas\u0131 Ali M\u0259clisi S\u0259drinin birinci m\u00fcavini Az\u0259r Zeynalov seminarda \u00e7\u0131x\u0131\u015f ed\u0259r\u0259k, Nax\u00e7\u0131van Muxtar Respublikas\u0131n\u0131n Ali M\u0259clisi il\u0259 Az\u0259rbaycan [&hellip;]<\/p>","protected":false},"author":2,"featured_media":12967,"comment_status":"closed","ping_status":"closed","sticky":false,"template":"","format":"standard","meta":[],"categories":[137],"tags":[],"_links":{"self":[{"href":"https:\/\/legacy.dia.edu.az\/ru\/wp-json\/wp\/v2\/posts\/12964"}],"collection":[{"href":"https:\/\/legacy.dia.edu.az\/ru\/wp-json\/wp\/v2\/posts"}],"about":[{"href":"https:\/\/legacy.dia.edu.az\/ru\/wp-json\/wp\/v2\/types\/post"}],"author":[{"embeddable":true,"href":"https:\/\/legacy.dia.edu.az\/ru\/wp-json\/wp\/v2\/users\/2"}],"replies":[{"embeddable":true,"href":"https:\/\/legacy.dia.edu.az\/ru\/wp-json\/wp\/v2\/comments?post=12964"}],"version-history":[{"count":0,"href":"https:\/\/legacy.dia.edu.az\/ru\/wp-json\/wp\/v2\/posts\/12964\/revisions"}],"wp:featuredmedia":[{"embeddable":true,"href":"https:\/\/legacy.dia.edu.az\/ru\/wp-json\/wp\/v2\/media\/12967"}],"wp:attachment":[{"href":"https:\/\/legacy.dia.edu.az\/ru\/wp-json\/wp\/v2\/media?parent=12964"}],"wp:term":[{"taxonomy":"category","embeddable":true,"href":"https:\/\/legacy.dia.edu.az\/ru\/wp-json\/wp\/v2\/categories?post=12964"},{"taxonomy":"post_tag","embeddable":true,"href":"https:\/\/legacy.dia.edu.az\/ru\/wp-json\/wp\/v2\/tags?post=12964"}],"curies":[{"name":"wp","href":"https:\/\/api.w.org\/{rel}","templated":true}]}}