{"id":12952,"date":"2015-04-22T11:29:00","date_gmt":"2015-04-22T08:29:00","guid":{"rendered":"https:\/\/dia.edu.az\/?p=12952"},"modified":"2021-03-17T11:31:28","modified_gmt":"2021-03-17T08:31:28","slug":"qarabag-t%c9%99dqiqatlari-movzusunda-konfrans-kecirilib","status":"publish","type":"post","link":"https:\/\/legacy.dia.edu.az\/ru\/arxivl\u0259r\/12952","title":{"rendered":"\u201cQaraba\u011f t\u0259dqiqatlar\u0131\u201d m\u00f6vzusunda konfrans ke\u00e7irilib"},"content":{"rendered":"<p><strong>\u201cQaraba\u011f t\u0259dqiqatlar\u0131\u201d m\u00f6vzusunda konfrans ke\u00e7irilib<\/strong><br><em>Apr 22 , 2015 &#8211; 11:39<\/em><\/p>\n\n\n\n<p>Az\u0259rbaycan Respublikas\u0131n\u0131n Prezidenti yan\u0131nda Elmin \u0130nki\u015faf\u0131 Fondu v\u0259 Az\u0259rbaycan Respublikas\u0131n\u0131n Prezidenti yan\u0131nda D\u00f6vl\u0259t \u0130dar\u0259\u00e7ilik Akademiyas\u0131n\u0131n birg\u0259 t\u0259\u015fkilat\u00e7\u0131l\u0131\u011f\u0131 il\u0259 \u00fcmummilli lider Heyd\u0259r \u018fliyevin anadan olmas\u0131n\u0131n 92-ci ild\u00f6n\u00fcm\u00fcn\u0259 h\u0259sr edil\u0259n \u201cQaraba\u011f t\u0259dqiqatlar\u0131\u201d m\u00f6vzusunda konfrans ke\u00e7irilib.<br>D\u00f6vl\u0259t \u0130dar\u0259\u00e7ilik Akademiyas\u0131nda ke\u00e7iril\u0259n konfransda alim v\u0259 m\u00fct\u0259x\u0259ssisl\u0259r, t\u0259l\u0259b\u0259l\u0259r i\u015ftirak edibl\u0259r.<br>D\u00f6vl\u0259t \u0130dar\u0259\u00e7ilik Akademiyas\u0131n\u0131n rektoru, akademik Urxan \u018fl\u0259kb\u0259rov \u00e7\u0131x\u0131\u015f ed\u0259r\u0259k i\u015f\u011fal\u00e7\u0131l\u0131q, q\u0259sbkarl\u0131q siyas\u0259ti aparan erm\u0259nil\u0259rin torpaqlar\u0131m\u0131zda t\u00f6r\u0259tdikl\u0259ri qanl\u0131 q\u0131r\u011f\u0131nlardan dan\u0131\u015f\u0131b.<br>Rektor b\u0259dnam d\u00fc\u015fm\u0259nin xalq\u0131m\u0131za qar\u015f\u0131 h\u0259yata ke\u00e7irdiyi soyq\u0131r\u0131m\u0131na 1993-c\u00fc ild\u0259 \u00fcmummilli lider Heyd\u0259r \u018fliyevin hakimiyy\u0259t\u0259 qay\u0131d\u0131\u015f\u0131ndan sonra h\u00fcquqi-siyasi qiym\u0259t verildiyini vur\u011fulay\u0131b v\u0259 Erm\u0259nistan-Az\u0259rbaycan, Da\u011fl\u0131q Qaraba\u011f m\u00fcnaqi\u015f\u0259si bar\u0259d\u0259 h\u0259qiq\u0259tl\u0259rin d\u00fcnya ictimaiyy\u0259tin\u0259 \u00e7atd\u0131r\u0131ld\u0131\u011f\u0131n\u0131 bildirib.<br>Ulu \u00f6nd\u0259r Heyd\u0259r \u018fliyevin siyas\u0259tinin Prezident \u0130lham \u018fliyev t\u0259r\u0259find\u0259n u\u011furla davam etdirildiyini diqq\u0259t\u0259 \u00e7atd\u0131ran akademik U. \u018fl\u0259kb\u0259rov, eyni zamanda, bu g\u00fcn Heyd\u0259r \u018fliyev Fondu v\u0259 dig\u0259r qurumlar\u0131n Az\u0259rbaycan h\u0259qiq\u0259tl\u0259rinin d\u00fcnyaya yay\u0131lmas\u0131nda m\u00fch\u00fcm rolundan b\u0259hs edib.<br>Elmin \u0130nki\u015faf\u0131 Fondunun icra\u00e7\u0131 direktoru El\u00e7in Babayev konfrans\u0131n m\u0259qs\u0259d v\u0259 m\u0259ram\u0131ndan, \u0259h\u0259miyy\u0259tind\u0259n b\u0259hs edib. O, h\u0259m\u00e7inin Fondun h\u0259yata ke\u00e7irdiyi t\u0259dbirl\u0259r bar\u0259d\u0259 m\u0259lumat verilib.<br>Az\u0259rbaycan A\u011fsaqqallar \u015euras\u0131n\u0131n s\u0259dri, Milli M\u0259clisin deputat\u0131 F\u0259ttah Heyd\u0259rov, Az\u0259rbaycan Milli Elml\u0259r Akademiyas\u0131n\u0131n vitse-prezidenti, Milli M\u0259clisin deputat\u0131, akademik \u0130sa H\u0259bibb\u0259yli m\u0259nfur erm\u0259nil\u0259rin zaman-zaman t\u00f6r\u0259tdikl\u0259ri d\u0259h\u015f\u0259tli faci\u0259l\u0259ri \u0259sasl\u0131 fakt v\u0259 d\u0259lill\u0259rl\u0259 diqq\u0259t\u0259 \u00e7atd\u0131r\u0131blar.<br>Heyd\u0259r \u018fliyev ideyalar\u0131n\u0131n Prezident \u0130lham \u018fliyev t\u0259r\u0259find\u0259n \u0259zml\u0259 h\u0259yata ke\u00e7irildiyini vur\u011fulayan natiql\u0259r \u00f6lk\u0259mizin dinamik \u015f\u0259kild\u0259 inki\u015faf etdiyini bildiribl\u0259r.<br>Milli M\u0259clisin deputat\u0131, professor Musa Qas\u0131ml\u0131 \u201cErm\u0259nistan\u0131n sovetl\u0259\u015fm\u0259sind\u0259n Az\u0259rbaycan \u0259razil\u0259rinin i\u015f\u011fal\u0131nad\u0259k (1920-1994-c\u00fc ill\u0259r) erm\u0259ni iddialar\u0131\u201d m\u00f6vzusunda m\u0259ruz\u0259 edib.<br>Konfransda Erm\u0259nistan-Az\u0259rbaycan, Da\u011fl\u0131q Qaraba\u011f m\u00fcnaqi\u015f\u0259si, az\u0259rbaycanl\u0131lara qar\u015f\u0131 t\u00f6r\u0259dilmi\u015f soyq\u0131r\u0131mlar\u0131, erm\u0259ni diasporunun m\u0259krli f\u0259aliyy\u0259ti bar\u0259d\u0259, h\u0259m\u00e7inin Elmin \u0130nki\u015faf\u0131 Fondunun 2012-ci il may\u0131n 8-d\u0259 t\u0259sis etdiyi v\u0259 h\u0259min vaxtdan etibar\u0259n ke\u00e7irdiyi \u201c\u015eu\u015fa qrant\u0131\u201d m\u00fcsabiq\u0259l\u0259ri \u00e7\u0259r\u00e7iv\u0259sind\u0259 yerin\u0259 yetirilmi\u015f elmi-t\u0259dqiqat layih\u0259l\u0259ri \u00fczr\u0259 \u0259ld\u0259 edil\u0259n n\u0259tic\u0259l\u0259r\u0259 dair elmi m\u0259ruz\u0259l\u0259r d\u0259 dinl\u0259nilib.<br>M\u0259ruz\u0259l\u0259r Erm\u0259nistan\u0131n Az\u0259rbaycana qar\u015f\u0131 t\u0259cav\u00fcz\u00fc m\u0259s\u0259l\u0259sind\u0259 b\u00f6y\u00fck d\u00f6vl\u0259tl\u0259rin v\u0259 beyn\u0259lxalq t\u0259\u015fkilatlar\u0131n m\u00f6vqeyini, Az\u0259rbaycanda m\u0259cburi k\u00f6\u00e7k\u00fcnl\u0259rin sa\u011flaml\u0131q v\u0259ziyy\u0259tinin kompleks \u015f\u0259kild\u0259 qiym\u0259tl\u0259ndirilm\u0259sini, Qaraba\u011f geyiml\u04d9rini, \u015eu\u015fa \u015f\u04d9h\u04d9rinin 3D modeli v\u0259 kosmik t\u0259svirl\u0259r \u0259sas\u0131nda haz\u0131rk\u0131 v\u04d9ziyy\u04d9tinin qiym\u04d9tl\u04d9ndirilm\u04d9sini, Qaraba\u011fda xalq oyunlar\u0131 v\u0259 meydan tama\u015falar\u0131n\u0131, Qaraba\u011fdak\u0131 N\u0259rgizt\u0259p\u0259 arxeoloji abid\u0259l\u0259r kompleksi \u00fczr\u0259 t\u0259dqiqatlar\u0131, Qaraba\u011f\u0131n bir s\u0131ra maddi-m\u0259d\u0259niyy\u0259t abid\u0259l\u0259rinin virtual rekonstruksiyas\u0131n\u0131 \u0259hat\u0259 edib.<br>Konfrans materiallar\u0131 kitab \u015f\u0259klind\u0259 \u00e7ap olunacaq.<\/p>\n\n\n\n<p><\/p>\n\n\n\n<figure class=\"wp-container-2 wp-block-gallery-1 wp-block-gallery columns-3 is-cropped\"><ul class=\"blocks-gallery-grid\"><li class=\"blocks-gallery-item\"><figure><img width=\"640\" height=\"432\" src=\"https:\/\/dia.edu.az\/wp-content\/uploads\/2021\/03\/fond.jpg\" alt=\"\" data-id=\"12953\" data-full-url=\"https:\/\/dia.edu.az\/wp-content\/uploads\/2021\/03\/fond.jpg\" data-link=\"https:\/\/dia.edu.az\/?attachment_id=12953\" class=\"wp-image-12953\" srcset=\"https:\/\/legacy.dia.edu.az\/wp-content\/uploads\/2021\/03\/fond.jpg 640w, https:\/\/legacy.dia.edu.az\/wp-content\/uploads\/2021\/03\/fond-300x203.jpg 300w, https:\/\/legacy.dia.edu.az\/wp-content\/uploads\/2021\/03\/fond-16x12.jpg 16w, https:\/\/legacy.dia.edu.az\/wp-content\/uploads\/2021\/03\/fond-150x100.jpg 150w, https:\/\/legacy.dia.edu.az\/wp-content\/uploads\/2021\/03\/fond-300x203@2x.jpg 600w\" sizes=\"(max-width: 640px) 100vw, 640px\" \/><\/figure><\/li><li class=\"blocks-gallery-item\"><figure><img width=\"640\" height=\"424\" src=\"https:\/\/dia.edu.az\/wp-content\/uploads\/2021\/03\/FOND1.jpg\" alt=\"\" data-id=\"12954\" data-full-url=\"https:\/\/dia.edu.az\/wp-content\/uploads\/2021\/03\/FOND1.jpg\" data-link=\"https:\/\/dia.edu.az\/?attachment_id=12954\" class=\"wp-image-12954\" srcset=\"https:\/\/legacy.dia.edu.az\/wp-content\/uploads\/2021\/03\/FOND1.jpg 640w, https:\/\/legacy.dia.edu.az\/wp-content\/uploads\/2021\/03\/FOND1-300x199.jpg 300w, https:\/\/legacy.dia.edu.az\/wp-content\/uploads\/2021\/03\/FOND1-16x12.jpg 16w, https:\/\/legacy.dia.edu.az\/wp-content\/uploads\/2021\/03\/FOND1-150x100.jpg 150w, https:\/\/legacy.dia.edu.az\/wp-content\/uploads\/2021\/03\/FOND1-300x199@2x.jpg 600w\" sizes=\"(max-width: 640px) 100vw, 640px\" \/><\/figure><\/li><li class=\"blocks-gallery-item\"><figure><img width=\"640\" height=\"424\" src=\"https:\/\/dia.edu.az\/wp-content\/uploads\/2021\/03\/FOND2.jpg\" alt=\"\" data-id=\"12955\" data-full-url=\"https:\/\/dia.edu.az\/wp-content\/uploads\/2021\/03\/FOND2.jpg\" data-link=\"https:\/\/dia.edu.az\/?attachment_id=12955\" class=\"wp-image-12955\" srcset=\"https:\/\/legacy.dia.edu.az\/wp-content\/uploads\/2021\/03\/FOND2.jpg 640w, https:\/\/legacy.dia.edu.az\/wp-content\/uploads\/2021\/03\/FOND2-300x199.jpg 300w, https:\/\/legacy.dia.edu.az\/wp-content\/uploads\/2021\/03\/FOND2-16x12.jpg 16w, https:\/\/legacy.dia.edu.az\/wp-content\/uploads\/2021\/03\/FOND2-150x100.jpg 150w, https:\/\/legacy.dia.edu.az\/wp-content\/uploads\/2021\/03\/FOND2-300x199@2x.jpg 600w\" sizes=\"(max-width: 640px) 100vw, 640px\" \/><\/figure><\/li><\/ul><\/figure>","protected":false},"excerpt":{"rendered":"<p>\u201cQaraba\u011f t\u0259dqiqatlar\u0131\u201d m\u00f6vzusunda konfrans ke\u00e7irilibApr 22 , 2015 &#8211; 11:39 Az\u0259rbaycan Respublikas\u0131n\u0131n Prezidenti yan\u0131nda Elmin \u0130nki\u015faf\u0131 Fondu v\u0259 Az\u0259rbaycan Respublikas\u0131n\u0131n Prezidenti yan\u0131nda D\u00f6vl\u0259t \u0130dar\u0259\u00e7ilik Akademiyas\u0131n\u0131n birg\u0259 t\u0259\u015fkilat\u00e7\u0131l\u0131\u011f\u0131 il\u0259 \u00fcmummilli lider Heyd\u0259r \u018fliyevin anadan olmas\u0131n\u0131n 92-ci ild\u00f6n\u00fcm\u00fcn\u0259 h\u0259sr edil\u0259n \u201cQaraba\u011f t\u0259dqiqatlar\u0131\u201d m\u00f6vzusunda konfrans ke\u00e7irilib.D\u00f6vl\u0259t \u0130dar\u0259\u00e7ilik Akademiyas\u0131nda ke\u00e7iril\u0259n konfransda alim v\u0259 m\u00fct\u0259x\u0259ssisl\u0259r, t\u0259l\u0259b\u0259l\u0259r i\u015ftirak edibl\u0259r.D\u00f6vl\u0259t \u0130dar\u0259\u00e7ilik Akademiyas\u0131n\u0131n [&hellip;]<\/p>","protected":false},"author":2,"featured_media":12955,"comment_status":"closed","ping_status":"closed","sticky":false,"template":"","format":"standard","meta":[],"categories":[137],"tags":[],"_links":{"self":[{"href":"https:\/\/legacy.dia.edu.az\/ru\/wp-json\/wp\/v2\/posts\/12952"}],"collection":[{"href":"https:\/\/legacy.dia.edu.az\/ru\/wp-json\/wp\/v2\/posts"}],"about":[{"href":"https:\/\/legacy.dia.edu.az\/ru\/wp-json\/wp\/v2\/types\/post"}],"author":[{"embeddable":true,"href":"https:\/\/legacy.dia.edu.az\/ru\/wp-json\/wp\/v2\/users\/2"}],"replies":[{"embeddable":true,"href":"https:\/\/legacy.dia.edu.az\/ru\/wp-json\/wp\/v2\/comments?post=12952"}],"version-history":[{"count":0,"href":"https:\/\/legacy.dia.edu.az\/ru\/wp-json\/wp\/v2\/posts\/12952\/revisions"}],"wp:featuredmedia":[{"embeddable":true,"href":"https:\/\/legacy.dia.edu.az\/ru\/wp-json\/wp\/v2\/media\/12955"}],"wp:attachment":[{"href":"https:\/\/legacy.dia.edu.az\/ru\/wp-json\/wp\/v2\/media?parent=12952"}],"wp:term":[{"taxonomy":"category","embeddable":true,"href":"https:\/\/legacy.dia.edu.az\/ru\/wp-json\/wp\/v2\/categories?post=12952"},{"taxonomy":"post_tag","embeddable":true,"href":"https:\/\/legacy.dia.edu.az\/ru\/wp-json\/wp\/v2\/tags?post=12952"}],"curies":[{"name":"wp","href":"https:\/\/api.w.org\/{rel}","templated":true}]}}