{"id":12949,"date":"2015-04-23T11:28:00","date_gmt":"2015-04-23T08:28:00","guid":{"rendered":"https:\/\/dia.edu.az\/?p=12949"},"modified":"2021-03-17T11:29:01","modified_gmt":"2021-03-17T08:29:01","slug":"qarabag-h%c9%99qiq%c9%99tl%c9%99ri-haqqinda-novb%c9%99ti-qisamudd%c9%99tli-kurslar-basa-catib","status":"publish","type":"post","link":"https:\/\/legacy.dia.edu.az\/ru\/arxivl\u0259r\/12949","title":{"rendered":"Qaraba\u011f h\u0259qiq\u0259tl\u0259ri haqq\u0131nda n\u00f6vb\u0259ti q\u0131sam\u00fcdd\u0259tli kurslar ba\u015fa \u00e7at\u0131b"},"content":{"rendered":"<p><strong>Qaraba\u011f h\u0259qiq\u0259tl\u0259ri haqq\u0131nda n\u00f6vb\u0259ti q\u0131sam\u00fcdd\u0259tli kurslar ba\u015fa \u00e7at\u0131b<\/strong><br><em>Apr 23 , 2015 &#8211; 04:04<\/em><\/p>\n\n\n\n<p>Az\u0259rbaycan Respublikas\u0131n\u0131n Prezidenti yan\u0131nda D\u00f6vl\u0259t \u0130dar\u0259\u00e7ilik Akademiyas\u0131 v\u0259 \u201cAz\u0259rbaycan Respublikas\u0131 Da\u011fl\u0131q Qaraba\u011f B\u00f6lg\u0259sinin Az\u0259rbaycanl\u0131 \u0130cmas\u0131\u201d \u0130ctimai Birliyinin birg\u0259 t\u0259sis etdikl\u0259ri Qaraba\u011f Ara\u015fd\u0131rmalar M\u0259rk\u0259zind\u0259 \u201cErm\u0259nistan-Az\u0259rbaycan, Da\u011fl\u0131q Qaraba\u011f m\u00fcnaqi\u015f\u0259si: tarixi k\u00f6kl\u0259ri, m\u0259rh\u0259l\u0259l\u0259ri v\u0259 h\u0259lli perspektivl\u0259ri\u201d proqram\u0131 \u00fczr\u0259 n\u00f6vb\u0259ti q\u0131sam\u00fcdd\u0259tl\u0131 kurslara aprelin 23-d\u0259 yekun vurulub.<\/p>\n\n\n\n<p>DIA bildirilib ki, kurslar\u0131n bud\u0259f\u0259ki dinl\u0259yicil\u0259ri Az\u0259rbaycan Respublikas\u0131n\u0131n Prezidenti yan\u0131nda Bilik Fondunun \u0259m\u0259kda\u015flar\u0131 olublar. Sonuncu m\u00fchazir\u0259ni \u201cAz\u0259rbaycan Respublikas\u0131 Da\u011fl\u0131q Qaraba\u011f B\u00f6lg\u0259sinin Az\u0259rbaycanl\u0131 \u0130cmas\u0131\u201d \u0130ctimai Birliyinin \u018flaq\u0259l\u0259ndirm\u0259 \u015euras\u0131n\u0131n s\u0259dri, Qaraba\u011f Ara\u015fd\u0131rmalar M\u0259rk\u0259zinin r\u0259hb\u0259ri, D\u00f6vl\u0259t \u0130dar\u0259\u00e7ilik Akademiyas\u0131n\u0131n dosenti El\u00e7in \u018fhm\u0259dov \u201cErm\u0259nistan\u0131n Az\u0259rbaycana t\u0259cav\u00fcz\u00fc v\u0259 saxta erm\u0259ni soyq\u0131r\u0131m\u0131\u201d m\u00f6vzusunda oxuyub. O, qeyd edib ki, erm\u0259ni mill\u0259t\u00e7il\u0259rinin t\u0259cav\u00fczkar siyas\u0259ti n\u0259tic\u0259sind\u0259 t\u0259kc\u0259 XX \u0259srd\u0259 az\u0259rbaycanl\u0131lar 4 d\u0259f\u0259 &#8211; 1905-1906-c\u0131, 1918-1920-ci, 1948-1953-c\u00fc v\u0259 n\u0259hay\u0259t, 1988-1993-c\u00fc ill\u0259rd\u0259 t\u00f6r\u0259dil\u0259n soyq\u0131r\u0131m\u0131 v\u0259 etnik t\u0259mizl\u0259m\u0259l\u0259r\u0259 m\u0259ruz qal\u0131b.<\/p>\n\n\n\n<p>Erm\u0259nistan\u0131n Az\u0259rbaycana qar\u015f\u0131 t\u0259cav\u00fcz\u00fc ba\u015flayandan ke\u00e7\u0259n d\u00f6vr \u0259rzind\u0259 apar\u0131lan dan\u0131\u015f\u0131qlarda t\u0259cav\u00fczkar Erm\u0259nistan qeyri-konstruktiv m\u00f6vqed\u0259n \u00e7\u0131x\u0131\u015f ed\u0259r\u0259k i\u015f\u011fal\u00e7\u0131l\u0131q siyas\u0259tind\u0259n \u0259l \u00e7\u0259kmir. Dig\u0259r t\u0259r\u0259fd\u0259n is\u0259 d\u00fcnya birliyinin ikili standartlar prinsipind\u0259n \u00e7\u0131x\u0131\u015f etm\u0259si, BMT v\u0259 AT\u018fT kimi beyn\u0259lxalq t\u0259\u015fkilatlar\u0131n \u00f6z t\u0259klif v\u0259 q\u0259tnam\u0259l\u0259rini h\u0259yata ke\u00e7irm\u0259k \u00fc\u00e7\u00fcn konkret f\u0259aliyy\u0259t g\u00f6st\u0259rm\u0259m\u0259si dan\u0131\u015f\u0131qlar prosesind\u0259 ir\u0259lil\u0259yi\u015fin \u0259ld\u0259 olunmas\u0131na mane\u0259 t\u00f6r\u0259dir. Buna s\u0259b\u0259b bir t\u0259r\u0259fd\u0259n Erm\u0259nistan\u0131n qeyri-konstruktiv m\u00f6vqed\u0259n \u00e7\u0131x\u0131\u015f ed\u0259r\u0259k i\u015f\u011fal\u00e7\u0131l\u0131q siyas\u0259tini davam etdirm\u0259si, dig\u0259r t\u0259r\u0259fd\u0259n beyn\u0259lxalq t\u0259\u015f\u00ac\u00ackilatlar\u0131n t\u0259cav\u00fczkarla t\u0259cav\u00fcz\u0259 m\u0259ruz qalan\u0131 eyni tutmas\u0131d\u0131r.<\/p>\n\n\n\n<p>Qondarma \u201cerm\u0259ni soyq\u0131r\u0131m\u0131\u201d haqq\u0131nda iddialara g\u0259ldikd\u0259 is\u0259 El\u00e7in \u018fhm\u0259dov qeyd edib ki, bu iddia subyektiv m\u00fclahiz\u0259l\u0259r\u0259 s\u00f6yk\u0259nm\u0259kl\u0259 yana\u015f\u0131, islamofob, antiaz\u0259rbaycan v\u0259 antit\u00fcrk meyill\u0259rin son d\u00f6vrl\u0259rd\u0259 g\u00fccl\u0259nm\u0259sinin t\u0259zah\u00fcr\u00fcd\u00fcr. \u018fg\u0259r Avropa Parlamenti 100 il \u0259vv\u0259l iddia edil\u0259n hadis\u0259 haqq\u0131nda bel\u0259 \u0259dal\u0259tsiz, x\u00fcsusi m\u0259qs\u0259d da\u015f\u0131yan q\u0259rar q\u0259bul edirs\u0259, b\u0259s n\u0259 \u00fc\u00e7\u00fcn 23 il \u0259vv\u0259l &#8211; 1992-ci ilin fevral ay\u0131nda Xocal\u0131da Erm\u0259nistan\u0131n d\u00f6vl\u0259t s\u0259viyy\u0259sind\u0259 b\u0259\u015f\u0259riyy\u0259t\u0259 v\u0259 insanl\u0131\u011fa qar\u015f\u0131 cinay\u0259t ed\u0259r\u0259k t\u00f6r\u0259tdiyi soyq\u0131r\u0131m\u0131n\u0131n \u00fcst\u00fcnd\u0259n s\u00fckutla ke\u00e7ir?<\/p>\n\n\n\n<p>O bildirib ki, Avropa Parlamentinin bel\u0259 q\u0259tnam\u0259 q\u0259bul etm\u0259si tarixi ger\u00e7\u0259kliyi \u0259ks etdirmir v\u0259 s\u0131rf siyasi m\u0259qs\u0259dl\u0259r g\u00fcd\u00fcr. Bu, h\u0259m d\u0259 m\u00fcasir d\u00fcnyada, x\u00fcsus\u0259n Q\u0259rbd\u0259 h\u00f6km s\u00fcr\u0259n ikili standartlar\u0131n n\u0259tic\u0259sidir. Ona g\u00f6r\u0259 ki, Avropa Parlamentinin bel\u0259 bir m\u0259suliyy\u0259ti &#8211; y\u00fcz il bundan \u0259vv\u0259l \u201cerm\u0259ni soyq\u0131r\u0131m\u0131\u201d deyil\u0259n v\u0259 olmam\u0131\u015f bir hadis\u0259ni \u00f6z \u00fcz\u0259rin\u0259 g\u00f6t\u00fcrm\u0259si, eyni zamanda, Avropa demokratiyas\u0131na olan inam\u0131 da sars\u0131d\u0131b. Az\u0259rbaycan d\u00f6vl\u0259ti v\u0259 xalq\u0131 bel\u0259 yalanlarla, \u201cqara piar\u201d kampaniyalar\u0131 il\u0259 \u201cEurovision\u201d mahn\u0131 m\u00fcsabiq\u0259si zaman\u0131 da qar\u015f\u0131la\u015f\u0131b v\u0259 indi d\u0259 I Avropa Oyunlar\u0131 \u0259r\u0259f\u0259sind\u0259 h\u0259min siyas\u0259ti a\u00e7\u0131q-a\u015fkar m\u00fc\u015fahid\u0259 edirik. D\u00f6vl\u0259timizin ba\u015f\u00e7\u0131s\u0131 \u0130lham \u018fliyevin qeyd etdiyi kimi, \u201cAz\u0259rbaycan xalq\u0131n\u0131 bu \u0259dal\u0259tsizlik, ikili standartlar siyas\u0259ti, riyakarl\u0131q v\u0259 siyasi m\u0259d\u0259niyy\u0259tsizlik \u00fcz\u00fcr. Ancaq bu, bizim irad\u0259miz\u0259 he\u00e7 vaxt t\u0259sir ed\u0259 bilm\u0259z. D\u00fcnyan\u0131n b\u00fct\u00fcn yerl\u0259rind\u0259 biz bunu g\u00f6r\u00fcr\u00fck, kim g\u00fccl\u00fcd\u00fcr o da haql\u0131d\u0131r. Ona g\u00f6r\u0259 d\u0259 g\u00fccl\u00fc olmaq laz\u0131md\u0131r. Biz d\u0259 bunu \u00e7oxdan ba\u015flam\u0131\u015f\u0131q: g\u00fccl\u00fc ordu, g\u00fccl\u00fc iqtisadiyyat, v\u0259t\u0259nda\u015f h\u0259mr\u0259yliyi v\u0259 \u0259lb\u0259tt\u0259 ki, d\u00fc\u015f\u00fcn\u00fclm\u00fc\u015f siyas\u0259t v\u0259 sosial \u0259dal\u0259t\u201d.<\/p>\n\n\n\n<p><br>\u00c7anaqqala d\u00f6y\u00fc\u015f\u00fcn\u00fc t\u00fcrk xalq\u0131n\u0131n \u015f\u0259r\u0259f v\u0259 q\u0259hr\u0259manl\u0131q salnam\u0259si kimi qiym\u0259tl\u0259ndir\u0259n Qaraba\u011f Ara\u015fd\u0131rmalar M\u0259rk\u0259zinin r\u0259hb\u0259ri qeyd edib ki, bir mill\u0259tin g\u00fcc\u00fcn\u00fc ortaya \u00e7\u0131xararaq n\u0259l\u0259r ed\u0259 bil\u0259c\u0259yini g\u00f6st\u0259r\u0259n bu \u015f\u0259r\u0259fli d\u00f6y\u00fc\u015f, y\u0259ni, o tarixi g\u00fcn, 18 mart \u00c7anaqqala \u015e\u0259hidl\u0259rini Anma G\u00fcn\u00fc olaraq elan edilib. M\u00fctt\u0259fiql\u0259r \u00fc\u00e7\u00fcn is\u0259 bu d\u00f6y\u00fc\u015f \u0259sg\u0259ri bacar\u0131qs\u0131zl\u0131q v\u0259 f\u0259lak\u0259t simvolu olaraq say\u0131l\u0131b. Bununla yana\u015f\u0131, \u00c7anaqqala d\u00f6y\u00fc\u015f\u00fc m\u0259hv olma v\u0259ziyy\u0259tind\u0259 olan bir \u00f6lk\u0259nin m\u00f6ht\u0259\u015f\u0259m q\u0259l\u0259b\u0259si kimi art\u0131q h\u0259r bir t\u00fcrk v\u0259t\u0259nda\u015f\u0131n m\u00fcbarizliyinin r\u0259mzi kimi \u0259b\u0259dil\u0259\u015fib. \u00c7anaqqala d\u00f6y\u00fc\u015f\u00fcnd\u0259 T\u00fcrkiy\u0259nin 253 min d\u00f6y\u00fc\u015f\u00e7\u00fcs\u00fc il\u0259 yana\u015f\u0131, eyni zamanda 3 min\u0259 yax\u0131n az\u0259rbaycanl\u0131n\u0131n da \u015f\u0259hid oldu\u011fu bildirilir. Bu haqda T\u00fcrkiy\u0259 Prezidenti R\u0259c\u0259b Tayyib \u018frdo\u011fan da \u00f6z \u00e7\u0131x\u0131\u015flar\u0131nda d\u0259f\u0259l\u0259rl\u0259 bildirib.<\/p>\n\n\n\n<p>Aprelin 24-d\u0259 \u00c7anaqqalada t\u00fcrk ordusunun q\u0259hr\u0259mancas\u0131na q\u0259l\u0259b\u0259 qazanmas\u0131n\u0131n 100 illiyi qeyd edil\u0259c\u0259k. M\u0259rasimd\u0259 Az\u0259rbaycan Prezidenti d\u0259 i\u015ftirak ed\u0259c\u0259k. T\u00fcrkiy\u0259d\u0259 \u00c7anaqqala z\u0259f\u0259rinin 100 illiyinin qeyd edilm\u0259sin\u0259 dair q\u0259bul olunmu\u015f q\u0259rar qarda\u015f \u00f6lk\u0259nin \u0259razil\u0259rinin d\u00fc\u015fm\u0259n \u0259sar\u0259tind\u0259n xilas edilm\u0259sind\u0259 h\u0259lledici rol oynam\u0131\u015f tarixi hadis\u0259nin, b\u00f6y\u00fck d\u00f6n\u00fc\u015f m\u0259qam\u0131n\u0131n beyn\u0259lxalq ictimaiyy\u0259tin diqq\u0259tin\u0259 \u00e7atd\u0131r\u0131lmas\u0131 bax\u0131m\u0131ndan m\u00fch\u00fcm \u0259h\u0259miyy\u0259t k\u0259sb edir. Bu, T\u00fcrkiy\u0259d\u0259 v\u0259 \u00fcmumiyy\u0259tl\u0259, t\u00fcrk d\u00fcnyas\u0131nda m\u00fcst\u0259qil d\u00f6vl\u0259t\u00e7iliyin, v\u0259t\u0259np\u0259rv\u0259rliyin daha da q\u00fcvv\u0259tl\u0259nm\u0259sin\u0259 t\u0259kan ver\u0259c\u0259k m\u00fch\u00fcm hadis\u0259 olacaq. \u00c7anaqqala z\u0259f\u0259rinin y\u00fcks\u0259k s\u0259viyy\u0259d\u0259 an\u0131lmas\u0131 h\u0259min tarixi prosesl\u0259rd\u0259 \u0259sl qarda\u015fl\u0131q n\u00fcmun\u0259si g\u00f6st\u0259rmi\u015f, b\u00f6y\u00fck qurtulu\u015f sava\u015f\u0131nda k\u00f6n\u00fcll\u00fc i\u015ftirak etmi\u015f v\u0259 Anadolu torpaqlar\u0131nda \u015f\u0259hid olmu\u015f Az\u0259rbaycan o\u011fullar\u0131n\u0131n da xatir\u0259sin\u0259 ehtiram\u0131n bir ifad\u0259sidir.<\/p>\n\n\n\n<p>E.\u018fhm\u0259dov qeyd edib ki, Az\u0259rbaycan Prezidenti \u0130lham \u018fliyevin \u00c7anaqqala z\u0259f\u0259rinin birlikd\u0259 qeyd olunmas\u0131 bar\u0259d\u0259 q\u0259ti m\u00f6vqeyi T\u00fcrkiy\u0259 v\u0259 Az\u0259rbaycan d\u00f6vl\u0259tl\u0259rinin v\u0259 xalqlar\u0131n\u0131n b\u00fct\u00fcn tarixi d\u00f6vrl\u0259rd\u0259 oldu\u011fu kimi, bu g\u00fcn d\u0259 bir yerd\u0259 v\u0259 h\u0259mr\u0259y olduqlar\u0131n\u0131, h\u0259min tarixi sava\u015fdan \u00e7\u0131xan ibr\u0259t d\u0259rsl\u0259rinin h\u0259r iki \u00f6lk\u0259 \u00fc\u00e7\u00fcn \u00e7ox m\u00fch\u00fcm \u0259h\u0259miyy\u0259t da\u015f\u0131d\u0131\u011f\u0131n\u0131n d\u00fcnya ictimaiyy\u0259ti qar\u015f\u0131s\u0131nda n\u00fcmayi\u015fin\u0259 xidm\u0259t etm\u0259kl\u0259 yana\u015f\u0131, i\u015f\u011fal alt\u0131ndak\u0131 torpaqlar\u0131m\u0131z\u0131n azad edil\u0259c\u0259yin\u0259 birg\u0259 inam\u0131n da t\u0259c\u0259ss\u00fcm\u00fcd\u00fcr. \u00dcmumiyy\u0259tl\u0259, b\u00fct\u00fcn d\u00f6vrl\u0259rd\u0259 T\u00fcrkiy\u0259-Az\u0259rbaycan m\u00fcnasib\u0259tl\u0259ri h\u0259m iki \u00f6lk\u0259, h\u0259m d\u0259 region \u00fc\u00e7\u00fcn \u00e7ox \u00f6n\u0259mli rol oynay\u0131b. Bu g\u00fcn \u00f6lk\u0259l\u0259rimiz aras\u0131nda strateji t\u0259r\u0259fda\u015fl\u0131q m\u00fcnasib\u0259tl\u0259ri m\u00f6vcuddur v\u0259 b\u00fct\u00fcn sah\u0259l\u0259rd\u0259 \u0259laq\u0259l\u0259rimiz u\u011furla inki\u015faf edir. Bu s\u0259b\u0259bd\u0259n Az\u0259rbaycan d\u00f6vl\u0259tinin ba\u015f\u00e7\u0131s\u0131 \u0130lham \u018fliyev b\u0259yan edib ki, \u201cB\u00f6lg\u0259d\u0259 T\u00fcrkiy\u0259-Az\u0259rbaycan \u0259m\u0259kda\u015fl\u0131\u011f\u0131, i\u015fbirliyi olmadan he\u00e7 bir t\u0259\u015f\u0259bb\u00fcs, he\u00e7 bir layih\u0259 h\u0259yata ke\u00e7iril\u0259 bilm\u0259z\u201d.<\/p>\n\n\n\n<p>Diqq\u0259t\u0259 \u00e7atd\u0131r\u0131l\u0131b ki, g\u00f6r\u00fcl\u0259n bu i\u015fl\u0259r, he\u00e7 \u015f\u00fcbh\u0259siz, Az\u0259rbaycan\u0131n geosiyasi \u0259h\u0259miyy\u0259tini, g\u00fcc\u00fcn\u00fc, t\u0259sir imkanlar\u0131n\u0131 daha da art\u0131racaq. Biz d\u0259 h\u0259r zaman oldu\u011fu kimi, Az\u0259rbaycan Prezidenti \u0130lham \u018fliyevin apard\u0131\u011f\u0131 bu siyas\u0259ti m\u00fcdafi\u0259 ed\u0259r\u0259k, Qaraba\u011f h\u0259qiq\u0259tl\u0259ri haqq\u0131nda d\u00fcnya ictimaiyy\u0259tinin m\u0259lumatland\u0131r\u0131lmas\u0131 istiqam\u0259tind\u0259 ke\u00e7iril\u0259n t\u0259dbirl\u0259rin co\u011frafiyas\u0131n\u0131 geni\u015fl\u0259ndirm\u0259liyik. Eyni zamanda, d\u00f6vl\u0259t ba\u015f\u00e7\u0131s\u0131n\u0131n Az\u0259rbaycan ziyal\u0131lar\u0131, diplomatlar\u0131 v\u0259 ictimaiyy\u0259ti qar\u015f\u0131s\u0131nda qoydu\u011fu v\u0259 d\u0259f\u0259l\u0259rl\u0259 vur\u011fulad\u0131\u011f\u0131 missiyan\u0131 &#8211; h\u00fccum diplomatiyas\u0131n\u0131 yaddan \u00e7\u0131xarmamal\u0131, t\u0259cav\u00fczkar Erm\u0259nistan\u0131n b\u00fct\u00fcn d\u00fcnyada if\u015fa olunmas\u0131na nail olmal\u0131y\u0131q.<\/p>\n\n\n\n<p>Aprelin 1-d\u0259n ba\u015flayan kurslarda AMEA-n\u0131n m\u00fcxbir \u00fczv\u00fc, Tarix \u0130nstitutunun direktoru, tarix elml\u0259ri doktoru, professor Yaqub Mahmudov \u201cErm\u0259nistan\u0131n Az\u0259rbaycana qar\u015f\u0131 \u0259razi iddialar\u0131 v\u0259 t\u0259cav\u00fczkarl\u0131q siyas\u0259tinin tarixi k\u00f6kl\u0259ri\u201d, Az\u0259rbaycan Respublikas\u0131 Prezidentinin \u0130\u015fl\u0259r \u0130dar\u0259sinin Prezident Kitabxanas\u0131n\u0131n \u015f\u00f6b\u0259 m\u00fcdiri, AMEA-n\u0131n Tarix \u0130nstitutunun Qaraba\u011f \u015f\u00f6b\u0259sinin b\u00f6y\u00fck elmi i\u015f\u00e7isi Nazim Mustafa \u201cXX \u0259srin \u0259vv\u0259ll\u0259rind\u0259 erm\u0259nil\u0259rin az\u0259rbaycanl\u0131lara qar\u015f\u0131 t\u0259cav\u00fcz\u00fc (1905-1906)\u201d, \u015e\u0259rq\u015f\u00fcnasl\u0131q \u0130nstitutunun ba\u015f elmi i\u015f\u00e7isi, tarix elml\u0259ri doktoru, professor Solmaz Tohidi-R\u00fcst\u0259mova \u201cAz\u0259rbaycanl\u0131lar\u0131n soyq\u0131r\u0131m\u0131 (1918-1920-ci ill\u0259r), D\u00f6vl\u0259t \u0130dar\u0259\u00e7ilik Akademiyas\u0131n\u0131n Tarix kafedras\u0131n\u0131n m\u00fcdiri, dosent Firdovsiyy\u0259 \u018fhm\u0259dova \u201cErm\u0259nistan\u0131n Az\u0259rbaycana qar\u015f\u0131 \u0259razi iddialar\u0131 (1918-1923-c\u00fc ill\u0259r)\u201d, tarix elml\u0259ri doktoru, professor, Milli M\u0259clisin deputat\u0131 Musa Qas\u0131ml\u0131 \u201cSovet d\u00f6vr\u00fcnd\u0259 Erm\u0259nistan\u0131n az\u0259rbaycanl\u0131lara qar\u015f\u0131 etnik t\u0259mizl\u0259m\u0259 siyas\u0259ti v\u0259 onun n\u0259tic\u0259l\u0259ri (1945-1985)\u201d, \u201cAz\u0259rbaycan Respublikas\u0131 Da\u011fl\u0131q Qaraba\u011f b\u00f6lg\u0259sinin Az\u0259rbaycanl\u0131 \u0130cmas\u0131\u201d \u0130ctimai Birliyi \u0130dar\u0259 hey\u0259tinin \u00fczv\u00fc, Xocav\u0259nd Rayon \u0130cra Hakimiyy\u0259tinin ba\u015f\u00e7\u0131s\u0131 Eyvaz H\u00fcseynov \u201cErm\u0259nil\u0259rin az\u0259rbaycanl\u0131lara qar\u015f\u0131 etnik t\u0259mizl\u0259m\u0259 v\u0259 soyq\u0131r\u0131m\u0131 siyas\u0259ti. Qarada\u011fl\u0131 soyq\u0131r\u0131m\u0131\u201d, \u201cAz\u0259rbaycan Respublikas\u0131 Da\u011fl\u0131q Qaraba\u011f b\u00f6lg\u0259sinin Az\u0259rbaycanl\u0131 \u0130cmas\u0131\u201d \u0130ctimai Birliyi \u0130dar\u0259 hey\u0259tinin \u00fczv\u00fc, Milli M\u0259clisin deputat\u0131 Elman M\u0259mm\u0259dov \u201cErm\u0259nistan\u0131n Az\u0259rbaycana t\u0259cav\u00fcz\u00fcn\u00fcn geni\u015fl\u0259nm\u0259si. Xocal\u0131 soyq\u0131r\u0131m\u0131\u201d m\u00f6vzular\u0131nda proqram \u00fczr\u0259 m\u00fchazir\u0259l\u0259r oxuyublar.<\/p>\n\n\n\n<p>Kurslar\u0131n sonunda dinl\u0259yicil\u0259r\u0259 m\u00fcvafiq sertifikatlar t\u0259qdim edilib.<\/p>\n\n\n\n<p><\/p>\n\n\n\n<figure class=\"wp-container-2 wp-block-gallery-1 wp-block-gallery columns-1 is-cropped\"><ul class=\"blocks-gallery-grid\"><li class=\"blocks-gallery-item\"><figure><img width=\"640\" height=\"423\" src=\"https:\/\/dia.edu.az\/wp-content\/uploads\/2021\/03\/qarabaq-1.jpg\" alt=\"\" data-id=\"12950\" data-full-url=\"https:\/\/dia.edu.az\/wp-content\/uploads\/2021\/03\/qarabaq-1.jpg\" data-link=\"https:\/\/dia.edu.az\/?attachment_id=12950\" class=\"wp-image-12950\" srcset=\"https:\/\/legacy.dia.edu.az\/wp-content\/uploads\/2021\/03\/qarabaq-1.jpg 640w, https:\/\/legacy.dia.edu.az\/wp-content\/uploads\/2021\/03\/qarabaq-1-300x198.jpg 300w, https:\/\/legacy.dia.edu.az\/wp-content\/uploads\/2021\/03\/qarabaq-1-16x12.jpg 16w, https:\/\/legacy.dia.edu.az\/wp-content\/uploads\/2021\/03\/qarabaq-1-150x100.jpg 150w, https:\/\/legacy.dia.edu.az\/wp-content\/uploads\/2021\/03\/qarabaq-1-300x198@2x.jpg 600w\" sizes=\"(max-width: 640px) 100vw, 640px\" \/><\/figure><\/li><\/ul><\/figure>","protected":false},"excerpt":{"rendered":"<p>Qaraba\u011f h\u0259qiq\u0259tl\u0259ri haqq\u0131nda n\u00f6vb\u0259ti q\u0131sam\u00fcdd\u0259tli kurslar ba\u015fa \u00e7at\u0131bApr 23 , 2015 &#8211; 04:04 Az\u0259rbaycan Respublikas\u0131n\u0131n Prezidenti yan\u0131nda D\u00f6vl\u0259t \u0130dar\u0259\u00e7ilik Akademiyas\u0131 v\u0259 \u201cAz\u0259rbaycan Respublikas\u0131 Da\u011fl\u0131q Qaraba\u011f B\u00f6lg\u0259sinin Az\u0259rbaycanl\u0131 \u0130cmas\u0131\u201d \u0130ctimai Birliyinin birg\u0259 t\u0259sis etdikl\u0259ri Qaraba\u011f Ara\u015fd\u0131rmalar M\u0259rk\u0259zind\u0259 \u201cErm\u0259nistan-Az\u0259rbaycan, Da\u011fl\u0131q Qaraba\u011f m\u00fcnaqi\u015f\u0259si: tarixi k\u00f6kl\u0259ri, m\u0259rh\u0259l\u0259l\u0259ri v\u0259 h\u0259lli perspektivl\u0259ri\u201d proqram\u0131 \u00fczr\u0259 n\u00f6vb\u0259ti q\u0131sam\u00fcdd\u0259tl\u0131 kurslara aprelin 23-d\u0259 yekun vurulub. [&hellip;]<\/p>","protected":false},"author":2,"featured_media":12950,"comment_status":"closed","ping_status":"closed","sticky":false,"template":"","format":"standard","meta":[],"categories":[137],"tags":[],"_links":{"self":[{"href":"https:\/\/legacy.dia.edu.az\/ru\/wp-json\/wp\/v2\/posts\/12949"}],"collection":[{"href":"https:\/\/legacy.dia.edu.az\/ru\/wp-json\/wp\/v2\/posts"}],"about":[{"href":"https:\/\/legacy.dia.edu.az\/ru\/wp-json\/wp\/v2\/types\/post"}],"author":[{"embeddable":true,"href":"https:\/\/legacy.dia.edu.az\/ru\/wp-json\/wp\/v2\/users\/2"}],"replies":[{"embeddable":true,"href":"https:\/\/legacy.dia.edu.az\/ru\/wp-json\/wp\/v2\/comments?post=12949"}],"version-history":[{"count":0,"href":"https:\/\/legacy.dia.edu.az\/ru\/wp-json\/wp\/v2\/posts\/12949\/revisions"}],"wp:featuredmedia":[{"embeddable":true,"href":"https:\/\/legacy.dia.edu.az\/ru\/wp-json\/wp\/v2\/media\/12950"}],"wp:attachment":[{"href":"https:\/\/legacy.dia.edu.az\/ru\/wp-json\/wp\/v2\/media?parent=12949"}],"wp:term":[{"taxonomy":"category","embeddable":true,"href":"https:\/\/legacy.dia.edu.az\/ru\/wp-json\/wp\/v2\/categories?post=12949"},{"taxonomy":"post_tag","embeddable":true,"href":"https:\/\/legacy.dia.edu.az\/ru\/wp-json\/wp\/v2\/tags?post=12949"}],"curies":[{"name":"wp","href":"https:\/\/api.w.org\/{rel}","templated":true}]}}