{"id":12946,"date":"2015-04-23T11:24:00","date_gmt":"2015-04-23T08:24:00","guid":{"rendered":"https:\/\/dia.edu.az\/?p=12946"},"modified":"2021-03-17T11:27:45","modified_gmt":"2021-03-17T08:27:45","slug":"dovl%c9%99t-idar%c9%99cilik-akademiyasinin-s%c9%99hn%c9%99sind%c9%99-g%c9%99ncl%c9%99r-ucun-tamasa-gost%c9%99rilib","status":"publish","type":"post","link":"https:\/\/legacy.dia.edu.az\/ru\/arxivl\u0259r\/12946","title":{"rendered":"D\u00f6vl\u0259t \u0130dar\u0259\u00e7ilik Akademiyas\u0131n\u0131n s\u0259hn\u0259sind\u0259 g\u0259ncl\u0259r \u00fc\u00e7\u00fcn tama\u015fa g\u00f6st\u0259rilib"},"content":{"rendered":"<p><strong>D\u00f6vl\u0259t \u0130dar\u0259\u00e7ilik Akademiyas\u0131n\u0131n s\u0259hn\u0259sind\u0259 g\u0259ncl\u0259r \u00fc\u00e7\u00fcn tama\u015fa g\u00f6st\u0259rilib<\/strong><br><em>Apr 23 , 2015 &#8211; 03:59<\/em><\/p>\n\n\n\n<p>Az\u0259rbaycan D\u00f6vl\u0259t M\u0259d\u0259niyy\u0259t v\u0259 \u0130nc\u0259s\u0259n\u0259t Universitetinin (ADM\u0130U) \u201cS\u0259da\u201d T\u0259dris Teatr\u0131n\u0131n t\u0259\u015f\u0259bb\u00fcs\u00fc il\u0259 Az\u0259rbaycan Respublikas\u0131n\u0131n Prezidenti yan\u0131nda D\u00f6vl\u0259t \u0130dar\u0259\u00e7ilik Akademiyas\u0131nda t\u0259dbir ke\u00e7irilib.<\/p>\n\n\n\n<p>T\u0259dbiri giri\u015f s\u00f6z\u00fc il\u0259 a\u00e7an D\u0130A-n\u0131n birinci prorektoru, professor \u018flikram Abdullayev iki ali t\u0259hsil oca\u011f\u0131 aras\u0131nda m\u00f6vcud dostluq v\u0259 \u0259m\u0259kda\u015fl\u0131q \u0259laq\u0259l\u0259rind\u0259n b\u0259hs edib.<\/p>\n\n\n\n<p>ADM\u0130U-nun m\u00fc\u0259llimi, teatr\u015f\u00fcnas El\u00e7in C\u0259f\u0259rov N\u0259c\u0259f b\u0259y V\u0259zirovun yarad\u0131c\u0131l\u0131\u011f\u0131, g\u00f6rk\u0259mli \u0259dibin Az\u0259rbaycan teatr s\u0259n\u0259tind\u0259ki yeri bar\u0259d\u0259 s\u00f6z a\u00e7\u0131b, onun dramaturji yarad\u0131c\u0131l\u0131\u011f\u0131n\u0131n estetik parametrl\u0259rind\u0259n dan\u0131\u015f\u0131b.<\/p>\n\n\n\n<p>T\u0259dbir \u00e7\u0259r\u00e7iv\u0259sind\u0259 D\u0130A-n\u0131n akt zal\u0131nda M\u0259d\u0259niyy\u0259t v\u0259 \u0130nc\u0259s\u0259n\u0259t Universitetinin \u201cDram teatr\u0131 v\u0259 kino aktyorlu\u011fu\u201d ixtisas\u0131 \u00fczr\u0259 4-c\u00fc kurs t\u0259l\u0259b\u0259l\u0259rinin ifas\u0131nda g\u00f6rk\u0259mli dramaturqun \u201cEv t\u0259rbiy\u0259sinin bir \u015f\u0259kli\u201d komediyas\u0131 \u0259sas\u0131nda haz\u0131rlanm\u0131\u015f tama\u015fa n\u00fcmayi\u015f olunub. Tama\u015fan\u0131n qurulu\u015f\u00e7u rejissoru ADM\u0130U-nun professoru, \u0259m\u0259kdar artist G\u00fcl\u015fad Bax\u015f\u0131yeva, rejissor assistenti Ay\u015f\u0259n Mirz\u0259yeva, musiqi t\u0259rtibat\u00e7\u0131s\u0131 Seymur \u0130kramd\u0131r.<\/p>\n\n\n\n<p>T\u0259l\u0259b\u0259l\u0259rin ifas\u0131nda n\u00fcmayi\u015f olunan tama\u015fa akademiyan\u0131n m\u00fc\u0259llim-t\u0259l\u0259b\u0259 hey\u0259ti t\u0259r\u0259find\u0259n b\u00f6y\u00fck maraqla qar\u015f\u0131lan\u0131b.<\/p>\n\n\n\n<p>Sonda \u00e7\u0131x\u0131\u015f ed\u0259n G\u00fcl\u015fad Bax\u015f\u0131yeva t\u0259dbirin t\u0259\u015fkilat\u00e7\u0131lar\u0131na v\u0259 i\u015ftirak\u00e7\u0131lara t\u0259\u015f\u0259kk\u00fcr\u00fcn\u00fc bildirib. Qeyd edib ki, N\u0259c\u0259f b\u0259y V\u0259zirov Az\u0259rbaycan \u0259d\u0259biyyat\u0131nda m\u00fcst\u0259sna xidm\u0259tl\u0259ri olan \u015f\u0259xsiyy\u0259tl\u0259rd\u0259ndir. Az\u0259rbaycan \u0259d\u0259biyyat\u0131n\u0131n v\u0259 m\u0259d\u0259niyy\u0259tinin b\u00f6y\u00fck bir m\u0259rh\u0259l\u0259si onun ad\u0131 il\u0259 ba\u011fl\u0131d\u0131r.<\/p>\n\n\n\n<p><\/p>\n\n\n\n<figure class=\"wp-container-2 wp-block-gallery-1 wp-block-gallery columns-1 is-cropped\"><ul class=\"blocks-gallery-grid\"><li class=\"blocks-gallery-item\"><figure><img src=\"https:\/\/dia.edu.az\/wp-content\/uploads\/2021\/03\/teatr.jpg\" alt=\"\" data-id=\"12947\" data-full-url=\"https:\/\/dia.edu.az\/wp-content\/uploads\/2021\/03\/teatr.jpg\" data-link=\"https:\/\/dia.edu.az\/?attachment_id=12947\" class=\"wp-image-12947\"\/><\/figure><\/li><\/ul><\/figure>","protected":false},"excerpt":{"rendered":"<p>D\u00f6vl\u0259t \u0130dar\u0259\u00e7ilik Akademiyas\u0131n\u0131n s\u0259hn\u0259sind\u0259 g\u0259ncl\u0259r \u00fc\u00e7\u00fcn tama\u015fa g\u00f6st\u0259rilibApr 23 , 2015 &#8211; 03:59 Az\u0259rbaycan D\u00f6vl\u0259t M\u0259d\u0259niyy\u0259t v\u0259 \u0130nc\u0259s\u0259n\u0259t Universitetinin (ADM\u0130U) \u201cS\u0259da\u201d T\u0259dris Teatr\u0131n\u0131n t\u0259\u015f\u0259bb\u00fcs\u00fc il\u0259 Az\u0259rbaycan Respublikas\u0131n\u0131n Prezidenti yan\u0131nda D\u00f6vl\u0259t \u0130dar\u0259\u00e7ilik Akademiyas\u0131nda t\u0259dbir ke\u00e7irilib. T\u0259dbiri giri\u015f s\u00f6z\u00fc il\u0259 a\u00e7an D\u0130A-n\u0131n birinci prorektoru, professor \u018flikram Abdullayev iki ali t\u0259hsil oca\u011f\u0131 aras\u0131nda m\u00f6vcud dostluq v\u0259 \u0259m\u0259kda\u015fl\u0131q \u0259laq\u0259l\u0259rind\u0259n [&hellip;]<\/p>","protected":false},"author":2,"featured_media":0,"comment_status":"closed","ping_status":"closed","sticky":false,"template":"","format":"standard","meta":[],"categories":[137],"tags":[],"_links":{"self":[{"href":"https:\/\/legacy.dia.edu.az\/ru\/wp-json\/wp\/v2\/posts\/12946"}],"collection":[{"href":"https:\/\/legacy.dia.edu.az\/ru\/wp-json\/wp\/v2\/posts"}],"about":[{"href":"https:\/\/legacy.dia.edu.az\/ru\/wp-json\/wp\/v2\/types\/post"}],"author":[{"embeddable":true,"href":"https:\/\/legacy.dia.edu.az\/ru\/wp-json\/wp\/v2\/users\/2"}],"replies":[{"embeddable":true,"href":"https:\/\/legacy.dia.edu.az\/ru\/wp-json\/wp\/v2\/comments?post=12946"}],"version-history":[{"count":0,"href":"https:\/\/legacy.dia.edu.az\/ru\/wp-json\/wp\/v2\/posts\/12946\/revisions"}],"wp:attachment":[{"href":"https:\/\/legacy.dia.edu.az\/ru\/wp-json\/wp\/v2\/media?parent=12946"}],"wp:term":[{"taxonomy":"category","embeddable":true,"href":"https:\/\/legacy.dia.edu.az\/ru\/wp-json\/wp\/v2\/categories?post=12946"},{"taxonomy":"post_tag","embeddable":true,"href":"https:\/\/legacy.dia.edu.az\/ru\/wp-json\/wp\/v2\/tags?post=12946"}],"curies":[{"name":"wp","href":"https:\/\/api.w.org\/{rel}","templated":true}]}}