{"id":12943,"date":"2015-04-24T11:23:00","date_gmt":"2015-04-24T08:23:00","guid":{"rendered":"https:\/\/dia.edu.az\/?p=12943"},"modified":"2021-03-17T11:24:10","modified_gmt":"2021-03-17T08:24:10","slug":"aprelin-24-d%c9%99-az%c9%99rbaycan-respublikasinin-prezidenti-yaninda-dovl%c9%99t-idar%c9%99cilik-akademiyasinda-multikulturalizmin-aktual-m%c9%99s%c9%99l%c9%99l%c9%99ri-movzusunda-e","status":"publish","type":"post","link":"https:\/\/legacy.dia.edu.az\/ru\/arxivl\u0259r\/12943","title":{"rendered":"Aprelin 24-d\u0259 Az\u0259rbaycan Respublikas\u0131n\u0131n Prezidenti yan\u0131nda D\u00f6vl\u0259t \u0130dar\u0259\u00e7ilik Akademiyas\u0131nda \u201cMultikulturalizmin aktual m\u0259s\u0259l\u0259l\u0259ri\u201d m\u00f6vzusunda elmi konfrans ke\u00e7irilib"},"content":{"rendered":"<p><strong>Aprelin 24-d\u0259 Az\u0259rbaycan Respublikas\u0131n\u0131n Prezidenti yan\u0131nda D\u00f6vl\u0259t \u0130dar\u0259\u00e7ilik Akademiyas\u0131nda \u201cMultikulturalizmin aktual m\u0259s\u0259l\u0259l\u0259ri\u201d m\u00f6vzusunda elmi konfrans ke\u00e7irilib<\/strong><br><em>Apr 24 , 2015 &#8211; 04:10<\/em><\/p>\n\n\n\n<p>Aprelin 24-d\u0259 Az\u0259rbaycan Respublikas\u0131n\u0131n Prezidenti yan\u0131nda D\u00f6vl\u0259t \u0130dar\u0259\u00e7ilik Akademiyas\u0131nda \u201cMultikulturalizmin aktual m\u0259s\u0259l\u0259l\u0259ri\u201d m\u00f6vzusunda elmi konfrans ke\u00e7irilib.<\/p>\n\n\n\n<p>Konfrans Az\u0259rbaycan Respublikas\u0131n\u0131n mill\u0259tl\u0259raras\u0131, multikulturalizm v\u0259 dini m\u0259s\u0259l\u0259l\u0259r \u00fczr\u0259 D\u00f6vl\u0259t m\u00fc\u015faviri xidm\u0259ti, Bak\u0131&nbsp;Beyn\u0259lxalq Multikulturalizm M\u0259rk\u0259zi v\u0259 Az\u0259rbaycan Respublikas\u0131n\u0131n Prezidenti yan\u0131nda Bilik Fondunun d\u0259st\u0259yi il\u0259 t\u0259\u015fkil edilib.<\/p>\n\n\n\n<p>D\u00f6vl\u0259t \u0130dar\u0259\u00e7ilik Akademiyas\u0131n\u0131n rektoru, akademik Urxan \u018fl\u0259kb\u0259rov konfrans\u0131 a\u00e7araq Az\u0259rbaycandak\u0131 tolerantl\u0131q \u0259n\u0259n\u0259l\u0259ri, multikultural m\u00fchit haqq\u0131nda dan\u0131\u015f\u0131b. Rektor bildirib ki, Az\u0259rbaycan\u0131n tolerantl\u0131q, multikulturalizm modeli v\u0259 t\u0259cr\u00fcb\u0259si d\u00fcnyada y\u00fcks\u0259k qiym\u0259tl\u0259ndirilir v\u0259 n\u00fcmun\u0259 kimi g\u00f6st\u0259rilir.<\/p>\n\n\n\n<p>Konfransda Mill\u0259tl\u0259raras\u0131, multikulturalizm v\u0259 dini m\u0259s\u0259l\u0259l\u0259r \u00fczr\u0259 D\u00f6vl\u0259t m\u00fc\u015faviri xidm\u0259tinin ba\u015f m\u0259sl\u0259h\u0259t\u00e7isi, professor Etibar N\u0259c\u0259fov \u201cEtnik-m\u0259d\u0259ni m\u00fcxt\u0259lifliyin t\u0259nziml\u0259nm\u0259sind\u0259 multikulturalizm siyas\u0259tinin \u0259h\u0259miyy\u0259ti\u201d, D\u00f6vl\u0259t \u0130dar\u0259\u00e7ilik Akademiyas\u0131n\u0131n I prorektoru, professor \u018flikram Abdullayev \u201cMultikulturalizmin b\u0259zi sosial-f\u0259ls\u0259fi probleml\u0259ri\u201d m\u00f6vzular\u0131nda m\u0259ruz\u0259l\u0259rl\u0259 \u00e7\u0131x\u0131\u015f edibl\u0259r.<\/p>\n\n\n\n<p>Bak\u0131 Beyn\u0259lxalq Multikulturalizm M\u0259rk\u0259zinin icra\u00e7\u0131 direktoru, professor Azad M\u0259mm\u0259dov r\u0259hb\u0259rlik etdiyi qurumun Az\u0259rbaycan\u0131n multikulturalizm siyas\u0259tinin h\u0259yata ke\u00e7irilm\u0259sind\u0259 rolundan dan\u0131\u015f\u0131b. O, Bak\u0131 Beyn\u0259lxalq Multikulturalizm M\u0259rk\u0259zinin yarad\u0131lmas\u0131 v\u0259 f\u0259aliyy\u0259tind\u0259n, Az\u0259rbaycan multikulturalizmi modelind\u0259n v\u0259 bu modelin d\u00fcnyada tan\u0131d\u0131lmas\u0131 istiqam\u0259tind\u0259 g\u00f6r\u00fcl\u0259n i\u015fl\u0259rd\u0259n \u0259trafl\u0131 s\u00f6hb\u0259t a\u00e7\u0131b. \u0130cra\u00e7\u0131 direktor \u201cAz\u0259rbaycan multikulturalizmi\u201d f\u0259nninin xarici \u00f6lk\u0259l\u0259rin universitetl\u0259rind\u0259 t\u0259dris olunmas\u0131ndan da b\u0259hs edib.<\/p>\n\n\n\n<p>Azad M\u0259mm\u0259dov Az\u0259rbaycan Respublikas\u0131n\u0131n multikulturalizmi \u00f6z\u00fcn\u00fcn d\u00f6vl\u0259t siyas\u0259ti kimi b\u0259yan etm\u0259sind\u0259n, Prezident \u0130lham \u018fliyevin bu sah\u0259d\u0259 apard\u0131\u011f\u0131 m\u0259qs\u0259dy\u00f6nl\u00fc i\u015fd\u0259n, d\u00f6vl\u0259timizin ba\u015f\u00e7\u0131s\u0131n\u0131n bu siyas\u0259ti u\u011furla h\u0259yata ke\u00e7irm\u0259si n\u0259tic\u0259sind\u0259 Az\u0259rbaycanda \u0259ld\u0259 olunan \u0259lveri\u015fli multikultural v\u0259 tolerant m\u00fchitd\u0259n dan\u0131\u015f\u0131b.<\/p>\n\n\n\n<p>Prezident yan\u0131nda Bilik Fondunun aparat r\u0259hb\u0259ri Hac\u0131 Abdulla \u00f6lk\u0259mizd\u0259 multikultural m\u00fchitin m\u00f6hk\u0259ml\u0259ndirilm\u0259sind\u0259 fondun h\u0259yata ke\u00e7irdiyi layih\u0259l\u0259rd\u0259n s\u00f6hb\u0259t a\u00e7\u0131b.<\/p>\n\n\n\n<p>Konfrans m\u00fczakir\u0259l\u0259rl\u0259 davam edib.<\/p>\n\n\n\n<p><\/p>\n\n\n\n<figure class=\"wp-container-2 wp-block-gallery-1 wp-block-gallery columns-1 is-cropped\"><ul class=\"blocks-gallery-grid\"><li class=\"blocks-gallery-item\"><figure><img width=\"640\" height=\"401\" src=\"https:\/\/dia.edu.az\/wp-content\/uploads\/2021\/03\/multikultural.jpg\" alt=\"\" data-id=\"12944\" data-full-url=\"https:\/\/dia.edu.az\/wp-content\/uploads\/2021\/03\/multikultural.jpg\" data-link=\"https:\/\/dia.edu.az\/?attachment_id=12944\" class=\"wp-image-12944\" srcset=\"https:\/\/legacy.dia.edu.az\/wp-content\/uploads\/2021\/03\/multikultural.jpg 640w, https:\/\/legacy.dia.edu.az\/wp-content\/uploads\/2021\/03\/multikultural-300x188.jpg 300w, https:\/\/legacy.dia.edu.az\/wp-content\/uploads\/2021\/03\/multikultural-16x10.jpg 16w, https:\/\/legacy.dia.edu.az\/wp-content\/uploads\/2021\/03\/multikultural-300x188@2x.jpg 600w\" sizes=\"(max-width: 640px) 100vw, 640px\" \/><\/figure><\/li><\/ul><\/figure>","protected":false},"excerpt":{"rendered":"<p>Aprelin 24-d\u0259 Az\u0259rbaycan Respublikas\u0131n\u0131n Prezidenti yan\u0131nda D\u00f6vl\u0259t \u0130dar\u0259\u00e7ilik Akademiyas\u0131nda \u201cMultikulturalizmin aktual m\u0259s\u0259l\u0259l\u0259ri\u201d m\u00f6vzusunda elmi konfrans ke\u00e7irilibApr 24 , 2015 &#8211; 04:10 Aprelin 24-d\u0259 Az\u0259rbaycan Respublikas\u0131n\u0131n Prezidenti yan\u0131nda D\u00f6vl\u0259t \u0130dar\u0259\u00e7ilik Akademiyas\u0131nda \u201cMultikulturalizmin aktual m\u0259s\u0259l\u0259l\u0259ri\u201d m\u00f6vzusunda elmi konfrans ke\u00e7irilib. Konfrans Az\u0259rbaycan Respublikas\u0131n\u0131n mill\u0259tl\u0259raras\u0131, multikulturalizm v\u0259 dini m\u0259s\u0259l\u0259l\u0259r \u00fczr\u0259 D\u00f6vl\u0259t m\u00fc\u015faviri xidm\u0259ti, Bak\u0131&nbsp;Beyn\u0259lxalq Multikulturalizm M\u0259rk\u0259zi v\u0259 Az\u0259rbaycan Respublikas\u0131n\u0131n [&hellip;]<\/p>","protected":false},"author":2,"featured_media":12944,"comment_status":"closed","ping_status":"closed","sticky":false,"template":"","format":"standard","meta":[],"categories":[137],"tags":[],"_links":{"self":[{"href":"https:\/\/legacy.dia.edu.az\/ru\/wp-json\/wp\/v2\/posts\/12943"}],"collection":[{"href":"https:\/\/legacy.dia.edu.az\/ru\/wp-json\/wp\/v2\/posts"}],"about":[{"href":"https:\/\/legacy.dia.edu.az\/ru\/wp-json\/wp\/v2\/types\/post"}],"author":[{"embeddable":true,"href":"https:\/\/legacy.dia.edu.az\/ru\/wp-json\/wp\/v2\/users\/2"}],"replies":[{"embeddable":true,"href":"https:\/\/legacy.dia.edu.az\/ru\/wp-json\/wp\/v2\/comments?post=12943"}],"version-history":[{"count":0,"href":"https:\/\/legacy.dia.edu.az\/ru\/wp-json\/wp\/v2\/posts\/12943\/revisions"}],"wp:featuredmedia":[{"embeddable":true,"href":"https:\/\/legacy.dia.edu.az\/ru\/wp-json\/wp\/v2\/media\/12944"}],"wp:attachment":[{"href":"https:\/\/legacy.dia.edu.az\/ru\/wp-json\/wp\/v2\/media?parent=12943"}],"wp:term":[{"taxonomy":"category","embeddable":true,"href":"https:\/\/legacy.dia.edu.az\/ru\/wp-json\/wp\/v2\/categories?post=12943"},{"taxonomy":"post_tag","embeddable":true,"href":"https:\/\/legacy.dia.edu.az\/ru\/wp-json\/wp\/v2\/tags?post=12943"}],"curies":[{"name":"wp","href":"https:\/\/api.w.org\/{rel}","templated":true}]}}