{"id":12933,"date":"2015-05-07T11:19:00","date_gmt":"2015-05-07T08:19:00","guid":{"rendered":"https:\/\/dia.edu.az\/?p=12933"},"modified":"2021-03-17T11:20:44","modified_gmt":"2021-03-17T08:20:44","slug":"dovl%c9%99t-idar%c9%99cilik-akademiyasinda-heyd%c9%99r-%c9%99liyev-irsi-v%c9%99-az%c9%99rbaycan-respublikasinin-davamli-inkisafi-movzusunda-elmi-praktiki-konfrans","status":"publish","type":"post","link":"https:\/\/legacy.dia.edu.az\/ru\/arxivl\u0259r\/12933","title":{"rendered":"D\u00f6vl\u0259t \u0130dar\u0259\u00e7ilik Akademiyas\u0131nda \u201cHeyd\u0259r \u018fliyev irsi v\u0259 Az\u0259rbaycan Respublikas\u0131n\u0131n davaml\u0131 inki\u015faf\u0131\u201d m\u00f6vzusunda elmi-praktiki konfrans"},"content":{"rendered":"<p><strong>D\u00f6vl\u0259t \u0130dar\u0259\u00e7ilik Akademiyas\u0131nda \u201cHeyd\u0259r \u018fliyev irsi v\u0259 Az\u0259rbaycan Respublikas\u0131n\u0131n davaml\u0131 inki\u015faf\u0131\u201d m\u00f6vzusunda elmi-praktiki konfrans<\/strong><br><em>May 07 , 2015 &#8211; 08:36<\/em><\/p>\n\n\n\n<p>May\u0131n 6-da Az\u0259rbaycan Respublikas\u0131n\u0131n Prezidenti yan\u0131nda D\u00f6vl\u0259t \u0130dar\u0259\u00e7ilik Akademiyas\u0131n\u0131n \u00fcmummilli lider Heyd\u0259r \u018fliyevin anadan olmas\u0131n\u0131n 92-ci il d\u00f6n\u00fcm\u00fcn\u0259 h\u0259sr olunmu\u015f \u201cHeyd\u0259r&nbsp; \u018fliyev irsi v\u0259 Az\u0259rbaycan Respublikas\u0131n\u0131n davaml\u0131 inki\u015faf\u0131\u201d m\u00f6vzusunda doktorant v\u0259 dissertantlar\u0131n elmi-praktiki konfrans\u0131 ke\u00e7irilmi\u015fdir.2013-05-01 13:28:00<\/p>\n\n\n\n<p>Elmi-praktiki konfrans\u0131 Az\u0259rbaycan Respublikas\u0131n\u0131n Prezidenti yan\u0131nda D\u00f6vl\u0259t \u0130dar\u0259\u00e7ilik Akademiyas\u0131n\u0131n prorektoru, professor \u018flikram Abdullayev a\u00e7araq Ulu \u00d6nd\u0259rin v\u0259t\u0259n v\u0259 xalq qar\u015f\u0131s\u0131ndak\u0131 misilsiz xidm\u0259tl\u0259rind\u0259n, \u00f6lk\u0259mizin iqtisadi u\u011furlar\u0131n\u0131n \u0259ld\u0259 edilm\u0259si istiqam\u0259tind\u0259 zaman\u0131nda verdiyi q\u0259rarlardan, h\u0259yata ke\u00e7irdiyi strategiyan\u0131n \u0259h\u0259miyy\u0259tini qeyd etmi\u015f, \u00f6lk\u0259mizin m\u00fcasir inki\u015faf tarixinin Ulu \u00d6nd\u0259rin ad\u0131 il\u0259 ba\u011fl\u0131 oldu\u011funu, onun yenid\u0259n hakimiyy\u0259t\u0259 qay\u0131d\u0131\u015f\u0131 il\u0259 \u00f6lk\u0259nin ictimai-siyasi, sosial-iqtisadi, elmi-m\u0259d\u0259ni h\u0259yat\u0131nda, habel\u0259 beyn\u0259lxalq \u0259laq\u0259l\u0259rd\u0259 ciddi d\u00f6n\u00fc\u015f\u00fcn yarand\u0131\u011f\u0131n\u0131 diqq\u0259t\u0259 \u00e7atd\u0131rm\u0131\u015fd\u0131r. O, \u00f6lk\u0259 Prezidenti \u0130lham \u018fliyev t\u0259r\u0259find\u0259n u\u011furla davam etdiril\u0259n m\u0259qs\u0259dy\u00f6nl\u00fc sosial-iqtisadi siyas\u0259td\u0259n v\u0259 bu siyas\u0259t n\u0259tic\u0259sind\u0259 Az\u0259rbaycan\u0131n qazand\u0131\u011f\u0131 u\u011furlar\u0131 qeyd etmi\u015fdir. &nbsp; &nbsp; &nbsp; &nbsp; &nbsp; &nbsp; &nbsp; &nbsp; &nbsp; &nbsp;<\/p>\n\n\n\n<p>Elmi-praktiki konfransda Az\u0259rbaycan Respublikas\u0131n\u0131n Prezidenti yan\u0131nda D\u00f6vl\u0259t \u0130dar\u0259\u00e7ilik Akademiyas\u0131n\u0131n \u201cElmi-t\u0259\u015fkilat \u015f\u00f6b\u0259si\u201dnin m\u00fcdir dos. R.R\u0259himli \u00e7\u0131x\u0131\u015f ed\u0259r\u0259k doktorant v\u0259 dissertantlar\u0131n m\u0259ruz\u0259l\u0259rind\u0259 Ulu \u00d6nd\u0259rin z\u0259ngin h\u0259yat v\u0259 f\u0259aliyy\u0259ti, d\u00f6vl\u0259t v\u0259 ordu quruculu\u011fu, milli, m\u0259n\u0259vi v\u0259 \u00fcmumb\u0259\u015f\u0259ri d\u0259y\u0259rl\u0259ri, xarici siyas\u0259tinin m\u00fcxt\u0259lif aspektl\u0259ri, milli d\u00f6vl\u0259t\u00e7iliyimizin qorunub saxlan\u0131lmas\u0131 yolunda yorulmaz m\u00fcbariz\u0259sini \u0259ks etdir\u0259n istiqam\u0259tl\u0259rin t\u0259hlili v\u0259 ara\u015fd\u0131r\u0131lmas\u0131n\u0131n \u0259h\u0259miyy\u0259tini qeyd etmi\u015fl\u0259r. Elmi-praktik konfransda 26 n\u0259f\u0259r doktorant v\u0259 dissertant\u0131n m\u0259ruz\u0259l\u0259ri dinl\u0259nilmi\u015fdir.<\/p>","protected":false},"excerpt":{"rendered":"<p>D\u00f6vl\u0259t \u0130dar\u0259\u00e7ilik Akademiyas\u0131nda \u201cHeyd\u0259r \u018fliyev irsi v\u0259 Az\u0259rbaycan Respublikas\u0131n\u0131n davaml\u0131 inki\u015faf\u0131\u201d m\u00f6vzusunda elmi-praktiki konfransMay 07 , 2015 &#8211; 08:36 May\u0131n 6-da Az\u0259rbaycan Respublikas\u0131n\u0131n Prezidenti yan\u0131nda D\u00f6vl\u0259t \u0130dar\u0259\u00e7ilik Akademiyas\u0131n\u0131n \u00fcmummilli lider Heyd\u0259r \u018fliyevin anadan olmas\u0131n\u0131n 92-ci il d\u00f6n\u00fcm\u00fcn\u0259 h\u0259sr olunmu\u015f \u201cHeyd\u0259r&nbsp; \u018fliyev irsi v\u0259 Az\u0259rbaycan Respublikas\u0131n\u0131n davaml\u0131 inki\u015faf\u0131\u201d m\u00f6vzusunda doktorant v\u0259 dissertantlar\u0131n elmi-praktiki konfrans\u0131 ke\u00e7irilmi\u015fdir.2013-05-01 13:28:00 [&hellip;]<\/p>","protected":false},"author":2,"featured_media":0,"comment_status":"closed","ping_status":"closed","sticky":false,"template":"","format":"standard","meta":[],"categories":[137],"tags":[],"_links":{"self":[{"href":"https:\/\/legacy.dia.edu.az\/ru\/wp-json\/wp\/v2\/posts\/12933"}],"collection":[{"href":"https:\/\/legacy.dia.edu.az\/ru\/wp-json\/wp\/v2\/posts"}],"about":[{"href":"https:\/\/legacy.dia.edu.az\/ru\/wp-json\/wp\/v2\/types\/post"}],"author":[{"embeddable":true,"href":"https:\/\/legacy.dia.edu.az\/ru\/wp-json\/wp\/v2\/users\/2"}],"replies":[{"embeddable":true,"href":"https:\/\/legacy.dia.edu.az\/ru\/wp-json\/wp\/v2\/comments?post=12933"}],"version-history":[{"count":0,"href":"https:\/\/legacy.dia.edu.az\/ru\/wp-json\/wp\/v2\/posts\/12933\/revisions"}],"wp:attachment":[{"href":"https:\/\/legacy.dia.edu.az\/ru\/wp-json\/wp\/v2\/media?parent=12933"}],"wp:term":[{"taxonomy":"category","embeddable":true,"href":"https:\/\/legacy.dia.edu.az\/ru\/wp-json\/wp\/v2\/categories?post=12933"},{"taxonomy":"post_tag","embeddable":true,"href":"https:\/\/legacy.dia.edu.az\/ru\/wp-json\/wp\/v2\/tags?post=12933"}],"curies":[{"name":"wp","href":"https:\/\/api.w.org\/{rel}","templated":true}]}}