{"id":12929,"date":"2015-05-11T11:19:00","date_gmt":"2015-05-11T08:19:00","guid":{"rendered":"https:\/\/dia.edu.az\/?p=12929"},"modified":"2021-03-17T11:19:47","modified_gmt":"2021-03-17T08:19:47","slug":"umummilli-lider-heyd%c9%99r-%c9%99liyevin-anadan-olmasinin-92-ci-ildonumu-qeyd-edilib","status":"publish","type":"post","link":"https:\/\/legacy.dia.edu.az\/ru\/arxivl\u0259r\/12929","title":{"rendered":"\u00dcmummilli lider Heyd\u0259r \u018fliyevin anadan olmas\u0131n\u0131n 92-ci ild\u00f6n\u00fcm\u00fc qeyd edilib"},"content":{"rendered":"<p><strong>\u00dcmummilli lider Heyd\u0259r \u018fliyevin anadan olmas\u0131n\u0131n 92-ci ild\u00f6n\u00fcm\u00fc qeyd edilib<\/strong><br><em>May 11 , 2015 &#8211; 03:37<\/em><\/p>\n\n\n\n<p>Az\u0259rbaycan\u0131n T\u00fcrkiy\u0259d\u0259ki s\u0259firliyinin t\u0259r\u0259find\u0259n \u00fcmummilli lider Heyd\u0259r \u018fliyevin anadan olmas\u0131n\u0131n 92-ci ild\u00f6n\u00fcm\u00fc m\u00fcnasib\u0259til\u0259 ke\u00e7iril\u0259n silsil\u0259 t\u0259dbirl\u0259r \u00e7\u0259r\u00e7iv\u0259sind\u0259 Ankaradak\u0131 T\u00fcrkiy\u0259 v\u0259 Orta \u015e\u0259rq D\u00f6vl\u0259t \u0130dar\u0259\u00e7ilik \u0130nstitutunda (TODA\u0130E) \u201cAz\u0259rbaycan-T\u00fcrkiy\u0259 m\u00fcnasib\u0259tl\u0259rind\u0259 Heyd\u0259r \u018fliyevin xarici siyas\u0259t bax\u0131\u015f\u0131\u201d m\u00f6vzusunda konfrans t\u0259\u015fkil edilib.<\/p>\n\n\n\n<p>T\u0259dbird\u0259 T\u00fcrkiy\u0259 Xarici \u0130\u015fl\u0259r Nazirliyinin y\u00fcks\u0259k v\u0259zif\u0259li r\u0259smil\u0259ri, sabiq nazirl\u0259r, TODA\u0130E-nin m\u00fc\u0259llim v\u0259 t\u0259l\u0259b\u0259 kollektivi, elm adamlar\u0131, ictimai xadiml\u0259r, Ankarada t\u0259hsil alan az\u0259rbaycanl\u0131 t\u0259l\u0259b\u0259l\u0259r, diasporlar\u0131n v\u0259 K\u0130V-l\u0259rin n\u00fcmay\u0259nd\u0259l\u0259ri i\u015ftirak edibl\u0259r.<\/p>\n\n\n\n<p>Ulu \u00d6nd\u0259rin \u0259ziz xatir\u0259si bir d\u0259qiq\u0259lik s\u00fckutla yad edilib.<\/p>\n\n\n\n<p>Az\u0259rbaycan\u0131n v\u0259 T\u00fcrkiy\u0259nin d\u00f6vl\u0259t himnl\u0259ri s\u0259sl\u0259ndirilib.<\/p>\n\n\n\n<p>Sonra \u00dcmummilli Liderin h\u0259yat v\u0259 f\u0259aliyy\u0259tini \u0259ks etdir\u0259n s\u0259n\u0259dli film n\u00fcmayi\u015f olunub.<\/p>\n\n\n\n<p>T\u00fcrkiy\u0259 Respublikas\u0131n\u0131n Prezidenti R\u0259c\u0259b Tayyib \u018frdo\u011fan, T\u00fcrkiy\u0259 B\u00f6y\u00fck Mill\u0259t M\u0259clisinin s\u0259dri C\u0259mil \u00c7i\u00e7\u0259k, T\u00fcrkiy\u0259 Respublikas\u0131 Ba\u015f nazirinin m\u00fcavini Numan Kurtulmu\u015f, iqtisadiyyat naziri Nihat Zeyb\u0259k\u00e7i, m\u0259d\u0259niyy\u0259t v\u0259 turizm naziri \u00d6m\u0259r \u00c7\u0259lik, t\u0259hsil naziri Nabi Avc\u0131, Ankara \u015f\u0259h\u0259rinin valisi Mehmet K\u0131l\u0131\u00e7lar v\u0259 T\u00fcrkiy\u0259nin 9-cu Prezidenti S\u00fcleyman D\u0259mir\u0259lin t\u0259dbir\u0259 \u00fcnvanlad\u0131qlar\u0131 t\u0259brikl\u0259r oxunub.<\/p>\n\n\n\n<p>Konfransda Az\u0259rbaycan\u0131n T\u00fcrkiy\u0259d\u0259ki s\u0259firi Faiq Ba\u011f\u0131rov, TODA\u0130E-nin ba\u015f direktoru Onur Ender Aslan, Az\u0259rbaycan Respublikas\u0131n\u0131n Prezidenti yan\u0131nda D\u00f6vl\u0259t \u0130dar\u0259\u00e7ilik Akademiyas\u0131n\u0131n rektoru, akademik Urxan \u018fl\u0259kb\u0259rov v\u0259 ba\u015fqalar\u0131n\u0131n \u00e7\u0131x\u0131\u015flar\u0131 dinl\u0259nilib.<\/p>\n\n\n\n<p>Natiql\u0259r m\u00fcdrik \u015f\u0259xsiyy\u0259t Heyd\u0259r \u018fliyevin z\u0259ngin v\u0259 m\u0259nal\u0131 siyasi f\u0259aliyy\u0259tinin tarixi \u0259h\u0259miyy\u0259tind\u0259n, Ulu \u00d6nd\u0259rin Az\u0259rbaycan xalq\u0131n\u0131n d\u00f6vl\u0259t\u00e7ilik salnam\u0259sin\u0259 daha bir \u015fanl\u0131 s\u0259hif\u0259 yazmas\u0131ndan, dahi r\u0259hb\u0259rin h\u0259yata ke\u00e7irdiyi uzaqg\u00f6r\u0259n inki\u015faf strategiyas\u0131n\u0131n mahiyy\u0259tind\u0259n dan\u0131\u015f\u0131blar.<\/p>\n\n\n\n<p>R\u0259smi hiss\u0259d\u0259n sonra b\u0259dii hiss\u0259 ke\u00e7irilib.<\/p>\n\n\n\n<p>Sonda \u00dcmummilli Liderin \u00e7ox\u015fax\u0259li f\u0259aliyy\u0259tini, o c\u00fcml\u0259d\u0259n Az\u0259rbaycan-T\u00fcrkiy\u0259 m\u00fcnasib\u0259tl\u0259rini \u0259ks etdir\u0259n foto\u015f\u0259kill\u0259rd\u0259n ibar\u0259t s\u0259rginin a\u00e7\u0131l\u0131\u015f\u0131 olub.<\/p>\n\n\n\n<p><\/p>\n\n\n\n<figure class=\"wp-container-2 wp-block-gallery-1 wp-block-gallery columns-2 is-cropped\"><ul class=\"blocks-gallery-grid\"><li class=\"blocks-gallery-item\"><figure><img width=\"640\" height=\"360\" src=\"https:\/\/dia.edu.az\/wp-content\/uploads\/2021\/03\/TURKIYE.jpg\" alt=\"\" data-id=\"12930\" data-full-url=\"https:\/\/dia.edu.az\/wp-content\/uploads\/2021\/03\/TURKIYE.jpg\" data-link=\"https:\/\/dia.edu.az\/?attachment_id=12930\" class=\"wp-image-12930\" srcset=\"https:\/\/legacy.dia.edu.az\/wp-content\/uploads\/2021\/03\/TURKIYE.jpg 640w, https:\/\/legacy.dia.edu.az\/wp-content\/uploads\/2021\/03\/TURKIYE-300x169.jpg 300w, https:\/\/legacy.dia.edu.az\/wp-content\/uploads\/2021\/03\/TURKIYE-16x9.jpg 16w, https:\/\/legacy.dia.edu.az\/wp-content\/uploads\/2021\/03\/TURKIYE-300x169@2x.jpg 600w\" sizes=\"(max-width: 640px) 100vw, 640px\" \/><\/figure><\/li><li class=\"blocks-gallery-item\"><figure><img width=\"640\" height=\"346\" src=\"https:\/\/dia.edu.az\/wp-content\/uploads\/2021\/03\/TURKIYE11.jpg\" alt=\"\" data-id=\"12931\" data-full-url=\"https:\/\/dia.edu.az\/wp-content\/uploads\/2021\/03\/TURKIYE11.jpg\" data-link=\"https:\/\/dia.edu.az\/?attachment_id=12931\" class=\"wp-image-12931\" srcset=\"https:\/\/legacy.dia.edu.az\/wp-content\/uploads\/2021\/03\/TURKIYE11.jpg 640w, https:\/\/legacy.dia.edu.az\/wp-content\/uploads\/2021\/03\/TURKIYE11-300x162.jpg 300w, https:\/\/legacy.dia.edu.az\/wp-content\/uploads\/2021\/03\/TURKIYE11-16x9.jpg 16w, https:\/\/legacy.dia.edu.az\/wp-content\/uploads\/2021\/03\/TURKIYE11-300x162@2x.jpg 600w\" sizes=\"(max-width: 640px) 100vw, 640px\" \/><\/figure><\/li><\/ul><\/figure>","protected":false},"excerpt":{"rendered":"<p>\u00dcmummilli lider Heyd\u0259r \u018fliyevin anadan olmas\u0131n\u0131n 92-ci ild\u00f6n\u00fcm\u00fc qeyd edilibMay 11 , 2015 &#8211; 03:37 Az\u0259rbaycan\u0131n T\u00fcrkiy\u0259d\u0259ki s\u0259firliyinin t\u0259r\u0259find\u0259n \u00fcmummilli lider Heyd\u0259r \u018fliyevin anadan olmas\u0131n\u0131n 92-ci ild\u00f6n\u00fcm\u00fc m\u00fcnasib\u0259til\u0259 ke\u00e7iril\u0259n silsil\u0259 t\u0259dbirl\u0259r \u00e7\u0259r\u00e7iv\u0259sind\u0259 Ankaradak\u0131 T\u00fcrkiy\u0259 v\u0259 Orta \u015e\u0259rq D\u00f6vl\u0259t \u0130dar\u0259\u00e7ilik \u0130nstitutunda (TODA\u0130E) \u201cAz\u0259rbaycan-T\u00fcrkiy\u0259 m\u00fcnasib\u0259tl\u0259rind\u0259 Heyd\u0259r \u018fliyevin xarici siyas\u0259t bax\u0131\u015f\u0131\u201d m\u00f6vzusunda konfrans t\u0259\u015fkil edilib. T\u0259dbird\u0259 T\u00fcrkiy\u0259 Xarici [&hellip;]<\/p>","protected":false},"author":2,"featured_media":12930,"comment_status":"closed","ping_status":"closed","sticky":false,"template":"","format":"standard","meta":[],"categories":[137],"tags":[],"_links":{"self":[{"href":"https:\/\/legacy.dia.edu.az\/ru\/wp-json\/wp\/v2\/posts\/12929"}],"collection":[{"href":"https:\/\/legacy.dia.edu.az\/ru\/wp-json\/wp\/v2\/posts"}],"about":[{"href":"https:\/\/legacy.dia.edu.az\/ru\/wp-json\/wp\/v2\/types\/post"}],"author":[{"embeddable":true,"href":"https:\/\/legacy.dia.edu.az\/ru\/wp-json\/wp\/v2\/users\/2"}],"replies":[{"embeddable":true,"href":"https:\/\/legacy.dia.edu.az\/ru\/wp-json\/wp\/v2\/comments?post=12929"}],"version-history":[{"count":0,"href":"https:\/\/legacy.dia.edu.az\/ru\/wp-json\/wp\/v2\/posts\/12929\/revisions"}],"wp:featuredmedia":[{"embeddable":true,"href":"https:\/\/legacy.dia.edu.az\/ru\/wp-json\/wp\/v2\/media\/12930"}],"wp:attachment":[{"href":"https:\/\/legacy.dia.edu.az\/ru\/wp-json\/wp\/v2\/media?parent=12929"}],"wp:term":[{"taxonomy":"category","embeddable":true,"href":"https:\/\/legacy.dia.edu.az\/ru\/wp-json\/wp\/v2\/categories?post=12929"},{"taxonomy":"post_tag","embeddable":true,"href":"https:\/\/legacy.dia.edu.az\/ru\/wp-json\/wp\/v2\/tags?post=12929"}],"curies":[{"name":"wp","href":"https:\/\/api.w.org\/{rel}","templated":true}]}}