{"id":12925,"date":"2015-05-12T11:17:00","date_gmt":"2015-05-12T08:17:00","guid":{"rendered":"https:\/\/dia.edu.az\/?p=12925"},"modified":"2021-03-17T11:18:42","modified_gmt":"2021-03-17T08:18:42","slug":"heyd%c9%99r-%c9%99liyev-m%c9%99rk%c9%99zinin-d%c9%99st%c9%99yi-il%c9%99-yaradilan-heyd%c9%99r-%c9%99liyev-dovl%c9%99t-idar%c9%99ciliyi-m%c9%99kt%c9%99binin-acilisi-olub","status":"publish","type":"post","link":"https:\/\/legacy.dia.edu.az\/ru\/arxivl\u0259r\/12925","title":{"rendered":"Heyd\u0259r \u018fliyev M\u0259rk\u0259zinin d\u0259st\u0259yi il\u0259 yarad\u0131lan Heyd\u0259r \u018fliyev D\u00f6vl\u0259t \u0130dar\u0259\u00e7iliyi M\u0259kt\u0259binin a\u00e7\u0131l\u0131\u015f\u0131 olub"},"content":{"rendered":"<p><strong>Heyd\u0259r \u018fliyev M\u0259rk\u0259zinin d\u0259st\u0259yi il\u0259 yarad\u0131lan Heyd\u0259r \u018fliyev D\u00f6vl\u0259t \u0130dar\u0259\u00e7iliyi M\u0259kt\u0259binin a\u00e7\u0131l\u0131\u015f\u0131 olub<\/strong><br><em>May 12 , 2015 &#8211; 11:26<\/em><\/p>\n\n\n\n<p>May\u0131n 12-d\u0259 Az\u0259rbaycan Respublikas\u0131n\u0131n Prezidenti yan\u0131nda D\u00f6vl\u0259t \u0130dar\u0259\u00e7ilik Akademiyas\u0131nda (D\u0130A) Heyd\u0259r \u018fliyev M\u0259rk\u0259zinin d\u0259st\u0259yi il\u0259 yarad\u0131lan Heyd\u0259r \u018fliyev D\u00f6vl\u0259t \u0130dar\u0259\u00e7iliyi M\u0259kt\u0259binin a\u00e7\u0131l\u0131\u015f\u0131 olub.<\/p>\n\n\n\n<p>M\u00fcxt\u0259lif qurumlar\u0131n n\u00fcmay\u0259nd\u0259l\u0259rinin, professor v\u0259 m\u00fc\u0259lliml\u0259rin, t\u0259l\u0259b\u0259l\u0259rin i\u015ftirak etdikl\u0259ri a\u00e7\u0131l\u0131\u015f m\u0259rasimind\u0259 Heyd\u0259r \u018fliyev D\u00f6vl\u0259t \u0130dar\u0259\u00e7iliyi M\u0259kt\u0259bi haqq\u0131nda \u0259trafl\u0131 m\u0259lumat verilib. Qeyd olunub ki, m\u0259kt\u0259b \u00fcmummilli lider, m\u00fcasir m\u00fcst\u0259qil d\u00f6vl\u0259timizin memar\u0131 v\u0259 qurucusu Heyd\u0259r \u018fliyevin siyasi irsinin, az\u0259rbaycan\u00e7\u0131l\u0131q m\u0259fkur\u0259si v\u0259 d\u00f6vl\u0259t\u00e7ilik f\u0259ls\u0259f\u0259sinin t\u0259bli\u011fi m\u0259qs\u0259dil\u0259 yarad\u0131l\u0131b.<\/p>\n\n\n\n<p>M\u0259rasimd\u0259 Heyd\u0259r \u018fliyev M\u0259rk\u0259zinin direktoru Anar \u018fl\u0259kb\u0259rov \u00fcmummilli lider Heyd\u0259r \u018fliyevin Az\u0259rbaycan d\u00f6vl\u0259ti v\u0259 xalq\u0131 qar\u015f\u0131s\u0131ndak\u0131 m\u00fcst\u0259sna xidm\u0259tl\u0259rind\u0259n, Ulu \u00d6nd\u0259rin z\u0259ngin siyasi irsinin, d\u00f6vl\u0259t idar\u0259\u00e7ilik t\u0259cr\u00fcb\u0259sinin \u0259h\u0259miyy\u0259tind\u0259n dan\u0131\u015f\u0131b, dahi r\u0259hb\u0259rin ideyalar\u0131n\u0131n Az\u0259rbaycan Prezidenti \u0130lham \u018fliyev t\u0259r\u0259find\u0259n u\u011furla h\u0259yata ke\u00e7irildiyini bildirib.<\/p>\n\n\n\n<p>Direktor Heyd\u0259r \u018fliyev Fondunun prezidenti, UNESCO-nun v\u0259 ISESCO-nun xo\u015fm\u0259raml\u0131 s\u0259firi, Milli M\u0259clisin deputat\u0131 Mehriban xan\u0131m \u018fliyevan\u0131n D\u00f6vl\u0259t \u0130dar\u0259\u00e7ilik Akademiyas\u0131na x\u00fcsusi diqq\u0259t v\u0259 qay\u011f\u0131 g\u00f6st\u0259rdiyini xat\u0131rlad\u0131b.<\/p>\n\n\n\n<p>Heyd\u0259r \u018fliyev M\u0259rk\u0259zinin f\u0259aliyy\u0259ti bar\u0259d\u0259 m\u0259lumat ver\u0259n Anar \u018fl\u0259kb\u0259rov D\u0130A-da yeni yarad\u0131lan Heyd\u0259r \u018fliyev D\u00f6vl\u0259t \u0130dar\u0259\u00e7iliyi M\u0259kt\u0259binin \u0259h\u0259miyy\u0259tini vur\u011fulay\u0131b. Qeyd edib ki, bu m\u0259kt\u0259b ali t\u0259hsil m\u00fc\u0259ssis\u0259sinin m\u00fc\u0259llim v\u0259 t\u0259l\u0259b\u0259 hey\u0259tin\u0259 ara\u015fd\u0131rmalar aparmaq, regionlarla bu istiqam\u0259td\u0259 t\u0259dbirl\u0259r t\u0259\u015fkil etm\u0259k imkan\u0131 yaradacaq.<\/p>\n\n\n\n<p>D\u0130A-n\u0131n rektoru akademik Urxan \u018fl\u0259kb\u0259rov \u00fcmummilli lider, g\u00f6rk\u0259mli siyasi v\u0259 d\u00f6vl\u0259t xadimi Heyd\u0259r \u018fliyevin misilsiz tarixi xidm\u0259tl\u0259rind\u0259n b\u0259hs edib, Ulu \u00d6nd\u0259rin siyasi x\u0259ttinin Az\u0259rbaycan Prezidenti \u0130lham \u018fliyev t\u0259r\u0259find\u0259n \u0259zml\u0259 davam etdirildiyini diqq\u0259t\u0259 \u00e7atd\u0131r\u0131b. Rektor dahi \u015f\u0259xsiyy\u0259t Heyd\u0259r \u018fliyevin z\u0259ngin siyasi irsinin \u00f6yr\u0259nilm\u0259sind\u0259, m\u00fcasir m\u00fcst\u0259qil Az\u0259rbaycan\u0131n d\u00fcnyaya tan\u0131d\u0131lmas\u0131nda Heyd\u0259r \u018fliyev Fondunun v\u0259 Fondun prezidenti Mehriban \u018fliyevan\u0131n rolundan b\u0259hs edib.<\/p>\n\n\n\n<p>Akademik U.\u018fl\u0259kb\u0259rov D\u0130A-ya g\u00f6st\u0259ril\u0259n diqq\u0259t\u0259 g\u00f6r\u0259 Heyd\u0259r \u018fliyev Fondunun prezidentin\u0259 minn\u0259tdarl\u0131\u011f\u0131n\u0131 bildirib.<\/p>\n\n\n\n<p>Heyd\u0259r \u018fliyev D\u00f6vl\u0259t \u0130dar\u0259\u00e7iliyi M\u0259kt\u0259bind\u0259 m\u00fcxt\u0259lif t\u0259qdimatlar, seminarlar, d\u00f6vl\u0259t v\u0259 ictimai xadiml\u0259rl\u0259 g\u00f6r\u00fc\u015fl\u0259r ke\u00e7iril\u0259c\u0259k, dahi r\u0259hb\u0259rin irsinin \u00f6yr\u0259nilm\u0259si istiqam\u0259tind\u0259 m\u00fcxt\u0259lif ara\u015fd\u0131rmalar apar\u0131lacaq. M\u0259kt\u0259bd\u0259 dizayn\u0131, forma v\u0259 m\u0259zmunu il\u0259 f\u0259rql\u0259n\u0259n ekspozisiya da t\u0259\u015fkil olunub. Alt\u0131 b\u00f6lm\u0259d\u0259n ibar\u0259t ekspozisiyada ulu \u00f6nd\u0259r Heyd\u0259r \u018fliyevin z\u0259ngin h\u0259yat yolunu, siyasi v\u0259 d\u00f6vl\u0259t\u00e7ilik f\u0259aliyy\u0259tini \u0259ks etdir\u0259n fotomateriallar t\u0259qdim edilir. \u0130lk b\u00f6lm\u0259d\u0259 \u00dcmummilli Liderin Az\u0259rbaycana birinci r\u0259hb\u0259rliyi d\u00f6vr\u00fcnd\u0259, ikinci b\u00f6lm\u0259d\u0259 Heyd\u0259r \u018fliyevin Sovet \u0130ttifaq\u0131 Kommunist Partiyas\u0131 M\u0259rk\u0259zi Komit\u0259sinin Siyasi B\u00fcrosunun \u00fczv\u00fc, SSR\u0130 Nazirl\u0259r Soveti s\u0259drinin birinci m\u00fcavini oldu\u011fu, \u00fc\u00e7\u00fcnc\u00fc b\u00f6lm\u0259d\u0259 Ulu \u00d6nd\u0259rin Moskvadan Az\u0259rbaycana qay\u0131d\u0131\u015f\u0131, Az\u0259rbaycan v\u0259 Nax\u00e7\u0131van parlamentl\u0259rinin deputat\u0131, sonra is\u0259 muxtar respublikan\u0131n Ali M\u0259clisinin s\u0259dri oldu\u011fu, d\u00f6rd\u00fcnc\u00fc v\u0259 be\u015finci b\u00f6lm\u0259l\u0259rd\u0259 Az\u0259rbaycan Respublikas\u0131n\u0131n Prezidenti oldu\u011fu vaxtlara dair foto\u015f\u0259kill\u0259r t\u0259qdim edilir. Alt\u0131nc\u0131 b\u00f6lm\u0259d\u0259 Heyd\u0259r \u018fliyev siyas\u0259tinin davam\u00e7\u0131s\u0131 Prezident \u0130lham \u018fliyevin u\u011furlu f\u0259aliyy\u0259tini \u0259ks etdir\u0259n fotomateriallar \u0259ksini tap\u0131b.<\/p>\n\n\n\n<p>Kompyuter v\u0259 dig\u0259r m\u00fcasir texnoloji vasit\u0259l\u0259rl\u0259, m\u00fcxt\u0259lif n\u0259\u015frl\u0259rl\u0259 t\u0259min olunan m\u0259kt\u0259bd\u0259 canl\u0131 videoba\u011flant\u0131lar da yaratmaq m\u00fcmk\u00fcnd\u00fcr. Burada ilk olaraq D\u00f6vl\u0259t \u0130dar\u0259\u00e7ilik Akademiyas\u0131 il\u0259 Heyd\u0259r \u018fliyev M\u0259rk\u0259zi aras\u0131nda video\u0259laq\u0259 yarad\u0131l\u0131b.<\/p>\n\n\n\n<p><\/p>\n\n\n\n<figure class=\"wp-container-2 wp-block-gallery-1 wp-block-gallery columns-2 is-cropped\"><ul class=\"blocks-gallery-grid\"><li class=\"blocks-gallery-item\"><figure><img width=\"640\" height=\"410\" src=\"https:\/\/dia.edu.az\/wp-content\/uploads\/2021\/03\/heydar1.jpg\" alt=\"\" data-id=\"12926\" data-full-url=\"https:\/\/dia.edu.az\/wp-content\/uploads\/2021\/03\/heydar1.jpg\" data-link=\"https:\/\/dia.edu.az\/?attachment_id=12926\" class=\"wp-image-12926\" srcset=\"https:\/\/legacy.dia.edu.az\/wp-content\/uploads\/2021\/03\/heydar1.jpg 640w, https:\/\/legacy.dia.edu.az\/wp-content\/uploads\/2021\/03\/heydar1-300x192.jpg 300w, https:\/\/legacy.dia.edu.az\/wp-content\/uploads\/2021\/03\/heydar1-16x10.jpg 16w, https:\/\/legacy.dia.edu.az\/wp-content\/uploads\/2021\/03\/heydar1-300x192@2x.jpg 600w\" sizes=\"(max-width: 640px) 100vw, 640px\" \/><\/figure><\/li><li class=\"blocks-gallery-item\"><figure><img width=\"640\" height=\"475\" src=\"https:\/\/dia.edu.az\/wp-content\/uploads\/2021\/03\/heydar3.jpg\" alt=\"\" data-id=\"12927\" data-full-url=\"https:\/\/dia.edu.az\/wp-content\/uploads\/2021\/03\/heydar3.jpg\" data-link=\"https:\/\/dia.edu.az\/?attachment_id=12927\" class=\"wp-image-12927\" srcset=\"https:\/\/legacy.dia.edu.az\/wp-content\/uploads\/2021\/03\/heydar3.jpg 640w, https:\/\/legacy.dia.edu.az\/wp-content\/uploads\/2021\/03\/heydar3-300x223.jpg 300w, https:\/\/legacy.dia.edu.az\/wp-content\/uploads\/2021\/03\/heydar3-16x12.jpg 16w, https:\/\/legacy.dia.edu.az\/wp-content\/uploads\/2021\/03\/heydar3-300x223@2x.jpg 600w\" sizes=\"(max-width: 640px) 100vw, 640px\" \/><\/figure><\/li><\/ul><\/figure>","protected":false},"excerpt":{"rendered":"<p>Heyd\u0259r \u018fliyev M\u0259rk\u0259zinin d\u0259st\u0259yi il\u0259 yarad\u0131lan Heyd\u0259r \u018fliyev D\u00f6vl\u0259t \u0130dar\u0259\u00e7iliyi M\u0259kt\u0259binin a\u00e7\u0131l\u0131\u015f\u0131 olubMay 12 , 2015 &#8211; 11:26 May\u0131n 12-d\u0259 Az\u0259rbaycan Respublikas\u0131n\u0131n Prezidenti yan\u0131nda D\u00f6vl\u0259t \u0130dar\u0259\u00e7ilik Akademiyas\u0131nda (D\u0130A) Heyd\u0259r \u018fliyev M\u0259rk\u0259zinin d\u0259st\u0259yi il\u0259 yarad\u0131lan Heyd\u0259r \u018fliyev D\u00f6vl\u0259t \u0130dar\u0259\u00e7iliyi M\u0259kt\u0259binin a\u00e7\u0131l\u0131\u015f\u0131 olub. M\u00fcxt\u0259lif qurumlar\u0131n n\u00fcmay\u0259nd\u0259l\u0259rinin, professor v\u0259 m\u00fc\u0259lliml\u0259rin, t\u0259l\u0259b\u0259l\u0259rin i\u015ftirak etdikl\u0259ri a\u00e7\u0131l\u0131\u015f m\u0259rasimind\u0259 Heyd\u0259r \u018fliyev D\u00f6vl\u0259t [&hellip;]<\/p>","protected":false},"author":2,"featured_media":12927,"comment_status":"closed","ping_status":"closed","sticky":false,"template":"","format":"standard","meta":[],"categories":[137],"tags":[],"_links":{"self":[{"href":"https:\/\/legacy.dia.edu.az\/ru\/wp-json\/wp\/v2\/posts\/12925"}],"collection":[{"href":"https:\/\/legacy.dia.edu.az\/ru\/wp-json\/wp\/v2\/posts"}],"about":[{"href":"https:\/\/legacy.dia.edu.az\/ru\/wp-json\/wp\/v2\/types\/post"}],"author":[{"embeddable":true,"href":"https:\/\/legacy.dia.edu.az\/ru\/wp-json\/wp\/v2\/users\/2"}],"replies":[{"embeddable":true,"href":"https:\/\/legacy.dia.edu.az\/ru\/wp-json\/wp\/v2\/comments?post=12925"}],"version-history":[{"count":0,"href":"https:\/\/legacy.dia.edu.az\/ru\/wp-json\/wp\/v2\/posts\/12925\/revisions"}],"wp:featuredmedia":[{"embeddable":true,"href":"https:\/\/legacy.dia.edu.az\/ru\/wp-json\/wp\/v2\/media\/12927"}],"wp:attachment":[{"href":"https:\/\/legacy.dia.edu.az\/ru\/wp-json\/wp\/v2\/media?parent=12925"}],"wp:term":[{"taxonomy":"category","embeddable":true,"href":"https:\/\/legacy.dia.edu.az\/ru\/wp-json\/wp\/v2\/categories?post=12925"},{"taxonomy":"post_tag","embeddable":true,"href":"https:\/\/legacy.dia.edu.az\/ru\/wp-json\/wp\/v2\/tags?post=12925"}],"curies":[{"name":"wp","href":"https:\/\/api.w.org\/{rel}","templated":true}]}}