{"id":12919,"date":"2015-05-24T11:16:00","date_gmt":"2015-05-24T08:16:00","guid":{"rendered":"https:\/\/dia.edu.az\/?p=12919"},"modified":"2021-03-17T11:17:34","modified_gmt":"2021-03-17T08:17:34","slug":"mayin-23-d%c9%99-t%c9%99hsilin-magistr-pill%c9%99sini-bitir%c9%99n-dovl%c9%99t-qulluqcularina-diplomlar-t%c9%99qdim-olunub","status":"publish","type":"post","link":"https:\/\/legacy.dia.edu.az\/ru\/arxivl\u0259r\/12919","title":{"rendered":"May\u0131n 23-d\u0259 t\u0259hsilin magistr pill\u0259sini bitir\u0259n d\u00f6vl\u0259t qulluq\u00e7ular\u0131na diplomlar t\u0259qdim olunub"},"content":{"rendered":"<p><strong>May\u0131n 23-d\u0259 t\u0259hsilin magistr pill\u0259sini bitir\u0259n d\u00f6vl\u0259t qulluq\u00e7ular\u0131na diplomlar t\u0259qdim olunub<\/strong><br><em>May 24 , 2015 &#8211; 09:48<\/em><\/p>\n\n\n\n<p>T\u0259hsilin magistr pill\u0259sini bitir\u0259n d\u00f6vl\u0259t qulluq\u00e7ular\u0131na diplomlar t\u0259qdim olunub<\/p>\n\n\n\n<p>May\u0131n 23-d\u0259 Az\u0259rbaycan Respublikas\u0131n\u0131n Prezidenti yan\u0131nda D\u00f6vl\u0259t \u0130dar\u0259\u00e7ilik Akademiyas\u0131nda ilk d\u0259f\u0259 d\u00f6vl\u0259t qulluq\u00e7ular\u0131 \u00fc\u00e7\u00fcn ixtisasart\u0131rma v\u0259 yenid\u0259nhaz\u0131rlanma istiqam\u0259ti \u00fczr\u0259 t\u0259hsilin magistr pill\u0259sini bitir\u0259n d\u00f6vl\u0259t qulluq\u00e7ular\u0131na diplomlar\u0131n t\u0259qdim olunmas\u0131 m\u0259rasimi ke\u00e7irilib.<\/p>\n\n\n\n<p>M\u0259rasimd\u0259 D\u0130A-n\u0131n rektoru, akademik Urxan \u018fl\u0259kb\u0259rov \u00fcmummilli lider, m\u00fcasir m\u00fcst\u0259qil d\u00f6vl\u0259timizin memar\u0131 v\u0259 qurucusu Heyd\u0259r \u018fliyevin t\u0259hsil\u0259 daim b\u00f6y\u00fck \u00f6n\u0259m verdiyini, Ulu \u00d6nd\u0259rin ideyalar\u0131n\u0131n Az\u0259rbaycan Prezidenti \u0130lham \u018fliyev t\u0259r\u0259find\u0259n q\u0259tiyy\u0259tl\u0259 h\u0259yata ke\u00e7irildiyini bildirib.<\/p>\n\n\n\n<p>\u018fsas\u0131 \u00fcmummilli lider Heyd\u0259r \u018fliyev t\u0259r\u0259find\u0259n qoyulmu\u015f D\u00f6vl\u0259t \u0130dar\u0259\u00e7ilik Akademiyas\u0131nda d\u00f6vl\u0259t idar\u0259\u00e7iliyi sah\u0259sind\u0259 ixtisasla\u015fan kadrlar\u0131n perspektiv imkanlar\u0131ndan dan\u0131\u015fan rektor Az\u0259rbaycan Prezidenti \u0130lham \u018fliyevin 2014-c\u00fc il 11 dekabr tarixli \u201cD\u00f6vl\u0259t qulluq\u00e7ular\u0131n\u0131n \u0259lav\u0259 t\u0259hsili il\u0259 ba\u011fl\u0131 b\u0259zi m\u0259s\u0259l\u0259l\u0259r bar\u0259d\u0259\u201d F\u0259rman\u0131n\u0131n icras\u0131n\u0131n t\u0259min edilm\u0259si istiqam\u0259tind\u0259 realla\u015fd\u0131r\u0131lan t\u0259dbirl\u0259rd\u0259n s\u00f6z a\u00e7\u0131b.<\/p>\n\n\n\n<p>Akademik U.\u018fl\u0259kb\u0259rov m\u00fcasir d\u00f6vrd\u0259 d\u00f6vl\u0259tin g\u00fcc\u00fcn\u00fcn v\u0259 q\u00fcdr\u0259tinin t\u0259kc\u0259 onun t\u0259bii s\u0259rv\u0259tl\u0259ri il\u0259 deyil, h\u0259m d\u0259 elmi-intellektual potensial, insan kapital\u0131 il\u0259 m\u00fc\u0259yy\u0259nl\u0259\u015fdirildiyini bildirib, insan kapital\u0131n\u0131n inki\u015faf\u0131 v\u0259 davaml\u0131l\u0131\u011f\u0131n\u0131n t\u0259min edilm\u0259sind\u0259 d\u00f6vl\u0259timizin h\u0259yata ke\u00e7irdiyi siyas\u0259tin \u0259h\u0259miyy\u0259tini vur\u011fulay\u0131b.<\/p>\n\n\n\n<p>Prezident \u0130lham \u018fliyevin t\u0259hsill\u0259 ba\u011fl\u0131 m\u00fch\u00fcm s\u0259n\u0259dl\u0259r imzalad\u0131\u011f\u0131n\u0131 qeyd ed\u0259n rektor d\u00f6vl\u0259timizin ba\u015f\u00e7\u0131s\u0131n\u0131n \u201cQara q\u0131z\u0131l\u0131 insan kapital\u0131na \u00e7evirm\u0259k\u201d k\u0259lam\u0131n\u0131 xat\u0131rlad\u0131b.<\/p>\n\n\n\n<p>Az\u0259rbaycan Respublikas\u0131 Prezidenti Administrasiyas\u0131n\u0131n humanitar siyas\u0259t m\u0259s\u0259l\u0259l\u0259ri \u015f\u00f6b\u0259sinin m\u00fcdiri Fatma Abdullazad\u0259 d\u00f6vl\u0259tin xalqa xidm\u0259t etdiyini bildirib, Prezident \u0130lham \u018fliyevin apard\u0131\u011f\u0131 siyas\u0259tin \u0259h\u0259miyy\u0259tini vur\u011fulay\u0131b.<\/p>\n\n\n\n<p>\u201c\u0130nsandan uca, insandan vacib d\u00f6vl\u0259t \u00fc\u00e7\u00fcn he\u00e7 bir \u015fey yoxdur\u201d,- dey\u0259n F.Abdullazad\u0259 qeyd edib ki, h\u0259r bir d\u00f6vl\u0259t qulluq\u00e7usu ilk n\u00f6vb\u0259d\u0259 b\u00f6y\u00fck v\u0259t\u0259np\u0259rv\u0259r olmal\u0131d\u0131r.<\/p>\n\n\n\n<p>Prezident Administrasiyas\u0131n\u0131n \u015f\u00f6b\u0259 m\u00fcdiri Az\u0259rbaycan\u0131n b\u00f6y\u00fck inki\u015faf yolu ke\u00e7diyini diqq\u0259t\u0259 \u00e7atd\u0131r\u0131b.<\/p>\n\n\n\n<p>D\u0130A-da t\u0259hsilin magistr pill\u0259sini bitir\u0259n d\u00f6vl\u0259t qulluq\u00e7ular\u0131n\u0131 t\u0259brik ed\u0259n F.Abdullazad\u0259 onlara t\u00f6vsiy\u0259l\u0259rini verib, u\u011furlar arzulay\u0131b.<\/p>\n\n\n\n<p>T\u0259hsilin magistr pill\u0259sini bitir\u0259n d\u00f6vl\u0259t qulluq\u00e7ular\u0131 \u00e7\u0131x\u0131\u015f ed\u0259r\u0259k g\u00f6st\u0259ril\u0259n diqq\u0259t v\u0259 qay\u011f\u0131ya g\u00f6r\u0259 Prezident \u0130lham \u018fliyev\u0259 minn\u0259tdarl\u0131qlar\u0131n\u0131 bildiribl\u0259r.<\/p>\n\n\n\n<p>Sonra t\u0259hsilin magistr pill\u0259sini bitir\u0259n d\u00f6vl\u0259t qulluq\u00e7ular\u0131na diplomlar t\u0259qdim olunub.<\/p>\n\n\n\n<p><\/p>\n\n\n\n<figure class=\"wp-container-2 wp-block-gallery-1 wp-block-gallery columns-3 is-cropped\"><ul class=\"blocks-gallery-grid\"><li class=\"blocks-gallery-item\"><figure><img width=\"640\" height=\"429\" src=\"https:\/\/dia.edu.az\/wp-content\/uploads\/2021\/03\/001.jpg\" alt=\"\" data-id=\"12920\" data-full-url=\"https:\/\/dia.edu.az\/wp-content\/uploads\/2021\/03\/001.jpg\" data-link=\"https:\/\/dia.edu.az\/?attachment_id=12920\" class=\"wp-image-12920\" srcset=\"https:\/\/legacy.dia.edu.az\/wp-content\/uploads\/2021\/03\/001.jpg 640w, https:\/\/legacy.dia.edu.az\/wp-content\/uploads\/2021\/03\/001-300x201.jpg 300w, https:\/\/legacy.dia.edu.az\/wp-content\/uploads\/2021\/03\/001-16x12.jpg 16w, https:\/\/legacy.dia.edu.az\/wp-content\/uploads\/2021\/03\/001-150x100.jpg 150w, https:\/\/legacy.dia.edu.az\/wp-content\/uploads\/2021\/03\/001-300x201@2x.jpg 600w\" sizes=\"(max-width: 640px) 100vw, 640px\" \/><\/figure><\/li><li class=\"blocks-gallery-item\"><figure><img width=\"570\" height=\"480\" src=\"https:\/\/dia.edu.az\/wp-content\/uploads\/2021\/03\/003.jpg\" alt=\"\" data-id=\"12921\" data-full-url=\"https:\/\/dia.edu.az\/wp-content\/uploads\/2021\/03\/003.jpg\" data-link=\"https:\/\/dia.edu.az\/?attachment_id=12921\" class=\"wp-image-12921\" srcset=\"https:\/\/legacy.dia.edu.az\/wp-content\/uploads\/2021\/03\/003.jpg 570w, https:\/\/legacy.dia.edu.az\/wp-content\/uploads\/2021\/03\/003-300x253.jpg 300w, https:\/\/legacy.dia.edu.az\/wp-content\/uploads\/2021\/03\/003-14x12.jpg 14w\" sizes=\"(max-width: 570px) 100vw, 570px\" \/><\/figure><\/li><li class=\"blocks-gallery-item\"><figure><img width=\"640\" height=\"437\" src=\"https:\/\/dia.edu.az\/wp-content\/uploads\/2021\/03\/004.jpg\" alt=\"\" data-id=\"12922\" data-full-url=\"https:\/\/dia.edu.az\/wp-content\/uploads\/2021\/03\/004.jpg\" data-link=\"https:\/\/dia.edu.az\/?attachment_id=12922\" class=\"wp-image-12922\" srcset=\"https:\/\/legacy.dia.edu.az\/wp-content\/uploads\/2021\/03\/004.jpg 640w, https:\/\/legacy.dia.edu.az\/wp-content\/uploads\/2021\/03\/004-300x205.jpg 300w, https:\/\/legacy.dia.edu.az\/wp-content\/uploads\/2021\/03\/004-16x12.jpg 16w, https:\/\/legacy.dia.edu.az\/wp-content\/uploads\/2021\/03\/004-300x205@2x.jpg 600w\" sizes=\"(max-width: 640px) 100vw, 640px\" \/><\/figure><\/li><li class=\"blocks-gallery-item\"><figure><img width=\"640\" height=\"445\" src=\"https:\/\/dia.edu.az\/wp-content\/uploads\/2021\/03\/005.jpg\" alt=\"\" data-id=\"12923\" data-full-url=\"https:\/\/dia.edu.az\/wp-content\/uploads\/2021\/03\/005.jpg\" data-link=\"https:\/\/dia.edu.az\/?attachment_id=12923\" class=\"wp-image-12923\" srcset=\"https:\/\/legacy.dia.edu.az\/wp-content\/uploads\/2021\/03\/005.jpg 640w, https:\/\/legacy.dia.edu.az\/wp-content\/uploads\/2021\/03\/005-300x209.jpg 300w, https:\/\/legacy.dia.edu.az\/wp-content\/uploads\/2021\/03\/005-16x12.jpg 16w, https:\/\/legacy.dia.edu.az\/wp-content\/uploads\/2021\/03\/005-300x209@2x.jpg 600w\" sizes=\"(max-width: 640px) 100vw, 640px\" \/><\/figure><\/li><\/ul><\/figure>","protected":false},"excerpt":{"rendered":"<p>May\u0131n 23-d\u0259 t\u0259hsilin magistr pill\u0259sini bitir\u0259n d\u00f6vl\u0259t qulluq\u00e7ular\u0131na diplomlar t\u0259qdim olunubMay 24 , 2015 &#8211; 09:48 T\u0259hsilin magistr pill\u0259sini bitir\u0259n d\u00f6vl\u0259t qulluq\u00e7ular\u0131na diplomlar t\u0259qdim olunub May\u0131n 23-d\u0259 Az\u0259rbaycan Respublikas\u0131n\u0131n Prezidenti yan\u0131nda D\u00f6vl\u0259t \u0130dar\u0259\u00e7ilik Akademiyas\u0131nda ilk d\u0259f\u0259 d\u00f6vl\u0259t qulluq\u00e7ular\u0131 \u00fc\u00e7\u00fcn ixtisasart\u0131rma v\u0259 yenid\u0259nhaz\u0131rlanma istiqam\u0259ti \u00fczr\u0259 t\u0259hsilin magistr pill\u0259sini bitir\u0259n d\u00f6vl\u0259t qulluq\u00e7ular\u0131na diplomlar\u0131n t\u0259qdim olunmas\u0131 m\u0259rasimi ke\u00e7irilib. [&hellip;]<\/p>","protected":false},"author":2,"featured_media":12922,"comment_status":"closed","ping_status":"closed","sticky":false,"template":"","format":"standard","meta":[],"categories":[137],"tags":[],"_links":{"self":[{"href":"https:\/\/legacy.dia.edu.az\/ru\/wp-json\/wp\/v2\/posts\/12919"}],"collection":[{"href":"https:\/\/legacy.dia.edu.az\/ru\/wp-json\/wp\/v2\/posts"}],"about":[{"href":"https:\/\/legacy.dia.edu.az\/ru\/wp-json\/wp\/v2\/types\/post"}],"author":[{"embeddable":true,"href":"https:\/\/legacy.dia.edu.az\/ru\/wp-json\/wp\/v2\/users\/2"}],"replies":[{"embeddable":true,"href":"https:\/\/legacy.dia.edu.az\/ru\/wp-json\/wp\/v2\/comments?post=12919"}],"version-history":[{"count":0,"href":"https:\/\/legacy.dia.edu.az\/ru\/wp-json\/wp\/v2\/posts\/12919\/revisions"}],"wp:featuredmedia":[{"embeddable":true,"href":"https:\/\/legacy.dia.edu.az\/ru\/wp-json\/wp\/v2\/media\/12922"}],"wp:attachment":[{"href":"https:\/\/legacy.dia.edu.az\/ru\/wp-json\/wp\/v2\/media?parent=12919"}],"wp:term":[{"taxonomy":"category","embeddable":true,"href":"https:\/\/legacy.dia.edu.az\/ru\/wp-json\/wp\/v2\/categories?post=12919"},{"taxonomy":"post_tag","embeddable":true,"href":"https:\/\/legacy.dia.edu.az\/ru\/wp-json\/wp\/v2\/tags?post=12919"}],"curies":[{"name":"wp","href":"https:\/\/api.w.org\/{rel}","templated":true}]}}