{"id":12894,"date":"2015-06-18T11:07:00","date_gmt":"2015-06-18T08:07:00","guid":{"rendered":"https:\/\/dia.edu.az\/?p=12894"},"modified":"2021-03-17T11:08:51","modified_gmt":"2021-03-17T08:08:51","slug":"turkiy%c9%99-prezidenti-dovl%c9%99t-idar%c9%99cilk-akademiyasinin-m%c9%99zununa-odul-t%c9%99qdim-edib","status":"publish","type":"post","link":"https:\/\/legacy.dia.edu.az\/ru\/arxivl\u0259r\/12894","title":{"rendered":"T\u00fcrkiy\u0259 Prezidenti D\u00f6vl\u0259t \u0130dar\u0259\u00e7ilk Akademiyas\u0131n\u0131n m\u0259zununa \u00f6d\u00fcl t\u0259qdim edib"},"content":{"rendered":"<p><strong>T\u00fcrkiy\u0259 Prezidenti D\u00f6vl\u0259t \u0130dar\u0259\u00e7ilk Akademiyas\u0131n\u0131n m\u0259zununa \u00f6d\u00fcl t\u0259qdim edib<\/strong><br><em>\u0130yn 18 , 2015 &#8211; 04:12<\/em><\/p>\n\n\n\n<p>&nbsp; &nbsp; &nbsp;&nbsp;T\u00fcrkiy\u0259 &nbsp; Prezidenti &nbsp; &nbsp;R\u0259c\u0259b Tayyip Erdo\u011fan &nbsp; T\u00fcrkiy\u0259d\u0259 t\u0259hsil alan \u0259cn\u0259bi t\u0259l\u0259b\u0259l\u0259rin m\u0259zuniyy\u0259t m\u0259rasimin\u0259 qat\u0131l\u0131b.<\/p>\n\n\n\n<p>&nbsp; &nbsp; &nbsp; &nbsp; &nbsp; R\u0259c\u0259b Tayyip Erdo\u011fan az\u0259rbaycanl\u0131 magistr Leyla Sultanl\u0131ya 2015-ci ild\u0259 T\u00fcrkiy\u0259d\u0259 m\u0259zun olan xarici t\u0259l\u0259b\u0259l\u0259r aras\u0131nda 20 \u0259n bacar\u0131ql\u0131 t\u0259l\u0259b\u0259l\u0259rd\u0259n biri kimi \u00f6d\u00fcl t\u0259qdim edib. Leyla Sultanl\u0131 Az\u0259rbaycan Respublikas\u0131 Prezidenti yan\u0131nda D\u00f6vl\u0259t \u0130dar\u0259\u00e7ilk Akademiyas\u0131nda bakalavr t\u0259hsili al\u0131b.<\/p>\n\n\n\n<p>\u00a0 \u00a0 \u00a0 \u00a0 \u00a0 O, 1991-ci il t\u0259v\u0259ll\u00fcdl\u00fcd\u00fcr, 32 sayl\u0131 orta m\u0259kt\u0259bi bitirmi\u015f, 2009-cu ild\u0259 q\u0259bul imtahanlar\u0131nda 621 bal toplayaraq D\u00f6vl\u0259t \u0130dar\u0259\u00e7ilik Akademiyas\u0131n\u0131n Siyasi \u0130dar\u0259etm\u0259 fak\u00fclt\u0259sin\u0259 daxil olub. Akademiyan\u0131 F\u0259rql\u0259nm\u0259 diplomu il\u0259 bitir\u0259r\u0259k, el\u0259 h\u0259min ild\u0259 T\u00fcrkiy\u0259 C\u00fcmhuriyy\u0259ti Hacettepe \u00dcniversitetinin Public Administration-D\u00f6vl\u0259t \u0130dar\u0259\u00e7iliyi fak\u00fclt\u0259sin\u0259 daxil olub. Hacettepe \u00dcniversitetini bu il y\u00fcks\u0259k qiym\u0259tl\u0259rl\u0259 bitirib. &#8220;Az\u0259rbaycanda Elektron H\u00f6k\u00fcm\u0259t&#8221; adl\u0131 elmi i\u015f \u00fcz\u0259rind\u0259 i\u015fl\u0259yir.<\/p>\n\n\n\n<p><\/p>\n\n\n\n<figure class=\"wp-container-2 wp-block-gallery-1 wp-block-gallery columns-2 is-cropped\"><ul class=\"blocks-gallery-grid\"><li class=\"blocks-gallery-item\"><figure><img width=\"640\" height=\"427\" src=\"https:\/\/dia.edu.az\/wp-content\/uploads\/2021\/03\/erdogan.jpg\" alt=\"\" data-id=\"12895\" data-full-url=\"https:\/\/dia.edu.az\/wp-content\/uploads\/2021\/03\/erdogan.jpg\" data-link=\"https:\/\/dia.edu.az\/?attachment_id=12895\" class=\"wp-image-12895\" srcset=\"https:\/\/legacy.dia.edu.az\/wp-content\/uploads\/2021\/03\/erdogan.jpg 640w, https:\/\/legacy.dia.edu.az\/wp-content\/uploads\/2021\/03\/erdogan-300x200.jpg 300w, https:\/\/legacy.dia.edu.az\/wp-content\/uploads\/2021\/03\/erdogan-16x12.jpg 16w, https:\/\/legacy.dia.edu.az\/wp-content\/uploads\/2021\/03\/erdogan-150x100.jpg 150w, https:\/\/legacy.dia.edu.az\/wp-content\/uploads\/2021\/03\/erdogan-300x200@2x.jpg 600w\" sizes=\"(max-width: 640px) 100vw, 640px\" \/><\/figure><\/li><li class=\"blocks-gallery-item\"><figure><img width=\"640\" height=\"409\" src=\"https:\/\/dia.edu.az\/wp-content\/uploads\/2021\/03\/receb1122.jpg\" alt=\"\" data-id=\"12897\" data-full-url=\"https:\/\/dia.edu.az\/wp-content\/uploads\/2021\/03\/receb1122.jpg\" data-link=\"https:\/\/dia.edu.az\/?attachment_id=12897\" class=\"wp-image-12897\" srcset=\"https:\/\/legacy.dia.edu.az\/wp-content\/uploads\/2021\/03\/receb1122.jpg 640w, https:\/\/legacy.dia.edu.az\/wp-content\/uploads\/2021\/03\/receb1122-300x192.jpg 300w, https:\/\/legacy.dia.edu.az\/wp-content\/uploads\/2021\/03\/receb1122-16x10.jpg 16w, https:\/\/legacy.dia.edu.az\/wp-content\/uploads\/2021\/03\/receb1122-300x192@2x.jpg 600w\" sizes=\"(max-width: 640px) 100vw, 640px\" \/><\/figure><\/li><li class=\"blocks-gallery-item\"><figure><img width=\"360\" height=\"640\" src=\"https:\/\/dia.edu.az\/wp-content\/uploads\/2021\/03\/receb11.jpg\" alt=\"\" data-id=\"12896\" data-full-url=\"https:\/\/dia.edu.az\/wp-content\/uploads\/2021\/03\/receb11.jpg\" data-link=\"https:\/\/dia.edu.az\/?attachment_id=12896\" class=\"wp-image-12896\" srcset=\"https:\/\/legacy.dia.edu.az\/wp-content\/uploads\/2021\/03\/receb11.jpg 360w, https:\/\/legacy.dia.edu.az\/wp-content\/uploads\/2021\/03\/receb11-169x300.jpg 169w, https:\/\/legacy.dia.edu.az\/wp-content\/uploads\/2021\/03\/receb11-7x12.jpg 7w, https:\/\/legacy.dia.edu.az\/wp-content\/uploads\/2021\/03\/receb11-169x300@2x.jpg 338w\" sizes=\"(max-width: 360px) 100vw, 360px\" \/><\/figure><\/li><\/ul><\/figure>","protected":false},"excerpt":{"rendered":"<p>T\u00fcrkiy\u0259 Prezidenti D\u00f6vl\u0259t \u0130dar\u0259\u00e7ilk Akademiyas\u0131n\u0131n m\u0259zununa \u00f6d\u00fcl t\u0259qdim edib\u0130yn 18 , 2015 &#8211; 04:12 &nbsp; &nbsp; &nbsp;&nbsp;T\u00fcrkiy\u0259 &nbsp; Prezidenti &nbsp; &nbsp;R\u0259c\u0259b Tayyip Erdo\u011fan &nbsp; T\u00fcrkiy\u0259d\u0259 t\u0259hsil alan \u0259cn\u0259bi t\u0259l\u0259b\u0259l\u0259rin m\u0259zuniyy\u0259t m\u0259rasimin\u0259 qat\u0131l\u0131b. &nbsp; &nbsp; &nbsp; &nbsp; &nbsp; R\u0259c\u0259b Tayyip Erdo\u011fan az\u0259rbaycanl\u0131 magistr Leyla Sultanl\u0131ya 2015-ci ild\u0259 T\u00fcrkiy\u0259d\u0259 m\u0259zun olan xarici t\u0259l\u0259b\u0259l\u0259r aras\u0131nda 20 \u0259n bacar\u0131ql\u0131 [&hellip;]<\/p>","protected":false},"author":2,"featured_media":12897,"comment_status":"closed","ping_status":"closed","sticky":false,"template":"","format":"standard","meta":[],"categories":[137],"tags":[],"_links":{"self":[{"href":"https:\/\/legacy.dia.edu.az\/ru\/wp-json\/wp\/v2\/posts\/12894"}],"collection":[{"href":"https:\/\/legacy.dia.edu.az\/ru\/wp-json\/wp\/v2\/posts"}],"about":[{"href":"https:\/\/legacy.dia.edu.az\/ru\/wp-json\/wp\/v2\/types\/post"}],"author":[{"embeddable":true,"href":"https:\/\/legacy.dia.edu.az\/ru\/wp-json\/wp\/v2\/users\/2"}],"replies":[{"embeddable":true,"href":"https:\/\/legacy.dia.edu.az\/ru\/wp-json\/wp\/v2\/comments?post=12894"}],"version-history":[{"count":0,"href":"https:\/\/legacy.dia.edu.az\/ru\/wp-json\/wp\/v2\/posts\/12894\/revisions"}],"wp:featuredmedia":[{"embeddable":true,"href":"https:\/\/legacy.dia.edu.az\/ru\/wp-json\/wp\/v2\/media\/12897"}],"wp:attachment":[{"href":"https:\/\/legacy.dia.edu.az\/ru\/wp-json\/wp\/v2\/media?parent=12894"}],"wp:term":[{"taxonomy":"category","embeddable":true,"href":"https:\/\/legacy.dia.edu.az\/ru\/wp-json\/wp\/v2\/categories?post=12894"},{"taxonomy":"post_tag","embeddable":true,"href":"https:\/\/legacy.dia.edu.az\/ru\/wp-json\/wp\/v2\/tags?post=12894"}],"curies":[{"name":"wp","href":"https:\/\/api.w.org\/{rel}","templated":true}]}}