{"id":12869,"date":"2015-10-19T10:52:00","date_gmt":"2015-10-19T07:52:00","guid":{"rendered":"https:\/\/dia.edu.az\/?p=12869"},"modified":"2021-03-17T10:53:32","modified_gmt":"2021-03-17T07:53:32","slug":"dovl%c9%99t-idar%c9%99cilik-akademiyasinda-ixtisasartirma-kurslari-kecilirmisdir","status":"publish","type":"post","link":"https:\/\/legacy.dia.edu.az\/ru\/arxivl\u0259r\/12869","title":{"rendered":"D\u00f6vl\u0259t \u0130dar\u0259\u00e7ilik Akademiyas\u0131nda ixtisasart\u0131rma kurslar\u0131 ke\u00e7ilirmi\u015fdir"},"content":{"rendered":"<p><strong>D\u00f6vl\u0259t \u0130dar\u0259\u00e7ilik Akademiyas\u0131nda ixtisasart\u0131rma kurslar\u0131 ke\u00e7ilirmi\u015fdir<\/strong><br><em>Okt 19 , 2015 &#8211; 02:13<\/em><\/p>\n\n\n\n<p>Az\u0259rbaycan Respublikas\u0131n\u0131n Prezidenti yan\u0131nda D\u00f6vl\u0259t \u0130dar\u0259\u00e7ilik Akademiyas\u0131nda \u201cAz\u0259rbaycan Respublikas\u0131nda g\u0259ncl\u0259r siyas\u0259ti\u201d, \u201dAz\u0259rbaycan Respublikas\u0131nda ail\u0259, qad\u0131n v\u0259 u\u015faq siyas\u0259ti\u201d istiqam\u0259tl\u0259ri \u00fczr\u0259q\u0131sam\u00fcdd\u0259tli&nbsp; ixtisasart\u0131rma kurslar\u0131 ke\u00e7ilirmi\u015fdir. Kurslara d\u00f6vl\u0259t hakimiyy\u0259tinin m\u0259rk\u0259zi, \u015f\u0259h\u0259r, rayon miqyasl\u0131 orqanlar\u0131n\u0131n, m\u00fcvafiq nazirlik, komit\u0259 v\u0259 idar\u0259l\u0259rinin r\u0259hb\u0259r i\u015f\u00e7il\u0259ri c\u0259lb olunmu\u015fdur.<\/p>\n\n\n\n<p>\u201cAz\u0259rbaycan Respublikas\u0131nda g\u0259ncl\u0259r siyas\u0259ti\u201d istiqam\u0259tinin \u0259sas m\u0259qs\u0259di davaml\u0131 inki\u015faf\u0131n planla\u015fd\u0131r\u0131lmas\u0131nda v\u0259 idar\u0259olunmas\u0131nda g\u0259ncl\u0259rin rolu, Az\u0259rbaycan d\u00f6vl\u0259tinin g\u0259ncl\u0259r siyas\u0259tinin ba\u015fl\u0131ca istiqam\u0259tl\u0259ri, regionlarda g\u0259ncl\u0259rl\u0259 i\u015fin t\u0259\u015fkili, g\u0259ncl\u0259rin diaspora quruculu\u011funda rolu, h\u0259ssas qruplardan olan g\u0259ncl\u0259rin sosial m\u00fcdafi\u0259 sistemin\u0259 inteqrasiyas\u0131, kulturologiya, idar\u0259etm\u0259 v\u0259 g\u0259ncl\u0259rin inki\u015faf\u0131 v\u0259 s. probleml\u0259rl\u0259 ba\u011fl\u0131 bilikl\u0259rin dinl\u0259yicil\u0259r\u0259 \u00e7atd\u0131r\u0131lmas\u0131 v\u0259 onlarla fikir m\u00fcbadil\u0259sinin apar\u0131lmas\u0131 idi.<\/p>\n\n\n\n<p>Kurs \u0259rzind\u0259 Az\u0259rbaycan Respublikas\u0131 Prezidenti yan\u0131nda D\u00f6vl\u0259t \u0130dar\u0259\u00e7ilik Akademiyas\u0131n\u0131n rektoru akademik Urxan \u018fl\u0259kb\u0259rov, Az\u0259rbaycan Respublikas\u0131 G\u0259ncl\u0259r v\u0259 \u0130dman nazirinin m\u00fcavini \u0130ntiqam Babayev v\u0259 nazirliyin \u0259m\u0259kda\u015flar\u0131, Az\u0259rbaycan Respublikas\u0131 Daxili \u0130\u015fl\u0259r Nazirliyi Ba\u015f \u0130dar\u0259sinin r\u0259is m\u00fcavini Hikm\u0259t Eyvazov,&nbsp; Az\u0259rbaycan Respublikas\u0131 &nbsp;&nbsp;\u018fm\u0259k v\u0259 \u018fhalinin Sosial M\u00fcdafi\u0259si Nazirliyinin \u015f\u00f6b\u0259 m\u00fcdirinin m\u00fcavini, D\u0130A-n\u0131n professor m\u00fc\u0259llim hey\u0259ti m\u00fcxt\u0259lif m\u00f6vzularda m\u00fchazir\u0259l\u0259rl\u0259 c\u0131x\u0131\u015f etmi\u015fl\u0259r.&nbsp;<\/p>\n\n\n\n<p>Eyni zamanda qeyd olunan kursla yana\u015f\u0131 \u201dAz\u0259rbaycan Respublikas\u0131nda ail\u0259 qad\u0131n v\u0259 u\u015faq siyas\u0259ti\u201d istiqam\u0259ti \u00fczr\u0259q\u0131sam\u00fcdd\u0259tli&nbsp; ixtisasart\u0131rma kursu ke\u00e7irilmi\u015fdir. Kursun \u0259sas m\u0259qs\u0259di Az\u0259rbaycan Respublikas\u0131nda d\u00f6vl\u0259t ail\u0259, qad\u0131n v\u0259 u\u015faq siyas\u0259ti, ail\u0259 qad\u0131n v\u0259 u\u015faq siyas\u0259tinin h\u0259yata ke\u00e7irilm\u0259sind\u0259 ictimai-siyasi t\u0259\u015fkilatlar\u0131n rolu, bo\u015fanmalar n\u0259tic\u0259sind\u0259 yaranan probleml\u0259r, bo\u015fanmalar n\u0259tic\u0259sind\u0259 yaranan probleml\u0259r, m\u0259hk\u0259m\u0259 q\u0259rarlar\u0131n\u0131n icras\u0131 v\u0259 yerli icra strukturlar\u0131n\u0131n rolu, Az\u0259rbaycan Respublikas\u0131nda ail\u0259 m\u0259c\u0259ll\u0259si reall\u0131qlar v\u0259 perspektivl\u0259r, islamda ail\u0259 v\u0259 nigar m\u0259s\u0259l\u0259l\u0259rin\u0259 yana\u015fma &#8211; erk\u0259n v\u0259 qeyri r\u0259smi nigahlar v\u0259 s. Qeyd olunan kursda Az\u0259rbaycan Respublikas\u0131n\u0131n Prezidenti Admistrasiyas\u0131n\u0131n \u0130ctimai-siyasi m\u0259s\u0259l\u0259l\u0259r \u015f\u00f6b\u0259sinin sektor m\u00fcdiri Elman Pa\u015fayev, Az\u0259rbaycan Respublikas\u0131 Milli M\u0259clisi Sosial Siyas\u0259t Komit\u0259sinin s\u0259dri Had\u0131 R\u0259c\u0259bli, Az\u0259rbaycan Respublikas\u0131 Ail\u0259, Qad\u0131n v\u0259 U\u015faq Probleml\u0259ri \u00fczr\u0259 D\u00f6vl\u0259t Komit\u0259sinin s\u0259dr m\u00fcavini S\u0259daq\u0259t Q\u0259hr\u0259manova, Az\u0259rbaycan Respublikas\u0131 Dini Qurumlarla \u0130\u015f \u00fczr\u0259 D\u00f6vl\u0259t Komit\u0259sinin s\u0259dr m\u00fcavini G\u00fcnd\u00fcz \u0130smay\u0131lov m\u00fcxt\u0259lif m\u00f6vzularda m\u00fchazir\u0259l\u0259rl\u0259 c\u0131x\u0131\u015f etmi\u015fl\u0259r.<\/p>\n\n\n\n<p>Kurslar\u0131n sonunda Az\u0259rbaycan Respublikas\u0131n\u0131n Prezidenti yan\u0131nda D\u00f6vl\u0259t \u0130dar\u0259\u00e7ilik Akademiyas\u0131nda dinl\u0259yicil\u0259rin burax\u0131l\u0131\u015f m\u0259rasimi ke\u00e7irilmi\u015fdir. Dinl\u0259yicil\u0259r\u0259 sertifikatlar\u00a0 t\u0259qdim edilmi\u015fdir.<\/p>\n\n\n\n<p><\/p>\n\n\n\n<figure class=\"wp-container-2 wp-block-gallery-1 wp-block-gallery columns-2 is-cropped\"><ul class=\"blocks-gallery-grid\"><li class=\"blocks-gallery-item\"><figure><img width=\"800\" height=\"530\" src=\"https:\/\/dia.edu.az\/wp-content\/uploads\/2021\/03\/KURS.jpg\" alt=\"\" data-id=\"12870\" data-full-url=\"https:\/\/dia.edu.az\/wp-content\/uploads\/2021\/03\/KURS.jpg\" data-link=\"https:\/\/dia.edu.az\/?attachment_id=12870\" class=\"wp-image-12870\" srcset=\"https:\/\/legacy.dia.edu.az\/wp-content\/uploads\/2021\/03\/KURS.jpg 800w, https:\/\/legacy.dia.edu.az\/wp-content\/uploads\/2021\/03\/KURS-300x199.jpg 300w, https:\/\/legacy.dia.edu.az\/wp-content\/uploads\/2021\/03\/KURS-16x12.jpg 16w, https:\/\/legacy.dia.edu.az\/wp-content\/uploads\/2021\/03\/KURS-150x100.jpg 150w, https:\/\/legacy.dia.edu.az\/wp-content\/uploads\/2021\/03\/KURS-300x199@2x.jpg 600w\" sizes=\"(max-width: 800px) 100vw, 800px\" \/><\/figure><\/li><li class=\"blocks-gallery-item\"><figure><img width=\"800\" height=\"530\" src=\"https:\/\/dia.edu.az\/wp-content\/uploads\/2021\/03\/KURS1.jpg\" alt=\"\" data-id=\"12871\" data-full-url=\"https:\/\/dia.edu.az\/wp-content\/uploads\/2021\/03\/KURS1.jpg\" data-link=\"https:\/\/dia.edu.az\/?attachment_id=12871\" class=\"wp-image-12871\" srcset=\"https:\/\/legacy.dia.edu.az\/wp-content\/uploads\/2021\/03\/KURS1.jpg 800w, https:\/\/legacy.dia.edu.az\/wp-content\/uploads\/2021\/03\/KURS1-300x199.jpg 300w, https:\/\/legacy.dia.edu.az\/wp-content\/uploads\/2021\/03\/KURS1-16x12.jpg 16w, https:\/\/legacy.dia.edu.az\/wp-content\/uploads\/2021\/03\/KURS1-150x100.jpg 150w, https:\/\/legacy.dia.edu.az\/wp-content\/uploads\/2021\/03\/KURS1-300x199@2x.jpg 600w\" sizes=\"(max-width: 800px) 100vw, 800px\" \/><\/figure><\/li><\/ul><\/figure>","protected":false},"excerpt":{"rendered":"<p>D\u00f6vl\u0259t \u0130dar\u0259\u00e7ilik Akademiyas\u0131nda ixtisasart\u0131rma kurslar\u0131 ke\u00e7ilirmi\u015fdirOkt 19 , 2015 &#8211; 02:13 Az\u0259rbaycan Respublikas\u0131n\u0131n Prezidenti yan\u0131nda D\u00f6vl\u0259t \u0130dar\u0259\u00e7ilik Akademiyas\u0131nda \u201cAz\u0259rbaycan Respublikas\u0131nda g\u0259ncl\u0259r siyas\u0259ti\u201d, \u201dAz\u0259rbaycan Respublikas\u0131nda ail\u0259, qad\u0131n v\u0259 u\u015faq siyas\u0259ti\u201d istiqam\u0259tl\u0259ri \u00fczr\u0259q\u0131sam\u00fcdd\u0259tli&nbsp; ixtisasart\u0131rma kurslar\u0131 ke\u00e7ilirmi\u015fdir. Kurslara d\u00f6vl\u0259t hakimiyy\u0259tinin m\u0259rk\u0259zi, \u015f\u0259h\u0259r, rayon miqyasl\u0131 orqanlar\u0131n\u0131n, m\u00fcvafiq nazirlik, komit\u0259 v\u0259 idar\u0259l\u0259rinin r\u0259hb\u0259r i\u015f\u00e7il\u0259ri c\u0259lb olunmu\u015fdur. \u201cAz\u0259rbaycan Respublikas\u0131nda g\u0259ncl\u0259r siyas\u0259ti\u201d [&hellip;]<\/p>","protected":false},"author":2,"featured_media":12870,"comment_status":"closed","ping_status":"closed","sticky":false,"template":"","format":"standard","meta":[],"categories":[137],"tags":[],"_links":{"self":[{"href":"https:\/\/legacy.dia.edu.az\/ru\/wp-json\/wp\/v2\/posts\/12869"}],"collection":[{"href":"https:\/\/legacy.dia.edu.az\/ru\/wp-json\/wp\/v2\/posts"}],"about":[{"href":"https:\/\/legacy.dia.edu.az\/ru\/wp-json\/wp\/v2\/types\/post"}],"author":[{"embeddable":true,"href":"https:\/\/legacy.dia.edu.az\/ru\/wp-json\/wp\/v2\/users\/2"}],"replies":[{"embeddable":true,"href":"https:\/\/legacy.dia.edu.az\/ru\/wp-json\/wp\/v2\/comments?post=12869"}],"version-history":[{"count":0,"href":"https:\/\/legacy.dia.edu.az\/ru\/wp-json\/wp\/v2\/posts\/12869\/revisions"}],"wp:featuredmedia":[{"embeddable":true,"href":"https:\/\/legacy.dia.edu.az\/ru\/wp-json\/wp\/v2\/media\/12870"}],"wp:attachment":[{"href":"https:\/\/legacy.dia.edu.az\/ru\/wp-json\/wp\/v2\/media?parent=12869"}],"wp:term":[{"taxonomy":"category","embeddable":true,"href":"https:\/\/legacy.dia.edu.az\/ru\/wp-json\/wp\/v2\/categories?post=12869"},{"taxonomy":"post_tag","embeddable":true,"href":"https:\/\/legacy.dia.edu.az\/ru\/wp-json\/wp\/v2\/tags?post=12869"}],"curies":[{"name":"wp","href":"https:\/\/api.w.org\/{rel}","templated":true}]}}