{"id":12861,"date":"2015-11-10T10:50:00","date_gmt":"2015-11-10T07:50:00","guid":{"rendered":"https:\/\/dia.edu.az\/?p=12861"},"modified":"2021-03-17T10:50:54","modified_gmt":"2021-03-17T07:50:54","slug":"multikulturalizml%c9%99-bagli-dovl%c9%99t-siyas%c9%99ti-uzr%c9%99-t%c9%99hsil-kursunun-novb%c9%99ti-m%c9%99rh%c9%99l%c9%99si-baslayib","status":"publish","type":"post","link":"https:\/\/legacy.dia.edu.az\/ru\/arxivl\u0259r\/12861","title":{"rendered":"Multikulturalizml\u0259 ba\u011fl\u0131 d\u00f6vl\u0259t siyas\u0259ti \u00fczr\u0259 t\u0259hsil kursunun n\u00f6vb\u0259ti m\u0259rh\u0259l\u0259si ba\u015flay\u0131b"},"content":{"rendered":"<p><strong>Multikulturalizml\u0259 ba\u011fl\u0131 d\u00f6vl\u0259t siyas\u0259ti \u00fczr\u0259 t\u0259hsil kursunun n\u00f6vb\u0259ti m\u0259rh\u0259l\u0259si ba\u015flay\u0131b<\/strong><br><em>Noy 10 , 2015 &#8211; 11:02<\/em><\/p>\n\n\n\n<p>Az\u0259rbaycan Respublikas\u0131n\u0131n Prezidenti yan\u0131nda D\u00f6vl\u0259t \u0130dar\u0259\u00e7ilik Akademiyas\u0131nda r\u0259hb\u0259r kadrlar\u0131n fasil\u0259siz t\u0259hsili m\u0259rk\u0259zinin t\u0259\u015fkilat\u00e7\u0131l\u0131\u011f\u0131 v\u0259 Az\u0259rbaycan Respublikas\u0131n\u0131n mill\u0259tl\u0259raras\u0131, multikulturalizm v\u0259 dini m\u0259s\u0259l\u0259l\u0259r \u00fczr\u0259 D\u00f6vl\u0259t M\u00fc\u015favirliyi Xidm\u0259tinin intellektual d\u0259st\u0259yi il\u0259 \u201cMultikulturalizm Az\u0259rbaycan Respublikas\u0131n\u0131n d\u00f6vl\u0259t siyas\u0259ti\u201d istiqam\u0259ti \u00fczr\u0259 \u0259lav\u0259 t\u0259hsil kursunun n\u00f6vb\u0259ti m\u0259rh\u0259l\u0259si ba\u015flay\u0131b.<\/p>\n\n\n\n<p>D\u00f6rd g\u00fcnl\u00fck kursda Bak\u0131 \u015f\u0259h\u0259ri v\u0259 Nax\u00e7\u0131van Muxtar Respublikas\u0131n\u0131n rayonlar\u0131, respublika tabeli \u015f\u0259h\u0259r icra hakimiyy\u0259tl\u0259rinin m\u0259sul \u0259m\u0259kda\u015flar\u0131 i\u015ftirak edirl\u0259r. Kursun \u0259sas m\u0259qs\u0259di d\u00f6vl\u0259t idar\u0259etm\u0259sind\u0259 \u00e7al\u0131\u015fan kadrlara Az\u0259rbaycan\u0131n d\u00f6vl\u0259t siyas\u0259tinin \u00f6n\u0259mli istiqam\u0259tl\u0259rind\u0259n birini t\u0259\u015fkil ed\u0259n multikulturalizmin mahiyy\u0259ti, m\u0259n\u0259vi v\u0259 h\u00fcquqi, siyasi \u0259saslar\u0131 bar\u0259d\u0259 h\u0259rt\u0259r\u0259fli bilgil\u0259r \u00e7atd\u0131rmaqd\u0131r.<\/p>\n\n\n\n<p>Kursu giri\u015f s\u00f6z\u00fc il\u0259 akademiyan\u0131n rektoru, akademik Urxan \u018fl\u0259kb\u0259rov a\u00e7\u0131b. Sonra mill\u0259tl\u0259raras\u0131, multikulturalizm v\u0259 dini m\u0259s\u0259l\u0259l\u0259r \u00fczr\u0259 D\u00f6vl\u0259t m\u00fc\u015faviri, akademik Kamal Abdullayevin \u201cUlu \u00f6nd\u0259r Heyd\u0259r \u018fliyev Az\u0259rbaycan multikulturalizminin siyasi banisidir\u201d m\u00f6vzusunda m\u0259ruz\u0259si dinl\u0259nilib.<\/p>\n\n\n\n<p>D\u00f6vl\u0259t m\u00fc\u015faviri q\u0259dim \u0259n\u0259n\u0259l\u0259r\u0259 malik Az\u0259rbaycanda tarix\u0259n ya\u015fam\u0131\u015f m\u00fcxt\u0259lif xalqlar\u0131n dil, din v\u0259 m\u0259d\u0259niyy\u0259t f\u0259rql\u0259rinin olmas\u0131na baxmayaraq, onlar aras\u0131nda h\u0259mi\u015f\u0259 mehriban dostluq v\u0259 qarda\u015fl\u0131q m\u00fcnasib\u0259tl\u0259rinin m\u00f6vcudlu\u011fundan, bunun \u0259n\u0259n\u0259 hal\u0131 almas\u0131ndan b\u0259hs edib. Qeyd olunub ki, d\u00f6vl\u0259t m\u00fcst\u0259qilliyimizin b\u0259rpas\u0131ndan sonra multikulturalizm v\u0259 tolerantl\u0131q m\u0259d\u0259niyy\u0259ti \u00fcmummilli lider Heyd\u0259r \u018fliyev t\u0259r\u0259find\u0259n d\u00f6vl\u0259t siyas\u0259tinin t\u0259rkib hiss\u0259sin\u0259 \u00e7evrilib. Haz\u0131rda bu siyas\u0259t Prezident \u0130lham \u018fliyev t\u0259r\u0259find\u0259n u\u011furla davam v\u0259 inki\u015faf etdirilir. \u00d6lk\u0259d\u0259 milli v\u0259 dini icmalara b\u0259rab\u0259r \u015f\u0259rait yarad\u0131l\u0131r, multikulturalizmin Az\u0259rbaycan modeli d\u00fcnyaya n\u00fcmun\u0259 kimi t\u0259qdim olunur. M\u0259ruz\u0259\u00e7i bu istiqam\u0259td\u0259 Heyd\u0259r \u018fliyev Fondunun g\u0259rgin f\u0259aliyy\u0259tini d\u0259 diqq\u0259t\u0259 \u00e7atd\u0131r\u0131b.<\/p>\n\n\n\n<p>Mill\u0259tl\u0259raras\u0131, multikulturalizm v\u0259 dini m\u0259s\u0259l\u0259l\u0259r \u00fczr\u0259 D\u00f6vl\u0259t M\u00fc\u015favirliyi Xidm\u0259tinin, Bak\u0131 Beyn\u0259lxalq Multikulturalizm M\u0259rk\u0259zinin yarad\u0131lmas\u0131n\u0131 d\u00f6vl\u0259tin bu sah\u0259y\u0259 diqq\u0259t v\u0259 qay\u011f\u0131s\u0131 kimi d\u0259y\u0259rl\u0259ndir\u0259n Kamal Abdullayev h\u0259yata ke\u00e7iril\u0259n layih\u0259l\u0259r, x\u00fcsus\u0259n \u201cAz\u0259rbaycan multikulturalizmi\u201d f\u0259nnin xarici \u00f6lk\u0259 v\u0259 yerli universitetl\u0259rd\u0259 t\u0259drisi il\u0259 ba\u011fl\u0131 m\u0259lumat verib.<\/p>\n\n\n\n<p>Sonda dinl\u0259yicil\u0259rin m\u00f6vzu il\u0259 ba\u011fl\u0131 suallar\u0131 cavabland\u0131r\u0131l\u0131b.<\/p>\n\n\n\n<p><\/p>\n\n\n\n<figure class=\"wp-container-2 wp-block-gallery-1 wp-block-gallery columns-1 is-cropped\"><ul class=\"blocks-gallery-grid\"><li class=\"blocks-gallery-item\"><figure><img width=\"640\" height=\"412\" src=\"https:\/\/dia.edu.az\/wp-content\/uploads\/2021\/03\/0011.jpg\" alt=\"\" data-id=\"12862\" data-full-url=\"https:\/\/dia.edu.az\/wp-content\/uploads\/2021\/03\/0011.jpg\" data-link=\"https:\/\/dia.edu.az\/?attachment_id=12862\" class=\"wp-image-12862\" srcset=\"https:\/\/legacy.dia.edu.az\/wp-content\/uploads\/2021\/03\/0011.jpg 640w, https:\/\/legacy.dia.edu.az\/wp-content\/uploads\/2021\/03\/0011-300x193.jpg 300w, https:\/\/legacy.dia.edu.az\/wp-content\/uploads\/2021\/03\/0011-16x10.jpg 16w, https:\/\/legacy.dia.edu.az\/wp-content\/uploads\/2021\/03\/0011-300x193@2x.jpg 600w\" sizes=\"(max-width: 640px) 100vw, 640px\" \/><\/figure><\/li><\/ul><\/figure>","protected":false},"excerpt":{"rendered":"<p>Multikulturalizml\u0259 ba\u011fl\u0131 d\u00f6vl\u0259t siyas\u0259ti \u00fczr\u0259 t\u0259hsil kursunun n\u00f6vb\u0259ti m\u0259rh\u0259l\u0259si ba\u015flay\u0131bNoy 10 , 2015 &#8211; 11:02 Az\u0259rbaycan Respublikas\u0131n\u0131n Prezidenti yan\u0131nda D\u00f6vl\u0259t \u0130dar\u0259\u00e7ilik Akademiyas\u0131nda r\u0259hb\u0259r kadrlar\u0131n fasil\u0259siz t\u0259hsili m\u0259rk\u0259zinin t\u0259\u015fkilat\u00e7\u0131l\u0131\u011f\u0131 v\u0259 Az\u0259rbaycan Respublikas\u0131n\u0131n mill\u0259tl\u0259raras\u0131, multikulturalizm v\u0259 dini m\u0259s\u0259l\u0259l\u0259r \u00fczr\u0259 D\u00f6vl\u0259t M\u00fc\u015favirliyi Xidm\u0259tinin intellektual d\u0259st\u0259yi il\u0259 \u201cMultikulturalizm Az\u0259rbaycan Respublikas\u0131n\u0131n d\u00f6vl\u0259t siyas\u0259ti\u201d istiqam\u0259ti \u00fczr\u0259 \u0259lav\u0259 t\u0259hsil kursunun n\u00f6vb\u0259ti m\u0259rh\u0259l\u0259si [&hellip;]<\/p>","protected":false},"author":2,"featured_media":12862,"comment_status":"closed","ping_status":"closed","sticky":false,"template":"","format":"standard","meta":[],"categories":[137],"tags":[],"_links":{"self":[{"href":"https:\/\/legacy.dia.edu.az\/ru\/wp-json\/wp\/v2\/posts\/12861"}],"collection":[{"href":"https:\/\/legacy.dia.edu.az\/ru\/wp-json\/wp\/v2\/posts"}],"about":[{"href":"https:\/\/legacy.dia.edu.az\/ru\/wp-json\/wp\/v2\/types\/post"}],"author":[{"embeddable":true,"href":"https:\/\/legacy.dia.edu.az\/ru\/wp-json\/wp\/v2\/users\/2"}],"replies":[{"embeddable":true,"href":"https:\/\/legacy.dia.edu.az\/ru\/wp-json\/wp\/v2\/comments?post=12861"}],"version-history":[{"count":0,"href":"https:\/\/legacy.dia.edu.az\/ru\/wp-json\/wp\/v2\/posts\/12861\/revisions"}],"wp:featuredmedia":[{"embeddable":true,"href":"https:\/\/legacy.dia.edu.az\/ru\/wp-json\/wp\/v2\/media\/12862"}],"wp:attachment":[{"href":"https:\/\/legacy.dia.edu.az\/ru\/wp-json\/wp\/v2\/media?parent=12861"}],"wp:term":[{"taxonomy":"category","embeddable":true,"href":"https:\/\/legacy.dia.edu.az\/ru\/wp-json\/wp\/v2\/categories?post=12861"},{"taxonomy":"post_tag","embeddable":true,"href":"https:\/\/legacy.dia.edu.az\/ru\/wp-json\/wp\/v2\/tags?post=12861"}],"curies":[{"name":"wp","href":"https:\/\/api.w.org\/{rel}","templated":true}]}}