{"id":12853,"date":"2015-11-19T10:47:00","date_gmt":"2015-11-19T07:47:00","guid":{"rendered":"https:\/\/dia.edu.az\/?p=12853"},"modified":"2021-03-17T10:48:19","modified_gmt":"2021-03-17T07:48:19","slug":"investisiya-prosesl%c9%99rinin-dovl%c9%99t-t%c9%99nziml%c9%99nm%c9%99si-v%c9%99-dovl%c9%99tin-maliyy%c9%99-kredit-siyas%c9%99ti-v%c9%99-multikulturalizm-az%c9%99rbaycan-resp","status":"publish","type":"post","link":"https:\/\/legacy.dia.edu.az\/ru\/arxivl\u0259r\/12853","title":{"rendered":"\u201c\u0130nvestisiya prosesl\u0259rinin d\u00f6vl\u0259t t\u0259nziml\u0259nm\u0259si v\u0259 d\u00f6vl\u0259tin maliyy\u0259-kredit siyas\u0259ti\u201d v\u0259 \u201dMultikulturalizm-Az\u0259rbaycan Respublikas\u0131n\u0131n d\u00f6vl\u0259t siyas\u0259ti kimi\u201d istiqam\u0259ti \u00fczr\u0259 ixtisasart\u0131rma kurslar\u0131 ba\u015fa \u00e7atd\u0131"},"content":{"rendered":"<p><strong>\u201c\u0130nvestisiya prosesl\u0259rinin d\u00f6vl\u0259t t\u0259nziml\u0259nm\u0259si v\u0259 d\u00f6vl\u0259tin maliyy\u0259-kredit siyas\u0259ti\u201d v\u0259 \u201dMultikulturalizm-Az\u0259rbaycan Respublikas\u0131n\u0131n d\u00f6vl\u0259t siyas\u0259ti kimi\u201d istiqam\u0259ti \u00fczr\u0259 ixtisasart\u0131rma kurslar\u0131 ba\u015fa \u00e7atd\u0131<\/strong><br><em>Noy 19 , 2015 &#8211; 10:02<\/em><\/p>\n\n\n\n<p>Az\u0259rbaycan Respublikas\u0131n\u0131n Prezidenti yan\u0131nda D\u00f6vl\u0259t \u0130dar\u0259\u00e7ilik Akademiyas\u0131nda \u201c\u0130nvestisiya prosesl\u0259rinin d\u00f6vl\u0259t t\u0259nziml\u0259nm\u0259si v\u0259 d\u00f6vl\u0259tin maliyy\u0259-kredit siyas\u0259ti\u201d, \u201dMultikulturalizm-Az\u0259rbaycan Respublikas\u0131n\u0131n d\u00f6vl\u0259t siyas\u0259ti kimi\u201d istiqam\u0259tl\u0259ri \u00fczr\u0259 q\u0131sam\u00fcdd\u0259tli ixtisasart\u0131rma kurslar\u0131 ke\u00e7ilirmi\u015fdir. Kurslara d\u00f6vl\u0259t hakimiyy\u0259tinin m\u0259rk\u0259zi, \u015f\u0259h\u0259r, rayon miqyasl\u0131 orqanlar\u0131n\u0131n, m\u00fcvafiq nazirlik, komit\u0259 v\u0259 idar\u0259l\u0259rinin r\u0259hb\u0259r i\u015f\u00e7il\u0259ri c\u0259lb olunmu\u015fdur.<\/p>\n\n\n\n<p>\u201c\u0130nvestisiya prosesl\u0259rinin d\u00f6vl\u0259t t\u0259nziml\u0259nm\u0259si v\u0259 d\u00f6vl\u0259tin maliyy\u0259-kredit siyas\u0259ti\u201d istiqam\u0259tinin \u0259sas m\u0259qs\u0259di neft g\u0259lirl\u0259ri v\u0259 iqtisadi inki\u015faf, d\u00f6vl\u0259t investisiyalar\u0131n\u0131n maliyy\u0259l\u0259\u015fdirilm\u0259si, Az\u0259rbaycanda elm v\u0259 innovasiyalar \u00fczr\u0259 investisiya siyas\u0259tind\u0259 qrand maliyy\u0259l\u0259\u015fdirilm\u0259sinin rolu, Az\u0259rbaycan\u0131n beyn\u0259lxalq maliyy\u0259-kredit qurumlar\u0131 il\u0259 \u0259m\u0259kda\u015fl\u0131\u011f\u0131, Az\u0259rbaycanda vergi sistemi v\u0259 investisiya f\u0259aliyy\u0259tinin stimulla\u015fd\u0131r\u0131lmas\u0131 v\u0259 s. probleml\u0259rl\u0259 ba\u011fl\u0131 bilikl\u0259rin dinl\u0259yicil\u0259r\u0259 \u00e7atd\u0131r\u0131lmas\u0131 v\u0259 onlarla fikir m\u00fcbadil\u0259sinin apar\u0131lmas\u0131 idi.<\/p>\n\n\n\n<p>Kurs \u0259rzind\u0259 Neft Fondunun b\u00fcdc\u0259 proqnozla\u015fd\u0131r\u0131lmas\u0131 v\u0259 layih\u0259l\u0259r departamentinin direktoru M\u00fc\u015fviq Bayramov, Neft Fondunun kontaktlar departamentinin m\u00fct\u0259x\u0259ssisi R\u00f6v\u015f\u0259n \u0130smay\u0131lov, Prezidenti yan\u0131nda Elmin \u0130nki\u015faf\u0131 Fondunun icra\u00e7\u0131 direktoru El\u00e7in Babayev, Maliyy\u0259 Nazirliyi-D\u00f6vl\u0259t borcunun idar\u0259 edilm\u0259si Agentliyinin \u015f\u00f6b\u0259 m\u00fcdiri P\u0259rvin Manafov, Vergil\u0259r Nazirliyi-Vergi siyas\u0259ti v\u0259 Strateji ara\u015fd\u0131rmalar\u0131 Ba\u015f \u0130dar\u0259sinin vergi ara\u015fd\u0131rmalar\u0131 v\u0259 monitoring \u015f\u00f6b\u0259sinin r\u0259isi Yunis Quliyev, D\u0130A-n\u0131n professor-m\u00fc\u0259llim hey\u0259ti m\u00fcxt\u0259lif m\u00f6vzularda m\u00fchazir\u0259l\u0259rl\u0259 c\u0131x\u0131\u015f etmi\u015fl\u0259r.<\/p>\n\n\n\n<p>Eyni zamanda qeyd olunan kursla yana\u015f\u0131 \u201cMultikulturalizm-Az\u0259rbaycan Respublikas\u0131n\u0131n d\u00f6vl\u0259t siyas\u0259ti kimi\u201d istiqam\u0259ti \u00fczr\u0259 q\u0131sam\u00fcdd\u0259tli ixtisasart\u0131rma kursu ke\u00e7irilmi\u015fdir. Kursun \u0259sas m\u0259qs\u0259di \u00dcmummilli lider Heyd\u0259r \u018fliyev-siyasi multikulturalizmin banisi kimi, davaml\u0131 insan inki\u015faf\u0131 v\u0259 multikulturalizm, multikulturalizmin sosial-f\u0259ls\u0259fi t\u0259hlili v\u0259 s. probleml\u0259rl\u0259 ba\u011fl\u0131 bilikl\u0259rin dinl\u0259yicil\u0259r\u0259 \u00e7atd\u0131r\u0131lmas\u0131 v\u0259 onlarla fikir m\u00fcbadil\u0259sinin apar\u0131lmas\u0131 idi.<\/p>\n\n\n\n<p>Qeyd olunan kursda Az\u0259rbaycan Respublikas\u0131n\u0131n Mill\u0259tl\u0259raras\u0131, multikulturalizm v\u0259 dini m\u0259s\u0259l\u0259l\u0259r \u00fczr\u0259 D\u00f6vl\u0259t m\u00fc\u015faviri, akademik Kamal Abdulla, Az\u0259rbaycan Respublikas\u0131n\u0131n Prezidenti yan\u0131nda D\u00f6vl\u0259t \u0130dar\u0259\u00e7ilik Akademiyas\u0131n rektoru, akademik Urxan \u018fl\u0259kb\u0259rov, Az\u0259rbaycan Respublikas\u0131n\u0131n Prezidenti yan\u0131nda D\u00f6vl\u0259t \u0130dar\u0259\u00e7ilik Akademiyas\u0131n\u0131n T\u0259dris i\u015fl\u0259ri \u00fczr\u0259 prorektoru, professor \u018flikram Abdullayev, Az\u0259rbaycan Respublikas\u0131n\u0131n Mill\u0259tl\u0259raras\u0131 multikulturalizm v\u0259 dini m\u0259s\u0259l\u0259l\u0259r \u00fczr\u0259 D\u00f6vl\u0259t M\u00fc\u015faviri Xidm\u0259tinin ba\u015f m\u0259sl\u0259h\u0259t\u00e7isi, professor Etibar N\u0259c\u0259fov, AMEA-n\u0131n F\u0259ls\u0259f\u0259 v\u0259 H\u00fcquq \u0130nstitutunun direktoru, professor \u0130lham M\u0259mm\u0259dzad\u0259, Az\u0259rbaycan Respublikas\u0131 Dini Qurumlarla \u0130\u015f \u00fczr\u0259 D\u00f6vl\u0259t Komit\u0259sinin s\u0259dri M\u00fcbariz Qurbanl\u0131, AMEA-n\u0131n m\u00fcxbir \u00fczv\u00fc, M\u0259h\u0259mm\u0259d F\u00fczuli ad\u0131na \u018flyazmalar \u0130nstitutunun \u015f\u00f6b\u0259 m\u00fcdiri, fil.e.d. M\u00f6hs\u00fcn Na\u011f\u0131soylu, Bak\u0131 Beyn\u0259lxalq Multikulturalizm M\u0259rk\u0259zinin Analitik \u015f\u00f6b\u0259sinin m\u00fcdiri N\u0259riman Qas\u0131mzad\u0259, Az\u0259rbaycan Respublikas\u0131n\u0131n Prezidenti yan\u0131nda D\u00f6vl\u0259t \u0130dar\u0259\u00e7ilik Akademiyas\u0131n\u0131n Tarix kafedras\u0131n\u0131n m\u00fcdiri, dosent Firdovsiyy\u0259 \u018fhm\u0259dova, Az\u0259rbaycan Respublikas\u0131n\u0131n Prezidenti yan\u0131nda Bilik Fondunun icra\u00e7\u0131 direktoru, dosent Oqtay S\u0259m\u0259dov, Bak\u0131 Beyn\u0259lxalq Multikulturalizm M\u0259rk\u0259zinin icra\u00e7\u0131 direktoru, professor Azad M\u0259mm\u0259dov, Az\u0259rbaycan Respublikas\u0131n\u0131n Mill\u0259tl\u0259raras\u0131, multukulturalizm v\u0259 dini m\u0259s\u0259l\u0259l\u0259r \u00fczr\u0259 D\u00f6vl\u0259t M\u00fc\u015faviri Xidm\u0259tinin ba\u015f m\u0259sl\u0259h\u0259t\u00e7isi M\u00fcz\u0259ff\u0259r Tal\u0131bl\u0131 m\u00fcxt\u0259lif m\u00f6vzularda m\u00fchazir\u0259l\u0259rl\u0259 c\u0131x\u0131\u015f etmi\u015fl\u0259r.<\/p>\n\n\n\n<p>Kurslar\u0131n sonunda Az\u0259rbaycan Respublikas\u0131n\u0131n Prezidenti yan\u0131nda D\u00f6vl\u0259t \u0130dar\u0259\u00e7ilik Akademiyas\u0131nda dinl\u0259yicil\u0259rin burax\u0131l\u0131\u015f m\u0259rasimi ke\u00e7irilmi\u015fdir. Dinl\u0259yicil\u0259r\u0259 sertifikatlar t\u0259qdim edilmi\u015fdir.<\/p>\n\n\n\n<p><\/p>\n\n\n\n<figure class=\"wp-container-2 wp-block-gallery-1 wp-block-gallery columns-2 is-cropped\"><ul class=\"blocks-gallery-grid\"><li class=\"blocks-gallery-item\"><figure><img width=\"640\" height=\"424\" src=\"https:\/\/dia.edu.az\/wp-content\/uploads\/2021\/03\/AAA1.jpg\" alt=\"\" data-id=\"12854\" data-full-url=\"https:\/\/dia.edu.az\/wp-content\/uploads\/2021\/03\/AAA1.jpg\" data-link=\"https:\/\/dia.edu.az\/?attachment_id=12854\" class=\"wp-image-12854\" srcset=\"https:\/\/legacy.dia.edu.az\/wp-content\/uploads\/2021\/03\/AAA1.jpg 640w, https:\/\/legacy.dia.edu.az\/wp-content\/uploads\/2021\/03\/AAA1-300x199.jpg 300w, https:\/\/legacy.dia.edu.az\/wp-content\/uploads\/2021\/03\/AAA1-16x12.jpg 16w, https:\/\/legacy.dia.edu.az\/wp-content\/uploads\/2021\/03\/AAA1-150x100.jpg 150w, https:\/\/legacy.dia.edu.az\/wp-content\/uploads\/2021\/03\/AAA1-300x199@2x.jpg 600w\" sizes=\"(max-width: 640px) 100vw, 640px\" \/><\/figure><\/li><li class=\"blocks-gallery-item\"><figure><img width=\"640\" height=\"424\" src=\"https:\/\/dia.edu.az\/wp-content\/uploads\/2021\/03\/AAA2.jpg\" alt=\"\" data-id=\"12855\" data-full-url=\"https:\/\/dia.edu.az\/wp-content\/uploads\/2021\/03\/AAA2.jpg\" data-link=\"https:\/\/dia.edu.az\/?attachment_id=12855\" class=\"wp-image-12855\" srcset=\"https:\/\/legacy.dia.edu.az\/wp-content\/uploads\/2021\/03\/AAA2.jpg 640w, https:\/\/legacy.dia.edu.az\/wp-content\/uploads\/2021\/03\/AAA2-300x199.jpg 300w, https:\/\/legacy.dia.edu.az\/wp-content\/uploads\/2021\/03\/AAA2-16x12.jpg 16w, https:\/\/legacy.dia.edu.az\/wp-content\/uploads\/2021\/03\/AAA2-150x100.jpg 150w, https:\/\/legacy.dia.edu.az\/wp-content\/uploads\/2021\/03\/AAA2-300x199@2x.jpg 600w\" sizes=\"(max-width: 640px) 100vw, 640px\" \/><\/figure><\/li><\/ul><\/figure>","protected":false},"excerpt":{"rendered":"<p>\u201c\u0130nvestisiya prosesl\u0259rinin d\u00f6vl\u0259t t\u0259nziml\u0259nm\u0259si v\u0259 d\u00f6vl\u0259tin maliyy\u0259-kredit siyas\u0259ti\u201d v\u0259 \u201dMultikulturalizm-Az\u0259rbaycan Respublikas\u0131n\u0131n d\u00f6vl\u0259t siyas\u0259ti kimi\u201d istiqam\u0259ti \u00fczr\u0259 ixtisasart\u0131rma kurslar\u0131 ba\u015fa \u00e7atd\u0131Noy 19 , 2015 &#8211; 10:02 Az\u0259rbaycan Respublikas\u0131n\u0131n Prezidenti yan\u0131nda D\u00f6vl\u0259t \u0130dar\u0259\u00e7ilik Akademiyas\u0131nda \u201c\u0130nvestisiya prosesl\u0259rinin d\u00f6vl\u0259t t\u0259nziml\u0259nm\u0259si v\u0259 d\u00f6vl\u0259tin maliyy\u0259-kredit siyas\u0259ti\u201d, \u201dMultikulturalizm-Az\u0259rbaycan Respublikas\u0131n\u0131n d\u00f6vl\u0259t siyas\u0259ti kimi\u201d istiqam\u0259tl\u0259ri \u00fczr\u0259 q\u0131sam\u00fcdd\u0259tli ixtisasart\u0131rma kurslar\u0131 ke\u00e7ilirmi\u015fdir. Kurslara d\u00f6vl\u0259t hakimiyy\u0259tinin m\u0259rk\u0259zi, [&hellip;]<\/p>","protected":false},"author":2,"featured_media":12855,"comment_status":"closed","ping_status":"closed","sticky":false,"template":"","format":"standard","meta":[],"categories":[137],"tags":[],"_links":{"self":[{"href":"https:\/\/legacy.dia.edu.az\/ru\/wp-json\/wp\/v2\/posts\/12853"}],"collection":[{"href":"https:\/\/legacy.dia.edu.az\/ru\/wp-json\/wp\/v2\/posts"}],"about":[{"href":"https:\/\/legacy.dia.edu.az\/ru\/wp-json\/wp\/v2\/types\/post"}],"author":[{"embeddable":true,"href":"https:\/\/legacy.dia.edu.az\/ru\/wp-json\/wp\/v2\/users\/2"}],"replies":[{"embeddable":true,"href":"https:\/\/legacy.dia.edu.az\/ru\/wp-json\/wp\/v2\/comments?post=12853"}],"version-history":[{"count":0,"href":"https:\/\/legacy.dia.edu.az\/ru\/wp-json\/wp\/v2\/posts\/12853\/revisions"}],"wp:featuredmedia":[{"embeddable":true,"href":"https:\/\/legacy.dia.edu.az\/ru\/wp-json\/wp\/v2\/media\/12855"}],"wp:attachment":[{"href":"https:\/\/legacy.dia.edu.az\/ru\/wp-json\/wp\/v2\/media?parent=12853"}],"wp:term":[{"taxonomy":"category","embeddable":true,"href":"https:\/\/legacy.dia.edu.az\/ru\/wp-json\/wp\/v2\/categories?post=12853"},{"taxonomy":"post_tag","embeddable":true,"href":"https:\/\/legacy.dia.edu.az\/ru\/wp-json\/wp\/v2\/tags?post=12853"}],"curies":[{"name":"wp","href":"https:\/\/api.w.org\/{rel}","templated":true}]}}