{"id":12840,"date":"2015-11-30T10:41:00","date_gmt":"2015-11-30T07:41:00","guid":{"rendered":"https:\/\/dia.edu.az\/?p=12840"},"modified":"2021-03-17T10:42:39","modified_gmt":"2021-03-17T07:42:39","slug":"az%c9%99rbaycanda-dovl%c9%99t-din-munasib%c9%99tl%c9%99ri-v%c9%99-yerli-icra-hakimiyy%c9%99ti-orqanlarinin-f%c9%99aliyy%c9%99t-istiqam%c9%99tl%c9%99rini-v%c9%99zif%c9%99l%c9%99rini-v%c9%99-huquqlarin","status":"publish","type":"post","link":"https:\/\/legacy.dia.edu.az\/ru\/arxivl\u0259r\/12840","title":{"rendered":"Az\u0259rbaycanda d\u00f6vl\u0259t-din m\u00fcnasib\u0259tl\u0259ri v\u0259 yerli icra hakimiyy\u0259ti orqanlar\u0131n\u0131n f\u0259aliyy\u0259t istiqam\u0259tl\u0259rini, v\u0259zif\u0259l\u0259rini v\u0259 h\u00fcquqlar\u0131n\u0131 m\u00fc\u0259yy\u0259n ed\u0259n qanunvericilik aktlar\u0131n\u0131n izah\u0131 istiqam\u0259tl\u0259ri \u00fczr\u0259 ixtisasart\u0131rma kurslar\u0131 ba\u015fa \u00e7atm\u0131\u015fd\u0131r"},"content":{"rendered":"<p><strong>Az\u0259rbaycanda d\u00f6vl\u0259t-din m\u00fcnasib\u0259tl\u0259ri v\u0259 yerli icra hakimiyy\u0259ti orqanlar\u0131n\u0131n f\u0259aliyy\u0259t istiqam\u0259tl\u0259rini, v\u0259zif\u0259l\u0259rini v\u0259 h\u00fcquqlar\u0131n\u0131 m\u00fc\u0259yy\u0259n ed\u0259n qanunvericilik aktlar\u0131n\u0131n izah\u0131 istiqam\u0259tl\u0259ri \u00fczr\u0259 ixtisasart\u0131rma kurslar\u0131 ba\u015fa \u00e7atm\u0131\u015fd\u0131r<\/strong><br><em>Noy 30 , 2015 &#8211; 03:04<\/em><\/p>\n\n\n\n<p>&nbsp; &nbsp; &nbsp;Az\u0259rbaycan Respublikas\u0131n\u0131n Prezidenti yan\u0131nda D\u00f6vl\u0259t \u0130dar\u0259\u00e7ilik Akademiyas\u0131nda \u201cAz\u0259rbaycanda d\u00f6vl\u0259t-din m\u00fcnasib\u0259tl\u0259ri\u201d v\u0259 \u201cYerli \u0130cra hakimiyy\u0259ti orqanlar\u0131n\u0131n f\u0259aliyy\u0259t istiqam\u0259tl\u0259rini, v\u0259zif\u0259l\u0259riniv\u0259 h\u00fcquqlar\u0131n\u0131 m\u00fc\u0259yy\u0259n ed\u0259n qanunvericilik aktlar\u0131n\u0131n izah\u0131\u201d istiqam\u0259tl\u0259ri \u00fczr\u0259q\u0131sam\u00fcdd\u0259tli&nbsp; ixtisasart\u0131rma kurslar\u0131 ke\u00e7ilirmi\u015fdir. Kurslara d\u00f6vl\u0259t hakimiyy\u0259tinin m\u0259rk\u0259zi, \u015f\u0259h\u0259r, rayon miqyasl\u0131 orqanlar\u0131n\u0131n, m\u00fcvafiq nazirlik, komit\u0259 v\u0259 idar\u0259l\u0259rinin r\u0259hb\u0259r i\u015f\u00e7il\u0259ri c\u0259lb olunmu\u015fdur.<\/p>\n\n\n\n<p>&nbsp; &nbsp; &nbsp;\u201cAz\u0259rbaycanda d\u00f6vl\u0259t-din m\u00fcnasib\u0259tl\u0259ri\u201d istiqam\u0259tinin \u0259sas m\u0259qs\u0259di Az\u0259rbaycan Respublikas\u0131nda d\u00f6vl\u0259t-din siyas\u0259ti v\u0259 prioritet istiqam\u0259tl\u0259r, Az\u0259rbaycanda m\u00f6vcud dini durum: reall\u0131qlar v\u0259 perspektivl\u0259r, dinin m\u00fcasir c\u0259miyy\u0259td\u0259 yeri v\u0259 rolu, milli-m\u0259n\u0259vi d\u0259y\u0259rl\u0259r\u0259 d\u00f6vl\u0259t qay\u011f\u0131s\u0131, Az\u0259rbaycanda d\u00f6vl\u0259t-din m\u00fcnasib\u0259tl\u0259ri v\u0259 dini t\u0259hsil, k\u00fctl\u0259vi informasiya vasit\u0259l\u0259ri v\u0259 din, Az\u0259rbaycanda missionerlik f\u0259aliyy\u0259ti il\u0259 m\u00fcbariz\u0259 metodlar\u0131 v\u0259 s. probleml\u0259rl\u0259 ba\u011fl\u0131 bilikl\u0259rin dinl\u0259yicil\u0259r\u0259 \u00e7atd\u0131r\u0131lmas\u0131 v\u0259 onlarla fikir m\u00fcbadil\u0259sinin apar\u0131lmas\u0131 idi.<\/p>\n\n\n\n<p>&nbsp; &nbsp; &nbsp; &nbsp;Kurs \u0259rzind\u0259 Prezident Administrasiyas\u0131n\u0131n ictimai-siyasi \u015f\u00f6b\u0259sinin sektor m\u00fcdir Elman Pa\u015fayev, Dini Qurumlarla \u0130\u015f \u00fczr\u0259 D\u00f6vl\u0259t Komit\u0259sinin s\u0259dri M\u00fcbariz Qurbanl\u0131, Nazirl\u0259r Kabineti Aparat\u0131n\u0131n Humanitar m\u0259s\u0259l\u0259l\u0259r \u015f\u00f6b\u0259sinin ba\u015f m\u0259sl\u0259h\u0259t\u00e7isi Abid Tahirli, Dini Qurumlarla \u0130\u015f \u00fczr\u0259 D\u00f6vl\u0259t Komit\u0259si s\u0259drinin m\u00fcavini G\u00fcnd\u00fcz \u0130smay\u0131lov, \u0130nsan H\u00fcquqlar\u0131 \u00fczr\u0259 M\u00fcv\u0259kkili (Ombudsman) Aparat\u0131n\u0131n \u015f\u00f6b\u0259 m\u00fcdiri Zaur \u018fliyev, Az\u0259rbaycan M\u0259tbuat \u015euras\u0131n\u0131n s\u0259dri \u018fflatun Ama\u015fov, D\u0130N-nin idar\u0259 r\u0259isi \u018fziz Bagi\u015fov v\u0259 D\u0130A-n\u0131n professor-m\u00fc\u0259llim hey\u0259ti m\u00fcxt\u0259lif m\u00f6vzularda m\u00fchazir\u0259l\u0259rl\u0259 c\u0131x\u0131\u015f etmi\u015fl\u0259r.&nbsp;<\/p>\n\n\n\n<p>&nbsp; Eyni zamanda qeyd olunan kursla yana\u015f\u0131 \u201cYerli \u0130cra hakimiyy\u0259ti orqanlar\u0131n\u0131n f\u0259aliyy\u0259t istiqam\u0259tl\u0259rini, v\u0259zif\u0259l\u0259rini v\u0259 h\u00fcquqlar\u0131n\u0131 m\u00fc\u0259yy\u0259n ed\u0259n qanunvericilik aktlar\u0131n\u0131n izah\u0131\u201d istiqam\u0259ti \u00fczr\u0259q\u0131sam\u00fcdd\u0259tli&nbsp; ixtisasart\u0131rma kursu ke\u00e7irilmi\u015fdir. Kursun \u0259sas m\u0259qs\u0259di Yerli \u0130cra hakimiyy\u0259ti orqanlar\u0131nda v\u0259t\u0259nda\u015flar\u0131n m\u00fcraci\u0259tl\u0259ri \u00fczr\u0259 vahid elektron informasiya sisteminin yarad\u0131lmas\u0131 haqq\u0131nda Az\u0259rbaycan Respublikas\u0131 Prezidentinin 2015-ci il 29 aprel tarixli 503 n\u00f6mr\u0259li F\u0259rman\u0131, \u201cAz\u0259rbaycan Respublikas\u0131nda t\u0259hsilin inki\u015faf\u0131 \u00fczr\u0259 D\u00f6vl\u0259t strategiyas\u0131\u201dn\u0131n h\u0259yata ke\u00e7irilm\u0259si il\u0259 ba\u011fl\u0131 \u201dF\u0259aliyy\u0259t Plan\u0131\u201dn\u0131n t\u0259sdiq edilm\u0259si haqq\u0259nda Az\u0259rbaycan Respublikas\u0131 Prezidentinin 2015-ci il 19 yanvar tarixli 995 n\u00f6mr\u0259li S\u0259r\u0259ncam\u0131, \u201cYerli icra hakimiyy\u0259tl\u0259ri haqq\u0131nda \u018fsasnam\u0259\u201dnin t\u0259sdiq edilm\u0259si bar\u0259d\u0259 Az\u0259rbaycan Respublikas\u0131 Prezidentinin 2012-ci il 6 iyun tarixli 648 n\u00f6mr\u0259li F\u0259rman\u0131nda d\u0259yi\u015fiklikl\u0259r edilm\u0259si haqq\u0131nda Az\u0259rbaycan Respublikas\u0131 Prezidentinin 18 mart 2015-ci il 491 \u2116li F\u0259rman\u0131 haqq\u0131nda \u201dv\u0259 s. probleml\u0259rl\u0259 ba\u011fl\u0131 bilikl\u0259rin dinl\u0259yicil\u0259r\u0259 \u00e7atd\u0131r\u0131lmas\u0131 v\u0259 onlarla fikir m\u00fcbadil\u0259sinin apar\u0131lmas\u0131 idi.<\/p>\n\n\n\n<p>&nbsp; Qeyd olunan kursda Az\u0259rbaycan Respublikas\u0131 Prezidenti Administrasiyas\u0131n\u0131n S\u0259n\u0259dl\u0259rl\u0259 v\u0259 v\u0259t\u0259nda\u015flar\u0131n m\u00fcraci\u0259tl\u0259ri il\u0259 i\u015f \u015f\u00f6b\u0259sinin elektron s\u0259n\u0259d d\u00f6vriyy\u0259sinin t\u0259\u015fkili sektorunun m\u00fcdiri Murad Qas\u0131mov, T\u0259hsil Nazirliyi H\u00fcquqi ekspertiza v\u0259 lisenziyala\u015fd\u0131rma \u015f\u00f6b\u0259sinin m\u00fcdiri S\u00fcbhi Kaz\u0131mov, Az\u0259rbaycan Respublikas\u0131 Prezidenti Administrasiyas\u0131n\u0131n Qanunvericilik v\u0259 h\u00fcquq ekspertizas\u0131 m\u0259s\u0259l\u0259l\u0259ri \u015f\u00f6b\u0259sinin ba\u015f m\u0259sl\u0259h\u0259t\u00e7isi S\u0259rv\u0259r V\u0259liyev v\u0259 b. m\u00fcxt\u0259lif m\u00f6vzularda m\u00fchazir\u0259l\u0259rl\u0259 c\u0131x\u0131\u015f etmi\u015fl\u0259r.<\/p>\n\n\n\n<p>\u00a0 Kurslar\u0131n sonunda Az\u0259rbaycan Respublikas\u0131n\u0131n Prezidenti yan\u0131nda D\u00f6vl\u0259t \u0130dar\u0259\u00e7ilik Akademiyas\u0131nda dinl\u0259yicil\u0259rin burax\u0131l\u0131\u015f m\u0259rasimi ke\u00e7irilmi\u015fdir. Dinl\u0259yicil\u0259r\u0259 sertifikatlar\u00a0 t\u0259qdim edilmi\u015fdir.<\/p>\n\n\n\n<p><\/p>\n\n\n\n<figure class=\"wp-container-2 wp-block-gallery-1 wp-block-gallery columns-2 is-cropped\"><ul class=\"blocks-gallery-grid\"><li class=\"blocks-gallery-item\"><figure><img width=\"640\" height=\"424\" src=\"https:\/\/dia.edu.az\/wp-content\/uploads\/2021\/03\/AAA_1216.jpg\" alt=\"\" data-id=\"12842\" data-full-url=\"https:\/\/dia.edu.az\/wp-content\/uploads\/2021\/03\/AAA_1216.jpg\" data-link=\"https:\/\/dia.edu.az\/?attachment_id=12842\" class=\"wp-image-12842\" srcset=\"https:\/\/legacy.dia.edu.az\/wp-content\/uploads\/2021\/03\/AAA_1216.jpg 640w, https:\/\/legacy.dia.edu.az\/wp-content\/uploads\/2021\/03\/AAA_1216-300x199.jpg 300w, https:\/\/legacy.dia.edu.az\/wp-content\/uploads\/2021\/03\/AAA_1216-16x12.jpg 16w, https:\/\/legacy.dia.edu.az\/wp-content\/uploads\/2021\/03\/AAA_1216-150x100.jpg 150w, https:\/\/legacy.dia.edu.az\/wp-content\/uploads\/2021\/03\/AAA_1216-300x199@2x.jpg 600w\" sizes=\"(max-width: 640px) 100vw, 640px\" \/><\/figure><\/li><li class=\"blocks-gallery-item\"><figure><img width=\"640\" height=\"424\" src=\"https:\/\/dia.edu.az\/wp-content\/uploads\/2021\/03\/AAA_0992.jpg\" alt=\"\" data-id=\"12841\" data-full-url=\"https:\/\/dia.edu.az\/wp-content\/uploads\/2021\/03\/AAA_0992.jpg\" data-link=\"https:\/\/dia.edu.az\/?attachment_id=12841\" class=\"wp-image-12841\" srcset=\"https:\/\/legacy.dia.edu.az\/wp-content\/uploads\/2021\/03\/AAA_0992.jpg 640w, https:\/\/legacy.dia.edu.az\/wp-content\/uploads\/2021\/03\/AAA_0992-300x199.jpg 300w, https:\/\/legacy.dia.edu.az\/wp-content\/uploads\/2021\/03\/AAA_0992-16x12.jpg 16w, https:\/\/legacy.dia.edu.az\/wp-content\/uploads\/2021\/03\/AAA_0992-150x100.jpg 150w, https:\/\/legacy.dia.edu.az\/wp-content\/uploads\/2021\/03\/AAA_0992-300x199@2x.jpg 600w\" sizes=\"(max-width: 640px) 100vw, 640px\" \/><\/figure><\/li><\/ul><\/figure>","protected":false},"excerpt":{"rendered":"<p>Az\u0259rbaycanda d\u00f6vl\u0259t-din m\u00fcnasib\u0259tl\u0259ri v\u0259 yerli icra hakimiyy\u0259ti orqanlar\u0131n\u0131n f\u0259aliyy\u0259t istiqam\u0259tl\u0259rini, v\u0259zif\u0259l\u0259rini v\u0259 h\u00fcquqlar\u0131n\u0131 m\u00fc\u0259yy\u0259n ed\u0259n qanunvericilik aktlar\u0131n\u0131n izah\u0131 istiqam\u0259tl\u0259ri \u00fczr\u0259 ixtisasart\u0131rma kurslar\u0131 ba\u015fa \u00e7atm\u0131\u015fd\u0131rNoy 30 , 2015 &#8211; 03:04 &nbsp; &nbsp; &nbsp;Az\u0259rbaycan Respublikas\u0131n\u0131n Prezidenti yan\u0131nda D\u00f6vl\u0259t \u0130dar\u0259\u00e7ilik Akademiyas\u0131nda \u201cAz\u0259rbaycanda d\u00f6vl\u0259t-din m\u00fcnasib\u0259tl\u0259ri\u201d v\u0259 \u201cYerli \u0130cra hakimiyy\u0259ti orqanlar\u0131n\u0131n f\u0259aliyy\u0259t istiqam\u0259tl\u0259rini, v\u0259zif\u0259l\u0259riniv\u0259 h\u00fcquqlar\u0131n\u0131 m\u00fc\u0259yy\u0259n ed\u0259n qanunvericilik aktlar\u0131n\u0131n izah\u0131\u201d [&hellip;]<\/p>","protected":false},"author":2,"featured_media":12841,"comment_status":"closed","ping_status":"closed","sticky":false,"template":"","format":"standard","meta":[],"categories":[137],"tags":[],"_links":{"self":[{"href":"https:\/\/legacy.dia.edu.az\/ru\/wp-json\/wp\/v2\/posts\/12840"}],"collection":[{"href":"https:\/\/legacy.dia.edu.az\/ru\/wp-json\/wp\/v2\/posts"}],"about":[{"href":"https:\/\/legacy.dia.edu.az\/ru\/wp-json\/wp\/v2\/types\/post"}],"author":[{"embeddable":true,"href":"https:\/\/legacy.dia.edu.az\/ru\/wp-json\/wp\/v2\/users\/2"}],"replies":[{"embeddable":true,"href":"https:\/\/legacy.dia.edu.az\/ru\/wp-json\/wp\/v2\/comments?post=12840"}],"version-history":[{"count":0,"href":"https:\/\/legacy.dia.edu.az\/ru\/wp-json\/wp\/v2\/posts\/12840\/revisions"}],"wp:featuredmedia":[{"embeddable":true,"href":"https:\/\/legacy.dia.edu.az\/ru\/wp-json\/wp\/v2\/media\/12841"}],"wp:attachment":[{"href":"https:\/\/legacy.dia.edu.az\/ru\/wp-json\/wp\/v2\/media?parent=12840"}],"wp:term":[{"taxonomy":"category","embeddable":true,"href":"https:\/\/legacy.dia.edu.az\/ru\/wp-json\/wp\/v2\/categories?post=12840"},{"taxonomy":"post_tag","embeddable":true,"href":"https:\/\/legacy.dia.edu.az\/ru\/wp-json\/wp\/v2\/tags?post=12840"}],"curies":[{"name":"wp","href":"https:\/\/api.w.org\/{rel}","templated":true}]}}