{"id":12836,"date":"2015-12-04T10:40:00","date_gmt":"2015-12-04T07:40:00","guid":{"rendered":"https:\/\/dia.edu.az\/?p=12836"},"modified":"2021-03-17T10:41:02","modified_gmt":"2021-03-17T07:41:02","slug":"on-il-h%c9%99yat-f%c9%99aliyy%c9%99tinin-t%c9%99hluk%c9%99sizliyinin-kesiyind%c9%99-movzusunda-elmi-praktik-konfrans","status":"publish","type":"post","link":"https:\/\/legacy.dia.edu.az\/ru\/arxivl\u0259r\/12836","title":{"rendered":"\u201cOn il h\u0259yat f\u0259aliyy\u0259tinin t\u0259hl\u00fck\u0259sizliyinin ke\u015fiyind\u0259\u201d m\u00f6vzusunda elmi-praktik konfrans"},"content":{"rendered":"<p><strong>\u201cOn il h\u0259yat f\u0259aliyy\u0259tinin t\u0259hl\u00fck\u0259sizliyinin ke\u015fiyind\u0259\u201d m\u00f6vzusunda elmi-praktik konfrans<\/strong><br><em>Dek 04 , 2015 &#8211; 10:52<\/em><\/p>\n\n\n\n<p>Dekabr\u0131n 4-d\u0259 Az\u0259rbaycan Respublikas\u0131n\u0131n Prezidenti yan\u0131nda D\u00f6vl\u0259t \u0130dar\u0259\u00e7ilik Akademiyas\u0131nda (D\u0130A) F\u00f6vq\u0259lad\u0259 Hallar Nazirliyinin (FHN) yarad\u0131lmas\u0131n\u0131n on illiyin\u0259 h\u0259sr olunan \u201cOn il h\u0259yat f\u0259aliyy\u0259tinin t\u0259hl\u00fck\u0259sizliyinin ke\u015fiyind\u0259\u201d m\u00f6vzusunda elmi-praktik konfrans ke\u00e7irilib.<\/p>\n\n\n\n<p>Konfrans D\u0130A-n\u0131n, FHN-in Bak\u0131 Regional M\u0259rk\u0259zinin v\u0259 Az\u0259rbaycan T\u0259l\u0259b\u0259 G\u0259ncl\u0259r T\u0259\u015fkilatlar\u0131 \u0130ttifaq\u0131n\u0131n (ATGT\u0130) birg\u0259 t\u0259\u015fkilat\u00e7\u0131l\u0131\u011f\u0131 il\u0259 realla\u015fd\u0131r\u0131l\u0131b.<\/p>\n\n\n\n<p>T\u0259dbird\u0259 D\u00f6vl\u0259t \u0130dar\u0259\u00e7ilik Akademiyas\u0131nda prorektoru, professor \u018flikram Abdullayev FHN-in yarad\u0131lmas\u0131ndan v\u0259 f\u0259aliyy\u0259tind\u0259n s\u00f6z a\u00e7\u0131b. Bildirilib ki, bu qurum Prezident \u0130lham \u018fliyevin 2005-ci il 16 dekabr tarixli S\u0259r\u0259ncam\u0131na \u0259sas\u0259n yarad\u0131l\u0131b. H\u0259r il dekabr\u0131n 16-s\u0131 \u00f6lk\u0259mizd\u0259 FHN i\u015f\u00e7il\u0259rinin pe\u015f\u0259 bayram\u0131 g\u00fcn\u00fc kimi qeyd olunur. Vur\u011fulan\u0131b ki, bu qurum yarand\u0131\u011f\u0131 g\u00fcnd\u0259n onun \u0259m\u0259kda\u015flar\u0131 t\u0259bii f\u0259lak\u0259tl\u0259r, m\u00fcxt\u0259lif texnogen hadis\u0259l\u0259r, m\u00fclki m\u00fcdafi\u0259, q\u0259zalar, yan\u011f\u0131nlar v\u0259 m\u00fcxt\u0259lif hadis\u0259l\u0259r zaman\u0131 ba\u015f ver\u0259n hadis\u0259l\u0259rin aradan qald\u0131r\u0131lmas\u0131nda yax\u0131ndan i\u015ftirak edirl\u0259r. Yubiley m\u00fcnasib\u0259til\u0259 nazirliyin kollektivini t\u0259brik ed\u0259n prorektor onlara \u00e7\u0259tin v\u0259 m\u0259suliyy\u0259tli i\u015fl\u0259rind\u0259 u\u011furlar arzulay\u0131b.<\/p>\n\n\n\n<p>FHN-in Bak\u0131 Regional M\u0259rk\u0259zi r\u0259isinin m\u00fcavini, polkovnik-leytenant Elnur Qas\u0131mov t\u0259msil etdiyi qurum t\u0259r\u0259find\u0259n on ild\u0259 h\u0259yata ke\u00e7iril\u0259n i\u015fl\u0259r bar\u0259d\u0259 m\u0259lumat verib. N\u0259z\u0259r\u0259 \u00e7atd\u0131r\u0131l\u0131b ki, FHN \u00f6lk\u0259d\u0259 \u0259halinin t\u0259bii f\u0259lak\u0259tl\u0259rd\u0259n, texnogen xarakterli q\u0259zalardan v\u0259 yan\u011f\u0131ndan qorunmas\u0131, bel\u0259 hadis\u0259l\u0259rin n\u0259tic\u0259l\u0259rinin aradan qald\u0131r\u0131lmas\u0131 m\u0259s\u0259l\u0259l\u0259rini h\u0259ll edir. Eyni zamanda, m\u00fclki m\u00fcdafi\u0259 sah\u0259sind\u0259 d\u00f6vl\u0259t siyas\u0259tini h\u0259yata ke\u00e7ir\u0259n, xilasetm\u0259 v\u0259 b\u0259rpa i\u015fl\u0259ri \u00fczr\u0259 m\u0259rk\u0259zi v\u0259 yerli icra hakimiyy\u0259ti orqanlar\u0131n\u0131n, dig\u0259r m\u00fc\u0259ssis\u0259 v\u0259 t\u0259\u015fkilatlar\u0131n f\u0259aliyy\u0259tinin \u0259laq\u0259l\u0259ndirilm\u0259sini t\u0259min edir. Nazirliyin \u0259m\u0259kda\u015flar\u0131 \u201cBak\u0131-2015\u201d ilk Avropa Oyunlar\u0131 zaman\u0131 \u00fcz\u0259rl\u0259rin\u0259 d\u00fc\u015f\u0259n v\u0259zif\u0259l\u0259ri m\u0259suliyy\u0259tl\u0259 yerin\u0259 yetiribl\u0259r.<\/p>\n\n\n\n<p>ATGT\u0130-nin icra\u00e7\u0131 direktoru \u015e\u0259msi G\u00fclverdi m\u00fcxt\u0259lif ali t\u0259hsil m\u00fc\u0259ssis\u0259l\u0259rind\u0259n minl\u0259rl\u0259 t\u0259l\u0259b\u0259ni \u00f6z\u00fcnd\u0259 birl\u0259\u015fdir\u0259n t\u0259\u015fkilat\u0131n f\u0259aliyy\u0259tind\u0259n s\u00f6z a\u00e7\u0131b. O, m\u00fcxt\u0259lif ali t\u0259hsil m\u00fc\u0259ssis\u0259l\u0259rind\u0259 FHN il\u0259 birg\u0259 t\u0259dbirl\u0259rin ke\u00e7irilm\u0259sinin \u0259h\u0259miyy\u0259tini vur\u011fulay\u0131b.<\/p>\n\n\n\n<p>Konfransda m\u00fcxt\u0259lif ali m\u0259kt\u0259bl\u0259rin t\u0259l\u0259b\u0259l\u0259ri \u00e7\u0131x\u0131\u015f ed\u0259r\u0259k FHN-in yaranmas\u0131, f\u0259aliyy\u0259ti v\u0259 v\u0259zif\u0259l\u0259ri bar\u0259d\u0259 dan\u0131\u015f\u0131blar.<\/p>\n\n\n\n<p>Sonda FHN-in f\u0259aliyy\u0259tind\u0259n b\u0259hs ed\u0259n video\u00e7arx n\u00fcmayi\u015f olunub.<\/p>\n\n\n\n<p><\/p>\n\n\n\n<figure class=\"wp-container-2 wp-block-gallery-1 wp-block-gallery columns-2 is-cropped\"><ul class=\"blocks-gallery-grid\"><li class=\"blocks-gallery-item\"><figure><img width=\"640\" height=\"426\" src=\"https:\/\/dia.edu.az\/wp-content\/uploads\/2021\/03\/FHN.jpg\" alt=\"\" data-id=\"12837\" data-full-url=\"https:\/\/dia.edu.az\/wp-content\/uploads\/2021\/03\/FHN.jpg\" data-link=\"https:\/\/dia.edu.az\/?attachment_id=12837\" class=\"wp-image-12837\" srcset=\"https:\/\/legacy.dia.edu.az\/wp-content\/uploads\/2021\/03\/FHN.jpg 640w, https:\/\/legacy.dia.edu.az\/wp-content\/uploads\/2021\/03\/FHN-300x200.jpg 300w, https:\/\/legacy.dia.edu.az\/wp-content\/uploads\/2021\/03\/FHN-16x12.jpg 16w, https:\/\/legacy.dia.edu.az\/wp-content\/uploads\/2021\/03\/FHN-150x100.jpg 150w, https:\/\/legacy.dia.edu.az\/wp-content\/uploads\/2021\/03\/FHN-300x200@2x.jpg 600w\" sizes=\"(max-width: 640px) 100vw, 640px\" \/><\/figure><\/li><li class=\"blocks-gallery-item\"><figure><img width=\"640\" height=\"426\" src=\"https:\/\/dia.edu.az\/wp-content\/uploads\/2021\/03\/FHN1.jpg\" alt=\"\" data-id=\"12838\" data-full-url=\"https:\/\/dia.edu.az\/wp-content\/uploads\/2021\/03\/FHN1.jpg\" data-link=\"https:\/\/dia.edu.az\/?attachment_id=12838\" class=\"wp-image-12838\" srcset=\"https:\/\/legacy.dia.edu.az\/wp-content\/uploads\/2021\/03\/FHN1.jpg 640w, https:\/\/legacy.dia.edu.az\/wp-content\/uploads\/2021\/03\/FHN1-300x200.jpg 300w, https:\/\/legacy.dia.edu.az\/wp-content\/uploads\/2021\/03\/FHN1-16x12.jpg 16w, https:\/\/legacy.dia.edu.az\/wp-content\/uploads\/2021\/03\/FHN1-150x100.jpg 150w, https:\/\/legacy.dia.edu.az\/wp-content\/uploads\/2021\/03\/FHN1-300x200@2x.jpg 600w\" sizes=\"(max-width: 640px) 100vw, 640px\" \/><\/figure><\/li><\/ul><\/figure>","protected":false},"excerpt":{"rendered":"<p>\u201cOn il h\u0259yat f\u0259aliyy\u0259tinin t\u0259hl\u00fck\u0259sizliyinin ke\u015fiyind\u0259\u201d m\u00f6vzusunda elmi-praktik konfransDek 04 , 2015 &#8211; 10:52 Dekabr\u0131n 4-d\u0259 Az\u0259rbaycan Respublikas\u0131n\u0131n Prezidenti yan\u0131nda D\u00f6vl\u0259t \u0130dar\u0259\u00e7ilik Akademiyas\u0131nda (D\u0130A) F\u00f6vq\u0259lad\u0259 Hallar Nazirliyinin (FHN) yarad\u0131lmas\u0131n\u0131n on illiyin\u0259 h\u0259sr olunan \u201cOn il h\u0259yat f\u0259aliyy\u0259tinin t\u0259hl\u00fck\u0259sizliyinin ke\u015fiyind\u0259\u201d m\u00f6vzusunda elmi-praktik konfrans ke\u00e7irilib. Konfrans D\u0130A-n\u0131n, FHN-in Bak\u0131 Regional M\u0259rk\u0259zinin v\u0259 Az\u0259rbaycan T\u0259l\u0259b\u0259 G\u0259ncl\u0259r T\u0259\u015fkilatlar\u0131 \u0130ttifaq\u0131n\u0131n [&hellip;]<\/p>","protected":false},"author":2,"featured_media":12838,"comment_status":"closed","ping_status":"closed","sticky":false,"template":"","format":"standard","meta":[],"categories":[137],"tags":[],"_links":{"self":[{"href":"https:\/\/legacy.dia.edu.az\/ru\/wp-json\/wp\/v2\/posts\/12836"}],"collection":[{"href":"https:\/\/legacy.dia.edu.az\/ru\/wp-json\/wp\/v2\/posts"}],"about":[{"href":"https:\/\/legacy.dia.edu.az\/ru\/wp-json\/wp\/v2\/types\/post"}],"author":[{"embeddable":true,"href":"https:\/\/legacy.dia.edu.az\/ru\/wp-json\/wp\/v2\/users\/2"}],"replies":[{"embeddable":true,"href":"https:\/\/legacy.dia.edu.az\/ru\/wp-json\/wp\/v2\/comments?post=12836"}],"version-history":[{"count":0,"href":"https:\/\/legacy.dia.edu.az\/ru\/wp-json\/wp\/v2\/posts\/12836\/revisions"}],"wp:featuredmedia":[{"embeddable":true,"href":"https:\/\/legacy.dia.edu.az\/ru\/wp-json\/wp\/v2\/media\/12838"}],"wp:attachment":[{"href":"https:\/\/legacy.dia.edu.az\/ru\/wp-json\/wp\/v2\/media?parent=12836"}],"wp:term":[{"taxonomy":"category","embeddable":true,"href":"https:\/\/legacy.dia.edu.az\/ru\/wp-json\/wp\/v2\/categories?post=12836"},{"taxonomy":"post_tag","embeddable":true,"href":"https:\/\/legacy.dia.edu.az\/ru\/wp-json\/wp\/v2\/tags?post=12836"}],"curies":[{"name":"wp","href":"https:\/\/api.w.org\/{rel}","templated":true}]}}