{"id":12833,"date":"2015-12-05T10:38:00","date_gmt":"2015-12-05T07:38:00","guid":{"rendered":"https:\/\/dia.edu.az\/?p=12833"},"modified":"2021-03-17T10:39:44","modified_gmt":"2021-03-17T07:39:44","slug":"dovl%c9%99t-idar%c9%99cilik-akademiyasinda-huquqsunasliq-ixtisasi-uzr%c9%99-t%c9%99hsil-alan-t%c9%99l%c9%99b%c9%99l%c9%99rin-baki-apellyasiya-m%c9%99hk%c9%99m%c9%99sinin-hakimi-il%c9%99-gorusu-keciril","status":"publish","type":"post","link":"https:\/\/legacy.dia.edu.az\/ru\/arxivl\u0259r\/12833","title":{"rendered":"D\u00f6vl\u0259t \u0130dar\u0259\u00e7ilik Akademiyas\u0131nda H\u00fcquq\u015f\u00fcnasl\u0131q ixtisas\u0131 \u00fczr\u0259 t\u0259hsil alan t\u0259l\u0259b\u0259l\u0259rin Bak\u0131 Apellyasiya M\u0259hk\u0259m\u0259sinin hakimi il\u0259 g\u00f6r\u00fc\u015f\u00fc ke\u00e7irilib"},"content":{"rendered":"<p><strong>D\u00f6vl\u0259t \u0130dar\u0259\u00e7ilik Akademiyas\u0131nda H\u00fcquq\u015f\u00fcnasl\u0131q ixtisas\u0131 \u00fczr\u0259 t\u0259hsil alan t\u0259l\u0259b\u0259l\u0259rin Bak\u0131 Apellyasiya M\u0259hk\u0259m\u0259sinin hakimi il\u0259 g\u00f6r\u00fc\u015f\u00fc ke\u00e7irilib<\/strong><br><em>Dek 05 , 2015 &#8211; 10:51<\/em><\/p>\n\n\n\n<p>Dekabr\u0131n 5-d\u0259 Az\u0259rbaycan Respublikas\u0131n\u0131n Prezidenti yan\u0131nda D\u00f6vl\u0259t \u0130dar\u0259\u00e7ilik Akademiyas\u0131nda H\u00fcquq\u015f\u00fcnasl\u0131q ixtisas\u0131 \u00fczr\u0259 t\u0259hsil alan t\u0259l\u0259b\u0259l\u0259rin Bak\u0131 Apellyasiya M\u0259hk\u0259m\u0259sinin hakimi Fuad Tal\u0131\u015finski il\u0259 g\u00f6r\u00fc\u015f\u00fc ke\u00e7irilmi\u015fdir.<\/p>\n\n\n\n<p>\u201cT\u0259l\u0259b\u0259l\u0259rin sosial f\u0259aliyy\u0259tin\u0259 d\u0259st\u0259k bar\u0259d\u0259\u201d akademiya rektorunun 20 noyabr 2015-ci il tarixli \u0259mrini r\u0259hb\u0259r tutaraq D\u0130A-n\u0131n H\u00fcquq klubunun t\u0259\u015fkil etdiyi t\u0259dbirin m\u0259qs\u0259di t\u0259l\u0259b\u0259l\u0259rin bacar\u0131qlar\u0131n\u0131n artmas\u0131na, onlar\u0131n h\u00fcquq sah\u0259sind\u0259 praktik bilikl\u0259rinin y\u00fcks\u0259lm\u0259sin\u0259 xidm\u0259t edir.<\/p>\n\n\n\n<p>Apellyasiya m\u0259hk\u0259m\u0259sinin hakimi Fuad Tal\u0131\u015finski t\u0259l\u0259b\u0259l\u0259r qar\u015f\u0131s\u0131nda \u00e7\u0131x\u0131\u015f ed\u0259r\u0259k Az\u0259rbaycan Respublikas\u0131n\u0131n m\u0259hk\u0259m\u0259 sistemi, Bak\u0131 Apellyasiya M\u0259hk\u0259m\u0259si, onun \u0259razi yuridiksiyas\u0131, strukturu v\u0259 i\u015f prinsipi haqq\u0131nda, m\u0259hk\u0259m\u0259 prosesind\u0259 t\u0259l\u0259b\u0259l\u0259rin bilm\u0259si vacib olan prosedurlar bar\u0259d\u0259 geni\u015f m\u0259lumat verib. Daha sonra t\u0259l\u0259b\u0259l\u0259rin \u00e7oxsayl\u0131 suallar\u0131n\u0131 cavabland\u0131r\u0131b.<\/p>\n\n\n\n<p>Daha sonra g\u00f6r\u00fc\u015fd\u0259 \u201cD\u00f6vl\u0259t quruculu\u011fu v\u0259 h\u00fcquq\u201d kafedras\u0131n\u0131n m\u00fcdiri h.f.d. dos. F\u0259xr\u0259ddin Na\u011f\u0131yev \u00e7\u0131x\u0131\u015f ed\u0259r\u0259k Apellyasiya m\u0259hk\u0259m\u0259sinin hakim F.Tal\u0131\u015finskiy\u0259 t\u0259l\u0259b\u0259l\u0259rl\u0259 g\u00f6r\u00fc\u015f\u0259 g\u0259ldiyi v\u0259 onlar\u0131n suallar\u0131n\u0131 \u0259trafl\u0131 cavabland\u0131rd\u0131\u011f\u0131 \u00fc\u00e7\u00fcn ona t\u0259\u015f\u0259kk\u00fcr edib. O, H\u00fcquq\u015f\u00fcnasl\u0131q ixtisas\u0131 \u00fczr\u0259 t\u0259hsil alan t\u0259l\u0259b\u0259l\u0259rl\u0259 bu s\u0259pkili g\u00f6r\u00fc\u015fl\u0259rin ke\u00e7irilm\u0259sini g\u0259l\u0259c\u0259kd\u0259 onlar\u0131n pe\u015f\u0259kar h\u00fcquq\u015f\u00fcnas kimi formala\u015fma\u011f\u0131nda \u0259h\u0259miyy\u0259tli rol oynad\u0131\u011f\u0131n\u0131 qeyd edib. G\u00f6r\u00fc\u015fd\u0259 \u201cD\u00f6vl\u0259t quruculu\u011fu v\u0259 h\u00fcquq\u201d kafedras\u0131n\u0131n dosent \u0259v\u0259zi, h.f.d. Araz Q\u0259dim\u0259liyev, \u201cD\u00f6vl\u0259t idar\u0259\u00e7iliyinin h\u00fcquqi t\u0259minat\u0131\u201d kafedras\u0131n\u0131n dosenti, h.f.d. Asif Q\u0259dirov i\u015ftirak etmi\u015fl\u0259r.<\/p>\n\n\n\n<p><\/p>\n\n\n\n<figure class=\"wp-container-2 wp-block-gallery-1 wp-block-gallery columns-1 is-cropped\"><ul class=\"blocks-gallery-grid\"><li class=\"blocks-gallery-item\"><figure><img width=\"593\" height=\"273\" src=\"https:\/\/dia.edu.az\/wp-content\/uploads\/2021\/03\/FAX12.jpg\" alt=\"\" data-id=\"12834\" data-full-url=\"https:\/\/dia.edu.az\/wp-content\/uploads\/2021\/03\/FAX12.jpg\" data-link=\"https:\/\/dia.edu.az\/?attachment_id=12834\" class=\"wp-image-12834\" srcset=\"https:\/\/legacy.dia.edu.az\/wp-content\/uploads\/2021\/03\/FAX12.jpg 593w, https:\/\/legacy.dia.edu.az\/wp-content\/uploads\/2021\/03\/FAX12-300x138.jpg 300w, https:\/\/legacy.dia.edu.az\/wp-content\/uploads\/2021\/03\/FAX12-16x7.jpg 16w\" sizes=\"(max-width: 593px) 100vw, 593px\" \/><\/figure><\/li><\/ul><\/figure>","protected":false},"excerpt":{"rendered":"<p>D\u00f6vl\u0259t \u0130dar\u0259\u00e7ilik Akademiyas\u0131nda H\u00fcquq\u015f\u00fcnasl\u0131q ixtisas\u0131 \u00fczr\u0259 t\u0259hsil alan t\u0259l\u0259b\u0259l\u0259rin Bak\u0131 Apellyasiya M\u0259hk\u0259m\u0259sinin hakimi il\u0259 g\u00f6r\u00fc\u015f\u00fc ke\u00e7irilibDek 05 , 2015 &#8211; 10:51 Dekabr\u0131n 5-d\u0259 Az\u0259rbaycan Respublikas\u0131n\u0131n Prezidenti yan\u0131nda D\u00f6vl\u0259t \u0130dar\u0259\u00e7ilik Akademiyas\u0131nda H\u00fcquq\u015f\u00fcnasl\u0131q ixtisas\u0131 \u00fczr\u0259 t\u0259hsil alan t\u0259l\u0259b\u0259l\u0259rin Bak\u0131 Apellyasiya M\u0259hk\u0259m\u0259sinin hakimi Fuad Tal\u0131\u015finski il\u0259 g\u00f6r\u00fc\u015f\u00fc ke\u00e7irilmi\u015fdir. \u201cT\u0259l\u0259b\u0259l\u0259rin sosial f\u0259aliyy\u0259tin\u0259 d\u0259st\u0259k bar\u0259d\u0259\u201d akademiya rektorunun 20 noyabr 2015-ci [&hellip;]<\/p>","protected":false},"author":2,"featured_media":12834,"comment_status":"closed","ping_status":"closed","sticky":false,"template":"","format":"standard","meta":[],"categories":[137],"tags":[],"_links":{"self":[{"href":"https:\/\/legacy.dia.edu.az\/ru\/wp-json\/wp\/v2\/posts\/12833"}],"collection":[{"href":"https:\/\/legacy.dia.edu.az\/ru\/wp-json\/wp\/v2\/posts"}],"about":[{"href":"https:\/\/legacy.dia.edu.az\/ru\/wp-json\/wp\/v2\/types\/post"}],"author":[{"embeddable":true,"href":"https:\/\/legacy.dia.edu.az\/ru\/wp-json\/wp\/v2\/users\/2"}],"replies":[{"embeddable":true,"href":"https:\/\/legacy.dia.edu.az\/ru\/wp-json\/wp\/v2\/comments?post=12833"}],"version-history":[{"count":0,"href":"https:\/\/legacy.dia.edu.az\/ru\/wp-json\/wp\/v2\/posts\/12833\/revisions"}],"wp:featuredmedia":[{"embeddable":true,"href":"https:\/\/legacy.dia.edu.az\/ru\/wp-json\/wp\/v2\/media\/12834"}],"wp:attachment":[{"href":"https:\/\/legacy.dia.edu.az\/ru\/wp-json\/wp\/v2\/media?parent=12833"}],"wp:term":[{"taxonomy":"category","embeddable":true,"href":"https:\/\/legacy.dia.edu.az\/ru\/wp-json\/wp\/v2\/categories?post=12833"},{"taxonomy":"post_tag","embeddable":true,"href":"https:\/\/legacy.dia.edu.az\/ru\/wp-json\/wp\/v2\/tags?post=12833"}],"curies":[{"name":"wp","href":"https:\/\/api.w.org\/{rel}","templated":true}]}}