{"id":12825,"date":"2015-12-08T10:36:00","date_gmt":"2015-12-08T07:36:00","guid":{"rendered":"https:\/\/dia.edu.az\/?p=12825"},"modified":"2021-03-17T10:36:50","modified_gmt":"2021-03-17T07:36:50","slug":"dovl%c9%99t-idar%c9%99cilik-akademiyasinda-b%c9%99l%c9%99diyy%c9%99-idar%c9%99ciliyinin-aktual-probleml%c9%99ri-v%c9%99-dovl%c9%99t-qullugu-sistemi-v%c9%99-t%c9%99crub%c9%99","status":"publish","type":"post","link":"https:\/\/legacy.dia.edu.az\/ru\/arxivl\u0259r\/12825","title":{"rendered":"D\u00f6vl\u0259t \u0130dar\u0259\u00e7ilik Akademiyas\u0131nda \u201cB\u0259l\u0259diyy\u0259 idar\u0259\u00e7iliyinin aktual probleml\u0259ri\u201d v\u0259 \u201cD\u00f6vl\u0259t qullu\u011fu sistemi v\u0259 t\u0259cr\u00fcb\u0259\u201d istiqam\u0259tl\u0259ri \u00fczr\u0259 q\u0131sam\u00fcdd\u0259tli ixtisasart\u0131rma kurslar\u0131 ke\u00e7irilmi\u015fdir"},"content":{"rendered":"<p><strong>D\u00f6vl\u0259t \u0130dar\u0259\u00e7ilik Akademiyas\u0131nda \u201cB\u0259l\u0259diyy\u0259 idar\u0259\u00e7iliyinin aktual probleml\u0259ri\u201d v\u0259 \u201cD\u00f6vl\u0259t qullu\u011fu sistemi v\u0259 t\u0259cr\u00fcb\u0259\u201d istiqam\u0259tl\u0259ri \u00fczr\u0259 q\u0131sam\u00fcdd\u0259tli ixtisasart\u0131rma kurslar\u0131 ke\u00e7irilmi\u015fdir<\/strong><br><em>Dek 08 , 2015 &#8211; 03:15<\/em><\/p>\n\n\n\n<p>Az\u0259rbaycan Respublikas\u0131n\u0131n Prezidenti yan\u0131nda D\u00f6vl\u0259t \u0130dar\u0259\u00e7ilik Akademiyas\u0131nda \u201cB\u0259l\u0259diyy\u0259 idar\u0259\u00e7iliyinin aktual probleml\u0259ri\u201d v\u0259 \u201cD\u00f6vl\u0259t qullu\u011fu sistemi v\u0259 t\u0259cr\u00fcb\u0259\u201d istiqam\u0259tl\u0259ri \u00fczr\u0259 q\u0131sam\u00fcdd\u0259tli ixtisasart\u0131rma kurslar\u0131 ke\u00e7irilmi\u015fdir. Kurslara d\u00f6vl\u0259t hakimiyy\u0259tinin m\u0259rk\u0259zi, \u015f\u0259h\u0259r, rayon miqyasl\u0131 orqanlar\u0131n\u0131n, m\u00fcvafiq nazirlik, komit\u0259 v\u0259 idar\u0259l\u0259rinin r\u0259hb\u0259r i\u015f\u00e7il\u0259ri c\u0259lb olunmu\u015fdur.<\/p>\n\n\n\n<p>\u201cD\u00f6vl\u0259t qullu\u011fu sistemi v\u0259 t\u0259cr\u00fcb\u0259\u201d adl\u0131 kursda T\u00fcrkiy\u0259 v\u0259 Orta \u015e\u0259rq D\u00f6vl\u0259t \u0130dar\u0259\u00e7iliyi \u0130nstitutunun (TODA\u0130E) tan\u0131nm\u0131\u015f aliml\u0259ri v\u0259 T\u00fcrkiy\u0259 Respublikas\u0131n\u0131n m\u00fcvafiq nazirlikl\u0259rinin n\u00fcmay\u0259nd\u0259l\u0259ri m\u00fchazir\u0259\u00e7i qismind\u0259 i\u015ftirak etmi\u015fl\u0259r. Bu kursun \u0259sas m\u0259qs\u0259di d\u00f6vl\u0259t qulu\u011flu\u011fu sistemi-d\u00fcnya t\u0259cr\u00fcb\u0259si, sosial t\u0259minat v\u0259 \u00fcmumi m\u00fcqavil\u0259 h\u00fcquqlar\u0131, d\u00f6vl\u0259t qulluq\u00e7usunun pe\u015f\u0259 f\u0259aliyy\u0259tinin m\u0259n\u0259vi-\u0259xlaqi \u0259saslar\u0131, d\u00f6vl\u0259t qullu\u011funda protokol qaydalar\u0131n\u0131n rolu v\u0259 x\u00fcsusiyy\u0259tl\u0259ri, i\u015f\u0259 q\u0259bul v\u0259 v\u0259zif\u0259d\u0259 y\u00fcks\u0259lm\u0259 t\u0259cr\u00fcb\u0259l\u0259ri, d\u00f6vl\u0259t qullu\u011funda i\u015f vaxt\u0131n\u0131n idar\u0259 edilm\u0259si, n\u0259zar\u0259t sistemi v\u0259 m\u0259murlar\u0131n intizam m\u0259suliyy\u0259ti, D\u00f6vl\u0259t sektorunda insan resurslar\u0131n\u0131n idar\u0259 edilm\u0259si, d\u00f6vl\u0259t qulluq\u00e7usunun statusu v\u0259 sosial m\u00fcdafi\u0259si: reall\u0131qlar v\u0259 perspektivl\u0259r, d\u00f6vl\u0259t qullu\u011funda insan inki\u015faf\u0131 amili v\u0259 s. probleml\u0259rl\u0259 ba\u011fl\u0131 bilikl\u0259rin dinl\u0259yicil\u0259r\u0259 \u00e7atd\u0131r\u0131lmas\u0131 v\u0259 onlarla fikir m\u00fcbadil\u0259sinin apar\u0131lmas\u0131 idi.<\/p>\n\n\n\n<p>Kurs \u0259rzind\u0259 T\u00fcrkiy\u0259 v\u0259 Orta \u015e\u0259rq D\u00f6vl\u0259t \u0130dar\u0259\u00e7iyi \u0130nstitutunun (TODA\u0130E) rektoru prof. Onur Ender Aslan, T\u00fcrkiy\u0259 Respublikas\u0131n\u0131n m\u00fcxt\u0259lif m\u0259rk\u0259zi icra hakimiy\u0259ti orqanlar\u0131n\u0131, ali t\u0259hsil m\u00fc\u0259ssis\u0259l\u0259rini t\u0259msil ed\u0259n alim v\u0259 m\u00fct\u0259x\u0259sisl\u0259rd\u0259n Dr. Yavuz Selim Akko\u00e7, dr. S\u00fcha O\u011fuz Albayrak, \u015einasi Yurdakul, Do\u00e7.dr. Hasan Engin \u015eener v\u0259 ba\u015fqalar\u0131, Az\u0259rbaycan Respublikas\u0131 Milli M\u0259clisinin Sosial Siyas\u0259t komit\u0259sinin s\u0259dri Had\u0131 R\u0259c\u0259bli, D\u00f6vl\u0259t \u0130dar\u0259\u00e7ilik Akademiyas\u0131n\u0131n rektoru, akademik Urxan \u018fl\u0259kb\u0259rov, D\u00f6vl\u0259t \u0130dar\u0259\u00e7ilik Akademiyas\u0131n\u0131n I prorektoru \u018flikram Abdullayev, Az\u0259rbaycan Respublikas\u0131n\u0131n Prezidenti yan\u0131nda V\u0259t\u0259nda\u015flara Xidm\u0259t v\u0259 Sosial \u0130nnovasiyalar Agentliyinin T\u0259lim sektorunun m\u00fcdiri, dosent Naz\u0259nin H\u00fcseynova, D\u00f6vl\u0259t \u0130dar\u0259\u00e7ilik Akademiyas\u0131n\u0131n m\u00fc\u0259llimi Anar H\u0259s\u0259nov m\u00fcxt\u0259lif m\u00f6vzularda m\u00fchazir\u0259l\u0259rl\u0259 c\u0131x\u0131\u015f etmi\u015fl\u0259r.<\/p>\n\n\n\n<p>Eyni zamanda qeyd olunan kursla yana\u015f\u0131 \u201cB\u0259l\u0259diyy\u0259 idar\u0259\u00e7iliyinin aktual probleml\u0259ri\u201d istiqam\u0259ti \u00fczr\u0259 q\u0131sam\u00fcdd\u0259tli ixtisasart\u0131rma kursu ke\u00e7irilmi\u015fdir. Kursun \u0259sas m\u0259qs\u0259di yerli \u00f6z\u00fcn\u00fcidar\u0259etm\u0259nin qanunvericilik bazas\u0131 v\u0259 onun t\u0259kmill\u0259\u015fdirilm\u0259si istiqam\u0259tl\u0259ri, yerli \u00f6z\u00fcn\u00fcidar\u0259etm\u0259nin t\u0259\u015fkili aspektl\u0259ri, Az\u0259rbaycanda yerli \u00f6z\u00fcn\u00fcidar\u0259etm\u0259 inki\u015faf\u0131n\u0131n prioritet istiqam\u0259tl\u0259ri, b\u0259l\u0259diyy\u0259 t\u0259s\u0259rr\u00fcfat\u0131n\u0131n t\u0259\u015fkili v\u0259 idar\u0259olunmas\u0131, yerli idar\u0259etm\u0259nin davaml\u0131 inki\u015faf\u0131 v\u0259 ekoloji sivilizasiyada \u0259h\u0259miyy\u0259ti, b\u0259l\u0259diyy\u0259l\u0259rin h\u00fcquqlar\u0131n\u0131n m\u00fcdafi\u0259si istiqam\u0259tind\u0259 assosiasiyalar\u0131n rolu, b\u0259l\u0259diyy\u0259l\u0259rin inki\u015faf strategiyas\u0131n\u0131n haz\u0131rlanmas\u0131 v\u0259 realla\u015fd\u0131r\u0131lmas\u0131nda sosial t\u0259r\u0259fda\u015fl\u0131q sisteminin rolu v\u0259 \u0259h\u0259miyy\u0259ti v\u0259 s. probleml\u0259rl\u0259 ba\u011fl\u0131 bilikl\u0259rin dinl\u0259yicil\u0259r\u0259 \u00e7atd\u0131r\u0131lmas\u0131 v\u0259 onlarla fikir m\u00fcbadil\u0259sinin apar\u0131lmas\u0131 idi.<\/p>\n\n\n\n<p>Qeyd olunan kursda Az\u0259rbaycan Q\u0259s\u0259b\u0259 B\u0259l\u0259diyy\u0259l\u0259ri Milli Assosiasiyas\u0131n\u0131n icra katibi Tofiq H\u0259s\u0259nov, Milli M\u0259clisin Regional M\u0259s\u0259l\u0259l\u0259r Komit\u0259sinin \u00fczv\u00fc Tahir Rzayev, D\u00f6vl\u0259t \u0130dar\u0259\u00e7ilik Akademiyas\u0131n\u0131n rektoru, akademik Urxan \u018fl\u0259kb\u0259rov, \u018fdliyy\u0259 Nazirliyinin B\u0259l\u0259diyy\u0259l\u0259rl\u0259 \u0130\u015f M\u0259rk\u0259zinin \u0130nzibati N\u0259zar\u0259t idar\u0259sinin ba\u015f m\u0259sl\u0259h\u0259t\u00e7isi Qadir X\u0259lilov v\u0259 b. m\u00fcxt\u0259lif m\u00f6vzularda m\u00fchazir\u0259l\u0259rl\u0259 c\u0131x\u0131\u015f etmi\u015fl\u0259r.<\/p>\n\n\n\n<p>Kurslar\u0131n sonunda Az\u0259rbaycan Respublikas\u0131n\u0131n Prezidenti yan\u0131nda D\u00f6vl\u0259t \u0130dar\u0259\u00e7ilik Akademiyas\u0131nda dinl\u0259yicil\u0259rin burax\u0131l\u0131\u015f m\u0259rasimi ke\u00e7irilmi\u015fdir. Dinl\u0259yicil\u0259r\u0259 sertifikatlar t\u0259qdim edilmi\u015fdir.<\/p>\n\n\n\n<p><\/p>\n\n\n\n<figure class=\"wp-container-2 wp-block-gallery-1 wp-block-gallery columns-2 is-cropped\"><ul class=\"blocks-gallery-grid\"><li class=\"blocks-gallery-item\"><figure><img width=\"640\" height=\"424\" src=\"https:\/\/dia.edu.az\/wp-content\/uploads\/2021\/03\/AAA_14.jpg\" alt=\"\" data-id=\"12826\" data-full-url=\"https:\/\/dia.edu.az\/wp-content\/uploads\/2021\/03\/AAA_14.jpg\" data-link=\"https:\/\/dia.edu.az\/?attachment_id=12826\" class=\"wp-image-12826\" srcset=\"https:\/\/legacy.dia.edu.az\/wp-content\/uploads\/2021\/03\/AAA_14.jpg 640w, https:\/\/legacy.dia.edu.az\/wp-content\/uploads\/2021\/03\/AAA_14-300x199.jpg 300w, https:\/\/legacy.dia.edu.az\/wp-content\/uploads\/2021\/03\/AAA_14-16x12.jpg 16w, https:\/\/legacy.dia.edu.az\/wp-content\/uploads\/2021\/03\/AAA_14-150x100.jpg 150w, https:\/\/legacy.dia.edu.az\/wp-content\/uploads\/2021\/03\/AAA_14-300x199@2x.jpg 600w\" sizes=\"(max-width: 640px) 100vw, 640px\" \/><\/figure><\/li><li class=\"blocks-gallery-item\"><figure><img width=\"640\" height=\"424\" src=\"https:\/\/dia.edu.az\/wp-content\/uploads\/2021\/03\/todae-1.jpg\" alt=\"\" data-id=\"12827\" data-full-url=\"https:\/\/dia.edu.az\/wp-content\/uploads\/2021\/03\/todae-1.jpg\" data-link=\"https:\/\/dia.edu.az\/?attachment_id=12827\" class=\"wp-image-12827\" srcset=\"https:\/\/legacy.dia.edu.az\/wp-content\/uploads\/2021\/03\/todae-1.jpg 640w, https:\/\/legacy.dia.edu.az\/wp-content\/uploads\/2021\/03\/todae-1-300x199.jpg 300w, https:\/\/legacy.dia.edu.az\/wp-content\/uploads\/2021\/03\/todae-1-16x12.jpg 16w, https:\/\/legacy.dia.edu.az\/wp-content\/uploads\/2021\/03\/todae-1-150x100.jpg 150w, https:\/\/legacy.dia.edu.az\/wp-content\/uploads\/2021\/03\/todae-1-300x199@2x.jpg 600w\" sizes=\"(max-width: 640px) 100vw, 640px\" \/><\/figure><\/li><\/ul><\/figure>","protected":false},"excerpt":{"rendered":"<p>D\u00f6vl\u0259t \u0130dar\u0259\u00e7ilik Akademiyas\u0131nda \u201cB\u0259l\u0259diyy\u0259 idar\u0259\u00e7iliyinin aktual probleml\u0259ri\u201d v\u0259 \u201cD\u00f6vl\u0259t qullu\u011fu sistemi v\u0259 t\u0259cr\u00fcb\u0259\u201d istiqam\u0259tl\u0259ri \u00fczr\u0259 q\u0131sam\u00fcdd\u0259tli ixtisasart\u0131rma kurslar\u0131 ke\u00e7irilmi\u015fdirDek 08 , 2015 &#8211; 03:15 Az\u0259rbaycan Respublikas\u0131n\u0131n Prezidenti yan\u0131nda D\u00f6vl\u0259t \u0130dar\u0259\u00e7ilik Akademiyas\u0131nda \u201cB\u0259l\u0259diyy\u0259 idar\u0259\u00e7iliyinin aktual probleml\u0259ri\u201d v\u0259 \u201cD\u00f6vl\u0259t qullu\u011fu sistemi v\u0259 t\u0259cr\u00fcb\u0259\u201d istiqam\u0259tl\u0259ri \u00fczr\u0259 q\u0131sam\u00fcdd\u0259tli ixtisasart\u0131rma kurslar\u0131 ke\u00e7irilmi\u015fdir. Kurslara d\u00f6vl\u0259t hakimiyy\u0259tinin m\u0259rk\u0259zi, \u015f\u0259h\u0259r, rayon miqyasl\u0131 orqanlar\u0131n\u0131n, [&hellip;]<\/p>","protected":false},"author":2,"featured_media":12826,"comment_status":"closed","ping_status":"closed","sticky":false,"template":"","format":"standard","meta":[],"categories":[137],"tags":[],"_links":{"self":[{"href":"https:\/\/legacy.dia.edu.az\/ru\/wp-json\/wp\/v2\/posts\/12825"}],"collection":[{"href":"https:\/\/legacy.dia.edu.az\/ru\/wp-json\/wp\/v2\/posts"}],"about":[{"href":"https:\/\/legacy.dia.edu.az\/ru\/wp-json\/wp\/v2\/types\/post"}],"author":[{"embeddable":true,"href":"https:\/\/legacy.dia.edu.az\/ru\/wp-json\/wp\/v2\/users\/2"}],"replies":[{"embeddable":true,"href":"https:\/\/legacy.dia.edu.az\/ru\/wp-json\/wp\/v2\/comments?post=12825"}],"version-history":[{"count":0,"href":"https:\/\/legacy.dia.edu.az\/ru\/wp-json\/wp\/v2\/posts\/12825\/revisions"}],"wp:featuredmedia":[{"embeddable":true,"href":"https:\/\/legacy.dia.edu.az\/ru\/wp-json\/wp\/v2\/media\/12826"}],"wp:attachment":[{"href":"https:\/\/legacy.dia.edu.az\/ru\/wp-json\/wp\/v2\/media?parent=12825"}],"wp:term":[{"taxonomy":"category","embeddable":true,"href":"https:\/\/legacy.dia.edu.az\/ru\/wp-json\/wp\/v2\/categories?post=12825"},{"taxonomy":"post_tag","embeddable":true,"href":"https:\/\/legacy.dia.edu.az\/ru\/wp-json\/wp\/v2\/tags?post=12825"}],"curies":[{"name":"wp","href":"https:\/\/api.w.org\/{rel}","templated":true}]}}